{"id":5783,"date":"2009-01-01T18:09:35","date_gmt":"2009-01-01T17:09:35","guid":{"rendered":"http:\/\/kulturbloggen.com\/?p=5783"},"modified":"2009-01-01T18:09:35","modified_gmt":"2009-01-01T17:09:35","slug":"jan-malmsjo-om-chefers-bonusar-det-har-eskalerat-till-forfang-for-arbetarna-som-nu-mister-sina-jobb","status":"publish","type":"post","link":"https:\/\/kulturbloggen.com\/?p=5783","title":{"rendered":"Jan Malmsj\u00f6 om chefers bonusar:  &#8221;Det har eskalerat till f\u00f6rf\u00e5ng f\u00f6r arbetarna som nu mister sina jobb&#8221;"},"content":{"rendered":"<p><img loading=\"lazy\" decoding=\"async\" src=\"http:\/\/sodergren.com\/kulturbloggen\/wp-content\/uploads\/2009\/01\/janmalmsjo125.jpg\" alt=\"janmalmsjo125\" title=\"janmalmsjo125\" width=\"125\" height=\"250\" class=\"alignright size-full wp-image-5785\" \/>Jan Malmsj\u00f6 som har de traditionsfyllda uppdraget att l\u00e4sa in det nya \u00e5ret p\u00e5 Skansen t\u00e4nkte ta upp or\u00e4ttvisorna i samh\u00e4llet i den ber\u00f6mda nyhetsdikten. <a href=\"http:\/\/www.aftonbladet.se\/nojesbladet\/article4099681.ab\">Aftonbladet har pratat med Jan Malmsj\u00f6<\/a>:<\/p>\n<blockquote><p>\u2013 Jag hade t\u00e4nkt l\u00e4sa: \u201dRing balans mellan bonusrik och arm\u201d. Det d\u00e4r med bonusrika. Det har eskalerat till f\u00f6rf\u00e5ng f\u00f6r arbetarna som nu mister sina jobb, s\u00e4ger han.<\/p><\/blockquote>\n<p>Den som f\u00f6ljt den svenska bloggv\u00e4rlden kring jul och ny\u00e5r vet att Sveriges viktigaste bloggare Blondinbella (utsett till detta enligt Twinglys rankingsystem)  kallade Tage Danielsson f\u00f6r &#8221;extrem socialist&#8221;. Blondinbella likst\u00e4llde budskapet i  Danielssons film om Karl-Bertil Jonssons julafton med AFA:s v\u00e5ldsideologi. (Jag ber\u00e4ttade om det h\u00e4r.) S\u00e5 nu g\u00e5r jag ju och v\u00e4ntar p\u00e5 att Blondinbella ska ryta till om Jan Malmsj\u00f6 och utpeka honom som en kommunist.<\/p>\n<p>Blondinbella \u00e4r f\u00f6rresten p\u00e5 l\u00f6psedlarna igen, f\u00f6r hon har poserat med bilder d\u00e4r hon b\u00e4r d\u00f6da djur (allts\u00e5 p\u00e4ls). <a href=\"http:\/\/aftonbladet.se\/nojesbladet\/article4095533.ab\">Djurv\u00e4nner \u00e4r uppr\u00f6rda<\/a>. Jag tycker sj\u00e4lv, f\u00f6rst\u00e5s, att det \u00e4r osmakligt att g\u00e5 kl\u00e4dd i p\u00e4ls, eftersom jag inte tycker att man ska d\u00f6da djur. D\u00e4rf\u00f6r \u00e4r jag vegetarian. Men \u00e5 andra sidan: det h\u00e4nder att jag har skor p\u00e5 mig som \u00e4r gjord av l\u00e4der. Inte ofta, med det h\u00e4nder. S\u00e5 det \u00e4r v\u00e4ldigt l\u00e4tt att ha synpunkter p\u00e5 andra &#8211; men det g\u00e4ller att se p\u00e5 sig sj\u00e4lv ocks\u00e5.<\/p>\n<p>Visst: principiellt tycker jag det \u00e4r fel b\u00e5de att \u00e4ta k\u00f6tt och ha p\u00e4ls, men Blondinbella har v\u00e4l aldrig sagt att hon \u00e4r vare sig vegetarian eller bryr sig om dessa fr\u00e5gor, s\u00e5 det finns ingen anledning att f\u00f6rv\u00e4nta sig av henne att inte ha p\u00e4ls.<\/p>\n<p>Jag har \u00e4gnat eftermiddagen lite \u00e5t att j\u00e4mf\u00f6ra med vad bes\u00f6kare p\u00e5 Aftonbladets sajt framf\u00f6r allt l\u00e4ser med vad <a href=\"http:\/\/www.dn.se\/DNet\/jsp\/polopoly.jsp?d=147&amp;a=869338\">bes\u00f6kare p\u00e5 DN:se l\u00e4ser<\/a>.<br \/>\n<a href=\"http:\/\/www.aftonbladet.se\/nyheter\/article4102359.ab\">Mest l\u00e4st p\u00e5 Aftonbladet<\/a> under 2008 var <a href=\"http:\/\/www.aftonbladet.se\/nyheter\/engla\/article2248365.ab\">Anders Eklunds erk\u00e4nnande.<\/a> Nummer tv\u00e5 det vidriga reportaget om <a href=\"http:\/\/www.aftonbladet.se\/nyheter\/article2360686.ab\">den \u00f6sterrikiska familjen Fritzls k\u00e4llarf\u00e4ngelse.<\/a><\/p>\n<p>I DN d\u00e4remot:<\/p>\n<blockquote><p><span class=\"text\"><span class=\"artindrag\">I h\u00f6stas bel\u00f6nades<\/span> Fredrik Strage med stora journalistpriset. DN.se:s l\u00e4sare f\u00f6rst\u00e5r varf\u00f6r. Strages lista med de st\u00f6rsta rock\u00f6gonblicken p\u00e5 <a href=\"http:\/\/www.pastan.nu\/bloggen\/#cat=10&amp;\" target=\"-blank\">Youtube<\/a> var mest l\u00e4st av alla artiklar p\u00e5 DN.se under det g\u00e5ngna \u00e5ret. (Sedan i v\u00e5ras huserar Fredrik Strages Youtubiana p\u00e5 <a href=\"http:\/\/www.pastan.nu\/\" target=\"-blank\">pastan.nu<\/a>.)<\/p>\n<p>En annan h\u00f6jdare som ocks\u00e5 sl\u00e5r sig in p\u00e5 l\u00e4sartoppen utspelade sig under sommarens OS i Peking, d\u00e5 Stefan Holm deltog i en rafflande final. L\u00e4s mer p\u00e5 <a href=\"http:\/\/www.dn.se\/DNet\/jsp\/polopoly.jsp?d=3175\" target=\"-blank\">OS-sajten<\/a>.<\/span><\/p><\/blockquote>\n<p>Om det s\u00e4ger n\u00e5got om respektive tidnings bes\u00f6kare eller redaktionens inriktning, tja det f\u00e5r v\u00e4l var och en best\u00e4mma. Det \u00e4r v\u00e4l en kombination. Till Aftonbladet g\u00e5r bes\u00f6kare f\u00f6r att l\u00e4sa om hemska brott och till DN klickar man sig f\u00f6r att f\u00e5 l\u00e4sa om DN:s medarbetare. Och s\u00e5 \u00e4r DN bra p\u00e5 att rapportera direkt om sport. Kanske.<\/p>\n<p><a href=\"http:\/\/www.skp.se\/blogg\/2009\/01\/01\/nyarsattacken-stoppades\/\">Kommunisternas blogg <\/a>har ocks\u00e5 tagit upp Malmsj\u00f6s planer p\u00e5 till\u00e4gg till ny\u00e5rsdikten.<\/p>\n<p>Andra bloggar som tagit upp Blondinbellas p\u00e4lsbr\u00e5k: <a href=\"http:\/\/wadstrom.blogspot.com\/2009\/01\/nu-lyssnar-reinfeldt-p-din-telefon.html\">Bj\u00f6rn Wadstr\u00f6m<\/a>, <a href=\"http:\/\/agilitydream.blogg.se\/2009\/january\/djuraktivisters-dubbelmoral.html\">Agility Dream<\/a>, <a href=\"http:\/\/triloger.se\/wp\/2009\/01\/01\/styrstavar-till-blondinbella\/\">Trilog<\/a>, <a href=\"http:\/\/www.metrobloggen.se\/jsp\/public\/permalink.jsp?article=19.6405539\">JJ.n<\/a>, <a href=\"http:\/\/alexanderchamberland.blogspot.com\/2008\/12\/jag-och-ngra-andra-djurvnner-till.html\">R\u00f6da pillret<\/a> och <a href=\"http:\/\/pysan.wordpress.com\/2009\/01\/01\/nu-ska-man-lara-sig-att-skriva-2009\/\">Pysans tankar. <\/a><\/p>\n<p>Gammelmediarelaterade l\u00e4nkar:<br \/>\n<a href=\"http:\/\/www.dn.se\/DNet\/jsp\/polopoly.jsp?d=147&#038;a=869343\">DN1<\/a> och <a href=\"http:\/\/www.dn.se\/DNet\/jsp\/polopoly.jsp?d=3561&#038;a=864997\">DN2<\/a>.<\/p>\n<p><img loading=\"lazy\" decoding=\"async\" src=\"http:\/\/sodergren.com\/kulturbloggen\/wp-content\/uploads\/2009\/01\/malmsjo260.jpg\" alt=\"malmsjo260\" title=\"malmsjo260\" width=\"260\" height=\"150\" class=\"alignright size-full wp-image-5787\" \/><\/p>\n<p>Andra bloggar om: <a href=\"http:\/\/bloggar.se\/om\/medier\" rel=\"tag\">medier<\/a>, <a href=\"http:\/\/bloggar.se\/om\/2008\" rel=\"tag\">2008<\/a>, <a href=\"http:\/\/bloggar.se\/om\/gammelmedia\" rel=\"tag\">gammelmedia<\/a>, <a href=\"http:\/\/bloggar.se\/om\/brott\" rel=\"tag\">brott<\/a>, <a href=\"http:\/\/bloggar.se\/om\/sport\" rel=\"tag\">sport<\/a>, <a href=\"http:\/\/bloggar.se\/om\/Blondinbella\" rel=\"tag\">Blondinbella<\/a>, <a href=\"http:\/\/bloggar.se\/om\/mediekritik\" rel=\"tag\">mediekritik<\/a>, <a href=\"http:\/\/bloggar.se\/om\/kultur\" rel=\"tag\">kultur<\/a>, <a href=\"http:\/\/bloggar.se\/om\/journalistik\" rel=\"tag\">journalistik<\/a>, <a href=\"http:\/\/bloggar.se\/om\/journalism\" rel=\"tag\">journalism<\/a>, <a href=\"http:\/\/bloggar.se\/om\/journalister\" rel=\"tag\">journalister<\/a>, <a href=\"http:\/\/bloggar.se\/om\/Anders+Eklund\" rel=\"tag\">Anders Eklund<\/a>, <a href=\"http:\/\/bloggar.se\/om\/brott\" rel=\"tag\">brott<\/a><\/p>\n","protected":false},"excerpt":{"rendered":"<p>Jan Malmsj\u00f6 som har de traditionsfyllda uppdraget att l\u00e4sa in det nya \u00e5ret p\u00e5 Skansen t\u00e4nkte ta upp or\u00e4ttvisorna i samh\u00e4llet i den ber\u00f6mda nyhetsdikten. Aftonbladet har pratat med Jan Malmsj\u00f6: \u2013 Jag hade t\u00e4nkt l\u00e4sa: \u201dRing balans mellan bonusrik och arm\u201d. Det d\u00e4r med bonusrika. Det har eskalerat till f\u00f6rf\u00e5ng f\u00f6r arbetarna som nu [&hellip;]<\/p>\n","protected":false},"author":2,"featured_media":0,"comment_status":"open","ping_status":"open","sticky":false,"template":"","format":"standard","meta":{"_genesis_hide_title":false,"_genesis_hide_breadcrumbs":false,"_genesis_hide_singular_image":false,"_genesis_hide_footer_widgets":false,"_genesis_custom_body_class":"","_genesis_custom_post_class":"","_genesis_layout":"","footnotes":""},"categories":[62],"tags":[95,861,1959,3582,27],"class_list":{"0":"post-5783","1":"post","2":"type-post","3":"status-publish","4":"format-standard","6":"category-medie-och-kulturpolitik","7":"tag-95","8":"tag-brott","9":"tag-gammelmedia","10":"tag-medier","11":"tag-sport","12":"entry"},"_links":{"self":[{"href":"https:\/\/kulturbloggen.com\/index.php?rest_route=\/wp\/v2\/posts\/5783","targetHints":{"allow":["GET"]}}],"collection":[{"href":"https:\/\/kulturbloggen.com\/index.php?rest_route=\/wp\/v2\/posts"}],"about":[{"href":"https:\/\/kulturbloggen.com\/index.php?rest_route=\/wp\/v2\/types\/post"}],"author":[{"embeddable":true,"href":"https:\/\/kulturbloggen.com\/index.php?rest_route=\/wp\/v2\/users\/2"}],"replies":[{"embeddable":true,"href":"https:\/\/kulturbloggen.com\/index.php?rest_route=%2Fwp%2Fv2%2Fcomments&post=5783"}],"version-history":[{"count":0,"href":"https:\/\/kulturbloggen.com\/index.php?rest_route=\/wp\/v2\/posts\/5783\/revisions"}],"wp:attachment":[{"href":"https:\/\/kulturbloggen.com\/index.php?rest_route=%2Fwp%2Fv2%2Fmedia&parent=5783"}],"wp:term":[{"taxonomy":"category","embeddable":true,"href":"https:\/\/kulturbloggen.com\/index.php?rest_route=%2Fwp%2Fv2%2Fcategories&post=5783"},{"taxonomy":"post_tag","embeddable":true,"href":"https:\/\/kulturbloggen.com\/index.php?rest_route=%2Fwp%2Fv2%2Ftags&post=5783"}],"curies":[{"name":"wp","href":"https:\/\/api.w.org\/{rel}","templated":true}]}}