{"id":57745,"date":"2012-07-19T10:45:22","date_gmt":"2012-07-19T08:45:22","guid":{"rendered":"http:\/\/kulturbloggen.com\/?p=57745"},"modified":"2012-07-19T19:23:24","modified_gmt":"2012-07-19T17:23:24","slug":"arets-operapremiar-i-vadstena-en-donizettiopera-enrico-di-borgogna-som-inte-har-getts-sedan-1818","status":"publish","type":"post","link":"https:\/\/kulturbloggen.com\/?p=57745","title":{"rendered":"\u00c5rets operapremi\u00e4r i Vadstena &#8211; en Donizettiopera &#8211; Enrico di Borgogna som inte har getts sedan 1818"},"content":{"rendered":"<p>&nbsp;<\/p>\n<p><a href=\"http:\/\/kulturbloggen.com\/wp-content\/uploads\/2012\/07\/enricovadstenamarkusgarder.jpg\"><img loading=\"lazy\" decoding=\"async\" class=\"alignleft size-medium wp-image-57778\" src=\"http:\/\/kulturbloggen.com\/wp-content\/uploads\/2012\/07\/enricovadstenamarkusgarder-300x200.jpg\" alt=\"\" width=\"300\" height=\"200\" srcset=\"https:\/\/kulturbloggen.com\/wp-content\/uploads\/2012\/07\/enricovadstenamarkusgarder-300x200.jpg 300w, https:\/\/kulturbloggen.com\/wp-content\/uploads\/2012\/07\/enricovadstenamarkusgarder-1024x682.jpg 1024w, https:\/\/kulturbloggen.com\/wp-content\/uploads\/2012\/07\/enricovadstenamarkusgarder-200x133.jpg 200w, https:\/\/kulturbloggen.com\/wp-content\/uploads\/2012\/07\/enricovadstenamarkusgarder-175x116.jpg 175w, https:\/\/kulturbloggen.com\/wp-content\/uploads\/2012\/07\/enricovadstenamarkusgarder-344x230.jpg 344w, https:\/\/kulturbloggen.com\/wp-content\/uploads\/2012\/07\/enricovadstenamarkusgarder-97x65.jpg 97w, https:\/\/kulturbloggen.com\/wp-content\/uploads\/2012\/07\/enricovadstenamarkusgarder-80x53.jpg 80w, https:\/\/kulturbloggen.com\/wp-content\/uploads\/2012\/07\/enricovadstenamarkusgarder-150x100.jpg 150w, https:\/\/kulturbloggen.com\/wp-content\/uploads\/2012\/07\/enricovadstenamarkusgarder-590x393.jpg 590w, https:\/\/kulturbloggen.com\/wp-content\/uploads\/2012\/07\/enricovadstenamarkusgarder-920x613.jpg 920w\" sizes=\"auto, (max-width: 300px) 100vw, 300px\" \/><\/a>Operapremi\u00e4r p\u00e5 Vadstena slott<\/p>\n<p>20 juli \u00a0t o m 7 augusti 2012<\/p>\n<p>Enrico di Borgogna<\/p>\n<p>Musik: Gaetano Donizetti<\/p>\n<p>Libretto<strong>:\u00a0<\/strong>Bartolomeo Merelli<\/p>\n<p>Dirigent<strong>:\u00a0<\/strong>Olof Boman<\/p>\n<p>Regi<strong>:<\/strong>\u00a0Clara Sv\u00e4rd<\/p>\n<p>Foto: Markus G\u00e5rder<\/p>\n<p><em>Enrico di Borgogna<\/em>\u00a0\u00e4r Gaetano Donizettis\u00a0<em><\/em>f\u00f6rsta best\u00e4llningsverk. Donizetti var 21 \u00e5r gammal d\u00e5 operan hade urpremi\u00e4r 1818 p\u00e5 Teatro San Luca i Venedig. Sedan dess har\u00a0<em>Enrico di Borgogna<\/em>\u00a0inte spelats. I sommar blir det \u00e5tta blivande operastj\u00e4rnors uppgift att under ledning av Bel-canto-experten Peter Berne gestalta Enrico, den \u00e4lskv\u00e4rda Elisa och m\u00e5nga fler i denna italienska hj\u00e4lteopera. I \u00e5r \u00e4r ensemblen mer internationell \u00e4n vanligt med solister fr\u00e5n Tyskland och Sverige.<\/p>\n<p><strong><em>Handlingen<\/em><\/strong><\/p>\n<p><em>Enrico di Borgogna<\/em>\u00a0\u00e4r en s.k. hj\u00e4lte-opera, eller\u00a0<em>Opera Eroica<\/em>\u00a0och handlar om den unge Enrico som lever ett enkelt liv p\u00e5 landet. Han f\u00e5r reda p\u00e5 att han egentligen \u00e4r tronarvinge \u00a0\u2013 hans far var kung och blev m\u00f6rdad n\u00e4r Enrico var ett sp\u00e4dbarn. Enrico f\u00f6rdes i s\u00e4kerhet och v\u00e4xer ovetandes om sin b\u00f6rd upp med en fosterfar.<\/p>\n<p>Enrico f\u00e5r veta sanningen n\u00e4r operan tar sin b\u00f6rjan. Handlingen kretsar kring Enricos v\u00e4g till tronen. I ber\u00e4ttelsen finns naturligtvis ocks\u00e5 k\u00e4rlek \u2013 b\u00e5de Guido, som or\u00e4ttm\u00e4tigt sitter p\u00e5 tronen, och Enrico \u00e4lskar Elisa och b\u00e5da k\u00e4mpar om hennes gunst.<br \/>\n<strong>Produktionsteam<\/strong><\/p>\n<p>Dirigent:\u00a0Olof Boman.<br \/>\nRegi:\u00a0Clara Sv\u00e4rd.<br \/>\nScenografi:\u00a0Clive Leaver.<br \/>\nKostym:\u00a0Anna Kjellsdotter.<br \/>\nLjuss\u00e4ttare:\u00a0Jimmy Str\u00f6m.<br \/>\nMaskdesign:\u00a0Katrin Wahlberg.<br \/>\nEdition:\u00a0Anders Wiklund.<strong><br \/>\n<\/strong><strong><br \/>\n<\/strong><strong><br \/>\n<\/strong><strong>Medverkande<\/strong><\/p>\n<p>Enrico &#8211; Kinga Dobay (mezzosopran)<\/p>\n<p>Pietro &#8211; Markus Pettersson (tenor)<br \/>\nElisa &#8211; Rebecca Rasmussen (sopran)<\/p>\n<p>Guido &#8211; Thomas Volle (tenor)<\/p>\n<p>Gilberto &#8211; Christian Oldenburg (baryton)<\/p>\n<p>Brunone &#8211; Ludvig Lindstr\u00f6m (bas-baryton)<\/p>\n<p>Nicola &#8211; Peter Nyqvist (tenor)<\/p>\n<p>Geltrude &#8211; Christina Nilsson (sopran)<\/p>\n<p><a href=\"http:\/\/www.vadstena-akademien.org\/?pid=14f22a3f011cc7&amp;lang_id=sv\">Du kan l\u00e4sa mer om f\u00f6rest\u00e4llningen p\u00e5 Vadstena-Akademiens hemsida<\/a><\/p>\n","protected":false},"excerpt":{"rendered":"<p>&nbsp; Operapremi\u00e4r p\u00e5 Vadstena slott 20 juli \u00a0t o m 7 augusti 2012 Enrico di Borgogna Musik: Gaetano Donizetti Libretto:\u00a0Bartolomeo Merelli Dirigent:\u00a0Olof Boman Regi:\u00a0Clara Sv\u00e4rd Foto: Markus G\u00e5rder Enrico di Borgogna\u00a0\u00e4r Gaetano Donizettis\u00a0f\u00f6rsta best\u00e4llningsverk. Donizetti var 21 \u00e5r gammal d\u00e5 operan hade urpremi\u00e4r 1818 p\u00e5 Teatro San Luca i Venedig. Sedan dess har\u00a0Enrico di Borgogna\u00a0inte [&hellip;]<\/p>\n","protected":false},"author":13,"featured_media":0,"comment_status":"open","ping_status":"open","sticky":false,"template":"","format":"standard","meta":{"_genesis_hide_title":false,"_genesis_hide_breadcrumbs":false,"_genesis_hide_singular_image":false,"_genesis_hide_footer_widgets":false,"_genesis_custom_body_class":"","_genesis_custom_post_class":"","_genesis_layout":"","footnotes":""},"categories":[20],"tags":[8374,7078],"class_list":{"0":"post-57745","1":"post","2":"type-post","3":"status-publish","4":"format-standard","6":"category-film","7":"tag-donizettiopera","8":"tag-enrico-di-borgogna","9":"entry"},"_links":{"self":[{"href":"https:\/\/kulturbloggen.com\/index.php?rest_route=\/wp\/v2\/posts\/57745","targetHints":{"allow":["GET"]}}],"collection":[{"href":"https:\/\/kulturbloggen.com\/index.php?rest_route=\/wp\/v2\/posts"}],"about":[{"href":"https:\/\/kulturbloggen.com\/index.php?rest_route=\/wp\/v2\/types\/post"}],"author":[{"embeddable":true,"href":"https:\/\/kulturbloggen.com\/index.php?rest_route=\/wp\/v2\/users\/13"}],"replies":[{"embeddable":true,"href":"https:\/\/kulturbloggen.com\/index.php?rest_route=%2Fwp%2Fv2%2Fcomments&post=57745"}],"version-history":[{"count":3,"href":"https:\/\/kulturbloggen.com\/index.php?rest_route=\/wp\/v2\/posts\/57745\/revisions"}],"predecessor-version":[{"id":57779,"href":"https:\/\/kulturbloggen.com\/index.php?rest_route=\/wp\/v2\/posts\/57745\/revisions\/57779"}],"wp:attachment":[{"href":"https:\/\/kulturbloggen.com\/index.php?rest_route=%2Fwp%2Fv2%2Fmedia&parent=57745"}],"wp:term":[{"taxonomy":"category","embeddable":true,"href":"https:\/\/kulturbloggen.com\/index.php?rest_route=%2Fwp%2Fv2%2Fcategories&post=57745"},{"taxonomy":"post_tag","embeddable":true,"href":"https:\/\/kulturbloggen.com\/index.php?rest_route=%2Fwp%2Fv2%2Ftags&post=57745"}],"curies":[{"name":"wp","href":"https:\/\/api.w.org\/{rel}","templated":true}]}}