{"id":57668,"date":"2012-07-17T19:43:42","date_gmt":"2012-07-17T17:43:42","guid":{"rendered":"http:\/\/kulturbloggen.com\/?p=57668"},"modified":"2012-07-17T19:45:40","modified_gmt":"2012-07-17T17:45:40","slug":"far-det-lov-att-vara-en-novell-till-kaffet-noveller-i-fickformat","status":"publish","type":"post","link":"https:\/\/kulturbloggen.com\/?p=57668","title":{"rendered":"F\u00e5r det lov att vara en novell till kaffet? Noveller i fickformat"},"content":{"rendered":"<p>Titel: <a href=\"http:\/\/www.adlibris.com\/se\/product.aspx?isbn=9186847481\" target=\"_blank\">Tiden<\/a>, <a href=\"http:\/\/www.adlibris.com\/se\/product.aspx?isbn=918684749X\" target=\"_blank\">Om himlen sm\u00e4lter<\/a>, <a href=\"http:\/\/www.adlibris.com\/se\/product.aspx?isbn=9186847465\" target=\"_blank\">Innan allt har blommat ut<\/a>, <a href=\"http:\/\/www.adlibris.com\/se\/product.aspx?isbn=9186847473\" target=\"_blank\">Migr\u00e4n<\/a><br \/>\nF\u00f6rfattare: Maria K\u00fcchen, Hassan Loo Sattarvandi, Inger Frimansson, Arne Dahl<br \/>\nF\u00f6rlag: Novellix<br \/>\nUtgivna: 201206<br \/>\nOmslag: Teresa &amp; David<br \/>\nISBN: 978-91-86847-48-7, 978-91-86847-49-4, 978-91-86847-46-3, 978-91-86847-47-0<\/p>\n<p><a href=\"http:\/\/kulturbloggen.com\/wp-content\/uploads\/2012\/07\/Noveller_4.jpg\"><img loading=\"lazy\" decoding=\"async\" class=\"alignright  wp-image-57681\" title=\"Noveller_4\" src=\"http:\/\/kulturbloggen.com\/wp-content\/uploads\/2012\/07\/Noveller_4.jpg\" alt=\"\" width=\"120\" height=\"170\" srcset=\"https:\/\/kulturbloggen.com\/wp-content\/uploads\/2012\/07\/Noveller_4.jpg 200w, https:\/\/kulturbloggen.com\/wp-content\/uploads\/2012\/07\/Noveller_4-158x225.jpg 158w, https:\/\/kulturbloggen.com\/wp-content\/uploads\/2012\/07\/Noveller_4-105x150.jpg 105w, https:\/\/kulturbloggen.com\/wp-content\/uploads\/2012\/07\/Noveller_4-161x230.jpg 161w, https:\/\/kulturbloggen.com\/wp-content\/uploads\/2012\/07\/Noveller_4-45x65.jpg 45w, https:\/\/kulturbloggen.com\/wp-content\/uploads\/2012\/07\/Noveller_4-56x80.jpg 56w\" sizes=\"auto, (max-width: 120px) 100vw, 120px\" \/><\/a><\/p>\n<p>F\u00f6rlaget Novellix har specialiserat sig p\u00e5 att publicera noveller styckevis f\u00f6r den stressade nutidsm\u00e4nniskan, ungef\u00e4r trettio sidor som ryms i handv\u00e4skan. De fyra novellerna som kom i juni \u00e4r riktigt f\u00e4rgglada praliner. Det \u00e4r grafiskt 50\u201360-tal och det kanske aptitligaste omslaget \u00e4r Maria K\u00fcchens novell Tiden i orange, gult och rosa. Tiden \u00e4r ocks\u00e5 den ber\u00e4ttelse som jag tycker \u00e4r den mest djuplodande. H\u00e4r f\u00e5r vi m\u00f6ta H\u00e5kan och hans tankar om livet och hur det blev. Det \u00e4r en inre monolog d\u00e4r glimtar ur H\u00e5kans vardagsliv varvas med det f\u00f6rflutna medan han sitter i korgstolen ute p\u00e5 landet. H\u00e5kan b\u00e4r p\u00e5 en skuld.<\/p>\n<p>Om himlen sm\u00e4lter av Hassan Loo Sattarvandi skrevs ursprungligen f\u00f6r Sveriges Radio och s\u00e4ndes i april. Det \u00e4r en v\u00e4lskriven novell om den unge mannen Caspian. Den ber\u00e4ttar om Caspians k\u00e4rlekshistoria, men \u00e4ven om f\u00f6rfattaren Claude Gustave Rouxi\u00e9re som sitter i skyttegraven och dr\u00f6mmer om sin \u00e4lskade. Om himlens sm\u00e4lter handlar om krig och k\u00e4rlek och om en far som flytt sitt hemland. En intressant, men n\u00e5got r\u00f6rig novell.<\/p>\n<p><a href=\"http:\/\/kulturbloggen.com\/wp-content\/uploads\/2012\/07\/Noveller_3.jpg\"><img loading=\"lazy\" decoding=\"async\" class=\"alignright  wp-image-57680\" title=\"Noveller_3\" src=\"http:\/\/kulturbloggen.com\/wp-content\/uploads\/2012\/07\/Noveller_3.jpg\" alt=\"\" width=\"120\" height=\"171\" srcset=\"https:\/\/kulturbloggen.com\/wp-content\/uploads\/2012\/07\/Noveller_3.jpg 200w, https:\/\/kulturbloggen.com\/wp-content\/uploads\/2012\/07\/Noveller_3-157x225.jpg 157w, https:\/\/kulturbloggen.com\/wp-content\/uploads\/2012\/07\/Noveller_3-105x150.jpg 105w, https:\/\/kulturbloggen.com\/wp-content\/uploads\/2012\/07\/Noveller_3-161x230.jpg 161w, https:\/\/kulturbloggen.com\/wp-content\/uploads\/2012\/07\/Noveller_3-45x65.jpg 45w, https:\/\/kulturbloggen.com\/wp-content\/uploads\/2012\/07\/Noveller_3-56x80.jpg 56w\" sizes=\"auto, (max-width: 120px) 100vw, 120px\" \/><\/a><\/p>\n<p>Inger Frimanssons Innan allt har blommat ut \u00e4r d\u00e4remot en okomplicerad och ganska ytlig historia. Huvudpersonen Claire \u00e5ker till Thailand med sin syster Barbara. Claire \u00e4r skild, men har en gift \u00e4lskare. Systern Barbara \u00e4r ocks\u00e5 otrogen. Titeln syftar antagligen p\u00e5 Claires utseende och hennes f\u00f6rm\u00e5ga att fortfarande kunna attrahera m\u00e4n.<\/p>\n<p>Migr\u00e4n av Arne Dahl \u00e4r till synes en kriminalhistoria &#8211; ber\u00e4ttad av en person som har en migr\u00e4nattack. Ett r\u00e5n utf\u00f6rs och det hela \u00e4r v\u00e4ldigt expressivt. Det skjuts, exploderar, blixtrar och pumpar. Men denna historia l\u00e4mnar mig \u00e4nd\u00e5 likgiltig \u00e4ven om id\u00e9n med en ber\u00e4ttare som har migr\u00e4n (och hur detta p\u00e5verkar spr\u00e5ket) var underh\u00e5llande.<\/p>\n<p>Sammanfattningsvis: dessa litter\u00e4ra karameller \u00e4r fint formgivna och erbjuder en stunds f\u00f6rstr\u00f6else i h\u00e4ngmattan.<\/p>\n<p><strong>Text: Ulrika Bergman<\/strong><\/p>\n<p><a href=\"http:\/\/kulturbloggen.com\/wp-content\/uploads\/2012\/07\/Noveller_2.jpg\"><img loading=\"lazy\" decoding=\"async\" class=\"aligncenter size-full wp-image-57679\" title=\"Noveller_2\" src=\"http:\/\/kulturbloggen.com\/wp-content\/uploads\/2012\/07\/Noveller_2.jpg\" alt=\"\" width=\"200\" height=\"284\" srcset=\"https:\/\/kulturbloggen.com\/wp-content\/uploads\/2012\/07\/Noveller_2.jpg 200w, https:\/\/kulturbloggen.com\/wp-content\/uploads\/2012\/07\/Noveller_2-158x225.jpg 158w, https:\/\/kulturbloggen.com\/wp-content\/uploads\/2012\/07\/Noveller_2-105x150.jpg 105w, https:\/\/kulturbloggen.com\/wp-content\/uploads\/2012\/07\/Noveller_2-161x230.jpg 161w, https:\/\/kulturbloggen.com\/wp-content\/uploads\/2012\/07\/Noveller_2-45x65.jpg 45w, https:\/\/kulturbloggen.com\/wp-content\/uploads\/2012\/07\/Noveller_2-56x80.jpg 56w\" sizes=\"auto, (max-width: 200px) 100vw, 200px\" \/><\/a><\/p>\n","protected":false},"excerpt":{"rendered":"<p>Titel: Tiden, Om himlen sm\u00e4lter, Innan allt har blommat ut, Migr\u00e4n F\u00f6rfattare: Maria K\u00fcchen, Hassan Loo Sattarvandi, Inger Frimansson, Arne Dahl F\u00f6rlag: Novellix Utgivna: 201206 Omslag: Teresa &amp; David ISBN: 978-91-86847-48-7, 978-91-86847-49-4, 978-91-86847-46-3, 978-91-86847-47-0 F\u00f6rlaget Novellix har specialiserat sig p\u00e5 att publicera noveller styckevis f\u00f6r den stressade nutidsm\u00e4nniskan, ungef\u00e4r trettio sidor som ryms i handv\u00e4skan. [&hellip;]<\/p>\n","protected":false},"author":13,"featured_media":57670,"comment_status":"open","ping_status":"open","sticky":false,"template":"","format":"standard","meta":{"_genesis_hide_title":false,"_genesis_hide_breadcrumbs":false,"_genesis_hide_singular_image":false,"_genesis_hide_footer_widgets":false,"_genesis_custom_body_class":"","_genesis_custom_post_class":"","_genesis_layout":"","footnotes":""},"categories":[43,3,16],"tags":[4045],"class_list":{"0":"post-57668","1":"post","2":"type-post","3":"status-publish","4":"format-standard","5":"has-post-thumbnail","7":"category-bokrecension","8":"category-litteratur","9":"category-recension","10":"tag-noveller","11":"entry"},"_links":{"self":[{"href":"https:\/\/kulturbloggen.com\/index.php?rest_route=\/wp\/v2\/posts\/57668","targetHints":{"allow":["GET"]}}],"collection":[{"href":"https:\/\/kulturbloggen.com\/index.php?rest_route=\/wp\/v2\/posts"}],"about":[{"href":"https:\/\/kulturbloggen.com\/index.php?rest_route=\/wp\/v2\/types\/post"}],"author":[{"embeddable":true,"href":"https:\/\/kulturbloggen.com\/index.php?rest_route=\/wp\/v2\/users\/13"}],"replies":[{"embeddable":true,"href":"https:\/\/kulturbloggen.com\/index.php?rest_route=%2Fwp%2Fv2%2Fcomments&post=57668"}],"version-history":[{"count":8,"href":"https:\/\/kulturbloggen.com\/index.php?rest_route=\/wp\/v2\/posts\/57668\/revisions"}],"predecessor-version":[{"id":57686,"href":"https:\/\/kulturbloggen.com\/index.php?rest_route=\/wp\/v2\/posts\/57668\/revisions\/57686"}],"wp:featuredmedia":[{"embeddable":true,"href":"https:\/\/kulturbloggen.com\/index.php?rest_route=\/wp\/v2\/media\/57670"}],"wp:attachment":[{"href":"https:\/\/kulturbloggen.com\/index.php?rest_route=%2Fwp%2Fv2%2Fmedia&parent=57668"}],"wp:term":[{"taxonomy":"category","embeddable":true,"href":"https:\/\/kulturbloggen.com\/index.php?rest_route=%2Fwp%2Fv2%2Fcategories&post=57668"},{"taxonomy":"post_tag","embeddable":true,"href":"https:\/\/kulturbloggen.com\/index.php?rest_route=%2Fwp%2Fv2%2Ftags&post=57668"}],"curies":[{"name":"wp","href":"https:\/\/api.w.org\/{rel}","templated":true}]}}