{"id":57663,"date":"2012-07-17T17:25:01","date_gmt":"2012-07-17T15:25:01","guid":{"rendered":"http:\/\/kulturbloggen.com\/?p=57663"},"modified":"2012-07-17T17:25:01","modified_gmt":"2012-07-17T15:25:01","slug":"har-kan-du-lyssna-pa-green-days-nya-singel-oh-love","status":"publish","type":"post","link":"https:\/\/kulturbloggen.com\/?p=57663","title":{"rendered":"H\u00e4r kan du lyssna p\u00e5 Green Days nya singel &#8221;Oh Love&#8221;"},"content":{"rendered":"<p><a href=\"http:\/\/kulturbloggen.com\/wp-content\/uploads\/2012\/07\/greendayohlove.jpg\"><img loading=\"lazy\" decoding=\"async\" src=\"http:\/\/kulturbloggen.com\/wp-content\/uploads\/2012\/07\/greendayohlove-300x300.jpg\" alt=\"\" title=\"greendayohlove\" width=\"300\" height=\"300\" class=\"aligncenter size-medium wp-image-57664\" srcset=\"https:\/\/kulturbloggen.com\/wp-content\/uploads\/2012\/07\/greendayohlove-300x300.jpg 300w, https:\/\/kulturbloggen.com\/wp-content\/uploads\/2012\/07\/greendayohlove-150x150.jpg 150w, https:\/\/kulturbloggen.com\/wp-content\/uploads\/2012\/07\/greendayohlove-200x200.jpg 200w, https:\/\/kulturbloggen.com\/wp-content\/uploads\/2012\/07\/greendayohlove-229x230.jpg 229w, https:\/\/kulturbloggen.com\/wp-content\/uploads\/2012\/07\/greendayohlove-65x65.jpg 65w, https:\/\/kulturbloggen.com\/wp-content\/uploads\/2012\/07\/greendayohlove-80x80.jpg 80w, https:\/\/kulturbloggen.com\/wp-content\/uploads\/2012\/07\/greendayohlove.jpg 341w\" sizes=\"auto, (max-width: 300px) 100vw, 300px\" \/><\/a><\/p>\n<p>17 juli 2012 sl\u00e4ppte Green Day sin nya singel \u201dOh Love\u201d, som \u00e4r den f\u00f6rsta l\u00e5ten fr\u00e5n det kommande albumet \u00a1Uno! Som sl\u00e4pps den 25 september, <a href=\"http:\/\/www.mynewsdesk.com\/se\/pressroom\/warnermusic\/pressrelease\/view\/green-day-slaepper-tre-nya-album-foersta-singeln-ute-nu-780377\">ber\u00e4ttar ett pressmeddelande:<\/a><\/p>\n<p>I februari i \u00e5r gick bandet in i studion f\u00f6r att spela in nytt material, i juni var dom klara, men d\u00e5 med s\u00e5 pass mycket material att det inte ens fick plats p\u00e5 en dubbelskiva. Insperade av Van Halen\u2019s albumtriologi Van Halen I, Van Halen II &#038; Van Halen III beslutade bandet sig d\u00e4rf\u00f6r helt enkelt f\u00f6r att g\u00f6ra en egen albumtriologi .<\/p>\n<p>\u00a1Uno! \u00e4r f\u00f6rst ut  och f\u00f6ljs upp av \u00a1Dos! 13 November och \u00a1Tre! 15 januari.  Albumen \u00e4r uppf\u00f6ljarna till det Grammy\u00aeAward-vinnande\u201d 21st Century Breakdown\u201d, och produceras \u00e5terigen av Rob Cavallo.<\/p>\n<p>\u201dVi \u00e4r i den mest produktiva och kreativa tiden av v\u00e5ra liv. Det h\u00e4r \u00e4r den b\u00e4sta musiken vi n\u00e5gonsin har skrivit, och l\u00e5tarna bara forts\u00e4tter att komma. Ist\u00e4llet f\u00f6r att g\u00f6ra bara en skiva, s\u00e5 g\u00f6r vi tre. Varje l\u00e5t har kraften och energin som representerar Green Day p\u00e5 alla k\u00e4nslom\u00e4ssiga plan. Vi kan bara inte hj\u00e4lpa det\u2026 vi g\u00f6r det storslaget som fan!\u201d l\u00e5ter bandmedlemmarna h\u00e4lsa.<\/p>\n<p>\u201dOh Love\u201d spelades live f\u00f6r fansen f\u00f6rsta g\u00e5ngen i november f\u00f6rra \u00e5ret, p\u00e5 Red7 i Austin Texas. H\u00e4r \u00e4r den f\u00f6rsta officiella videon:<\/p>\n<p><iframe loading=\"lazy\" width=\"560\" height=\"315\" src=\"http:\/\/www.youtube.com\/embed\/H_05XAPR8q8\" frameborder=\"0\" allowfullscreen><\/iframe><\/p>\n<p>L\u00e4s \u00e4ven andra bloggares \u00e5sikter om <a href=\"http:\/\/bloggar.se\/om\/Green+Day\" rel=\"tag\">Green Day<\/a>, <a href=\"http:\/\/bloggar.se\/om\/punk\" rel=\"tag\">punk<\/a>, <a href=\"http:\/\/bloggar.se\/om\/musik\" rel=\"tag\">musik<\/a>, <a href=\"http:\/\/bloggar.se\/om\/video\" rel=\"tag\">video<\/a>, <a href=\"http:\/\/bloggar.se\/om\/Oh+Love\" rel=\"tag\">Oh Love<\/a><\/p>\n","protected":false},"excerpt":{"rendered":"<p>17 juli 2012 sl\u00e4ppte Green Day sin nya singel \u201dOh Love\u201d, som \u00e4r den f\u00f6rsta l\u00e5ten fr\u00e5n det kommande albumet \u00a1Uno! Som sl\u00e4pps den 25 september, ber\u00e4ttar ett pressmeddelande: I februari i \u00e5r gick bandet in i studion f\u00f6r att spela in nytt material, i juni var dom klara, men d\u00e5 med s\u00e5 pass mycket [&hellip;]<\/p>\n","protected":false},"author":13,"featured_media":0,"comment_status":"open","ping_status":"open","sticky":false,"template":"","format":"standard","meta":{"_genesis_hide_title":false,"_genesis_hide_breadcrumbs":false,"_genesis_hide_singular_image":false,"_genesis_hide_footer_widgets":false,"_genesis_custom_body_class":"","_genesis_custom_post_class":"","_genesis_layout":"","footnotes":""},"categories":[7],"tags":[2090,12282,8356,4564,6230],"class_list":{"0":"post-57663","1":"post","2":"type-post","3":"status-publish","4":"format-standard","6":"category-musik","7":"tag-green-day","8":"tag-musik","9":"tag-oh-love","10":"tag-punk","11":"tag-video","12":"entry"},"_links":{"self":[{"href":"https:\/\/kulturbloggen.com\/index.php?rest_route=\/wp\/v2\/posts\/57663","targetHints":{"allow":["GET"]}}],"collection":[{"href":"https:\/\/kulturbloggen.com\/index.php?rest_route=\/wp\/v2\/posts"}],"about":[{"href":"https:\/\/kulturbloggen.com\/index.php?rest_route=\/wp\/v2\/types\/post"}],"author":[{"embeddable":true,"href":"https:\/\/kulturbloggen.com\/index.php?rest_route=\/wp\/v2\/users\/13"}],"replies":[{"embeddable":true,"href":"https:\/\/kulturbloggen.com\/index.php?rest_route=%2Fwp%2Fv2%2Fcomments&post=57663"}],"version-history":[{"count":1,"href":"https:\/\/kulturbloggen.com\/index.php?rest_route=\/wp\/v2\/posts\/57663\/revisions"}],"predecessor-version":[{"id":57665,"href":"https:\/\/kulturbloggen.com\/index.php?rest_route=\/wp\/v2\/posts\/57663\/revisions\/57665"}],"wp:attachment":[{"href":"https:\/\/kulturbloggen.com\/index.php?rest_route=%2Fwp%2Fv2%2Fmedia&parent=57663"}],"wp:term":[{"taxonomy":"category","embeddable":true,"href":"https:\/\/kulturbloggen.com\/index.php?rest_route=%2Fwp%2Fv2%2Fcategories&post=57663"},{"taxonomy":"post_tag","embeddable":true,"href":"https:\/\/kulturbloggen.com\/index.php?rest_route=%2Fwp%2Fv2%2Ftags&post=57663"}],"curies":[{"name":"wp","href":"https:\/\/api.w.org\/{rel}","templated":true}]}}