{"id":57626,"date":"2012-07-16T21:17:21","date_gmt":"2012-07-16T19:17:21","guid":{"rendered":"http:\/\/kulturbloggen.com\/?p=57626"},"modified":"2012-07-16T21:17:47","modified_gmt":"2012-07-16T19:17:47","slug":"inmurad-spannande-skrackroman-i-nordisk-folktroanda","status":"publish","type":"post","link":"https:\/\/kulturbloggen.com\/?p=57626","title":{"rendered":"Inmurad \u2013 sp\u00e4nnande skr\u00e4ckroman i nordisk folktroanda"},"content":{"rendered":"<p>Titel: <a href=\"http:\/\/www.adlibris.com\/se\/product.aspx?isbn=9187059037\" target=\"_blank\">Inmurad<\/a><br \/>\nF\u00f6rfattare: Mikael Str\u00f6mberg<br \/>\nF\u00f6rlag: <a href=\"http:\/\/www.frankforlag.se\/\" target=\"_blank\">Frank<\/a><br \/>\nUtgiven: 201205<br \/>\nISBN: 9789187059032<\/p>\n<p><a href=\"http:\/\/www.bokus.com\/bok\/9789187059032\/inmurad\/\" target=\"_blank\">Inmurad<\/a> utspelar sig p\u00e5 den svenska \u00f6n Blid\u00f6 i Roslagens sk\u00e4rg\u00e5rd.<\/p>\n<p>Huvudpersonen i boken, Kent, beger sig ut till Bild\u00f6 d\u00e4r hans mamma har insjuknat. Kent f\u00e5r \u00e4rva en mans \u00e4godelar och vid genomg\u00e5ngen av dem hittar han ett brev adresserat personligen till honom. Ett brev som inneh\u00e5ller information om \u00f6ns m\u00f6rka historia och som blir starten p\u00e5 en sp\u00e4nnande ber\u00e4ttelse i nordisk folktroanda.<\/p>\n<p>En rad mystiska h\u00e4ndelser sker och Kent blir mer och mer indragen i de starka krafter som finns ute p\u00e5 \u00f6n i den gamla kyrkans omgivning. Flera p\u00e5 \u00f6n dras ocks\u00e5 p\u00e5 olika s\u00e4tt in i de starka krafterna.<\/p>\n<p>Efter att ha l\u00e4st m\u00e5nga deckare och \u00e4ven andra typer av skr\u00e4ckromaner, s\u00e5v\u00e4l svenska som utl\u00e4ndska, var jag r\u00e4dd f\u00f6r att Inmurad skulle bli en bok i havet bland de andra, men jag k\u00e4nner mig n\u00e5got delad. Boken h\u00e5ller sp\u00e4nningen uppe, men den ger mig tyv\u00e4rr inte det d\u00e4r lilla extra, som g\u00e5r in under huden och h\u00e5ller mig vaken in p\u00e5 sm\u00e5timmarna. F\u00f6r mig k\u00e4nns den inte riktigt f\u00e4rdigbearbetad. I vissa stycken \u00e4r den v\u00e4ldigt detaljrik, f\u00f6r att i andra n\u00e4stan tappa mig som l\u00e4sare.<\/p>\n<p>Inmurad \u00e4r Mikael Str\u00f6mbergs andra verk. Hans f\u00f6rsta bok, V\u00e4tten, utkom 2011. Jag hoppas att Mikael Str\u00f6mberg kommer att forts\u00e4tta skriva b\u00f6cker och h\u00e5lla samma niv\u00e5 genom hela boken, d\u00e5 tror jag att det kan bli riktigt, riktigt bra.<\/p>\n<p><strong>Text: Jenny Lagebj\u00f6rk<\/strong><\/p>\n","protected":false},"excerpt":{"rendered":"<p>Titel: Inmurad F\u00f6rfattare: Mikael Str\u00f6mberg F\u00f6rlag: Frank Utgiven: 201205 ISBN: 9789187059032 Inmurad utspelar sig p\u00e5 den svenska \u00f6n Blid\u00f6 i Roslagens sk\u00e4rg\u00e5rd. Huvudpersonen i boken, Kent, beger sig ut till Bild\u00f6 d\u00e4r hans mamma har insjuknat. Kent f\u00e5r \u00e4rva en mans \u00e4godelar och vid genomg\u00e5ngen av dem hittar han ett brev adresserat personligen till honom. [&hellip;]<\/p>\n","protected":false},"author":13,"featured_media":57627,"comment_status":"open","ping_status":"open","sticky":false,"template":"","format":"standard","meta":{"_genesis_hide_title":false,"_genesis_hide_breadcrumbs":false,"_genesis_hide_singular_image":false,"_genesis_hide_footer_widgets":false,"_genesis_custom_body_class":"","_genesis_custom_post_class":"","_genesis_layout":"","footnotes":""},"categories":[43,3,16],"tags":[1197],"class_list":{"0":"post-57626","1":"post","2":"type-post","3":"status-publish","4":"format-standard","5":"has-post-thumbnail","7":"category-bokrecension","8":"category-litteratur","9":"category-recension","10":"tag-deckare","11":"entry"},"_links":{"self":[{"href":"https:\/\/kulturbloggen.com\/index.php?rest_route=\/wp\/v2\/posts\/57626","targetHints":{"allow":["GET"]}}],"collection":[{"href":"https:\/\/kulturbloggen.com\/index.php?rest_route=\/wp\/v2\/posts"}],"about":[{"href":"https:\/\/kulturbloggen.com\/index.php?rest_route=\/wp\/v2\/types\/post"}],"author":[{"embeddable":true,"href":"https:\/\/kulturbloggen.com\/index.php?rest_route=\/wp\/v2\/users\/13"}],"replies":[{"embeddable":true,"href":"https:\/\/kulturbloggen.com\/index.php?rest_route=%2Fwp%2Fv2%2Fcomments&post=57626"}],"version-history":[{"count":3,"href":"https:\/\/kulturbloggen.com\/index.php?rest_route=\/wp\/v2\/posts\/57626\/revisions"}],"predecessor-version":[{"id":57630,"href":"https:\/\/kulturbloggen.com\/index.php?rest_route=\/wp\/v2\/posts\/57626\/revisions\/57630"}],"wp:featuredmedia":[{"embeddable":true,"href":"https:\/\/kulturbloggen.com\/index.php?rest_route=\/wp\/v2\/media\/57627"}],"wp:attachment":[{"href":"https:\/\/kulturbloggen.com\/index.php?rest_route=%2Fwp%2Fv2%2Fmedia&parent=57626"}],"wp:term":[{"taxonomy":"category","embeddable":true,"href":"https:\/\/kulturbloggen.com\/index.php?rest_route=%2Fwp%2Fv2%2Fcategories&post=57626"},{"taxonomy":"post_tag","embeddable":true,"href":"https:\/\/kulturbloggen.com\/index.php?rest_route=%2Fwp%2Fv2%2Ftags&post=57626"}],"curies":[{"name":"wp","href":"https:\/\/api.w.org\/{rel}","templated":true}]}}