{"id":57591,"date":"2012-07-16T09:51:06","date_gmt":"2012-07-16T07:51:06","guid":{"rendered":"http:\/\/kulturbloggen.com\/?p=57591"},"modified":"2012-07-16T09:54:18","modified_gmt":"2012-07-16T07:54:18","slug":"det-ser-morkt-ut-for-sverige-svart-sjuka-kastas-runt-och-datalagringsdirektivet-visar-sig-vara-det-fiasko-som-alla-forutspatt","status":"publish","type":"post","link":"https:\/\/kulturbloggen.com\/?p=57591","title":{"rendered":"Det ser m\u00f6rkt ut f\u00f6r Sverige: sv\u00e5rt sjuka kastas runt och datalagringsdirektivet visar sig vara det fiasko som alla f\u00f6rutsp\u00e5tt"},"content":{"rendered":"<p><a href=\"http:\/\/kulturbloggen.com\/wp-content\/uploads\/2012\/07\/reinfeldtbild.jpg\"><img loading=\"lazy\" decoding=\"async\" src=\"http:\/\/kulturbloggen.com\/wp-content\/uploads\/2012\/07\/reinfeldtbild.jpg\" alt=\"\" title=\"reinfeldtbild\" width=\"362\" height=\"336\" class=\"aligncenter size-full wp-image-57592\" srcset=\"https:\/\/kulturbloggen.com\/wp-content\/uploads\/2012\/07\/reinfeldtbild.jpg 362w, https:\/\/kulturbloggen.com\/wp-content\/uploads\/2012\/07\/reinfeldtbild-300x278.jpg 300w, https:\/\/kulturbloggen.com\/wp-content\/uploads\/2012\/07\/reinfeldtbild-200x185.jpg 200w, https:\/\/kulturbloggen.com\/wp-content\/uploads\/2012\/07\/reinfeldtbild-161x150.jpg 161w, https:\/\/kulturbloggen.com\/wp-content\/uploads\/2012\/07\/reinfeldtbild-247x230.jpg 247w, https:\/\/kulturbloggen.com\/wp-content\/uploads\/2012\/07\/reinfeldtbild-70x65.jpg 70w, https:\/\/kulturbloggen.com\/wp-content\/uploads\/2012\/07\/reinfeldtbild-80x74.jpg 80w, https:\/\/kulturbloggen.com\/wp-content\/uploads\/2012\/07\/reinfeldtbild-150x139.jpg 150w\" sizes=\"auto, (max-width: 362px) 100vw, 362px\" \/><\/a><\/p>\n<p>Trots att det p\u00e5 nyhetsfronten \u00e4r nyhetstorka, viss stiltje r\u00e5der i landet eftersom makthavarna och de betydelsefulla g\u00e5tt p\u00e5 semester efter Almedalen.<\/p>\n<p>\u00c4nd\u00e5 p\u00e5g\u00e5r det f\u00f6rst\u00e5s ett spel om makten och om vem som ska roffa \u00e5t sig mest.<\/p>\n<p>Det \u00e4r r\u00e4tt deprimerande att inse att m\u00e4nniskor som \u00e4r sv\u00e5rt sjuka behandlas som sopor. Sv\u00e5rt sjuka m\u00e4nniskor, som varit sjuka i mer \u00e4n ett \u00e5r, kastas ju ut fr\u00e5n sjukf\u00f6rs\u00e4kringen f\u00f6r att s\u00f6ka jobb. M\u00e5nga av dessa har, givetvis, inte kunnat p\u00e5 jobb. Den som \u00e4r sjuk i mer \u00e4n ett \u00e5r \u00e4r oftast sv\u00e5rt sjuk. Det \u00e4r logiskt och det borde vem som helst begripa. Utan k\u00e4nslokalla makthavare d\u00e5, f\u00f6rst\u00e5s.<br \/>\nN\u00e4r de inte kan f\u00e5 jobb och inte kan jobba, <a href=\"http:\/\/www.dn.se\/nyheter\/sverige\/vad-ska-de-hitta-pa-nu\">eftersom de \u00e4r sjuka<\/a>, d\u00e5 slussas de tillbaka till sjukf\u00f6rs\u00e4kringssystemet. Nu ska flera tusen av dessa som redan slussats runt, slussas tillbaka till arbetsf\u00f6rmedlingen. Rena rama idiotin. Den som \u00e4r s\u00e5 sv\u00e5rt sjuk att han\/hon inte kan ta ett jobb och d\u00e4refter forts\u00e4tter vara sjuk &#8211; hur troligt \u00e4r det att den personen nu kan f\u00e5 ett jobb?<\/p>\n<p>Pust och st\u00f6n &#8211; hur dumma i huvudet \u00e4r makthavare? Eller \u00e4r de s\u00e5 totalt k\u00e4nslokalla?<\/p>\n<p><a href=\"http:\/\/www.dn.se\/nyheter\/sverige\/oppositionen-till-ny-attack-mot-utforsakring\">Dagens Nyheter ber\u00e4ttar:<\/a><\/p>\n<p><em>Fram till ny\u00e5ret kommer runt 2.500 personer som F\u00f6rs\u00e4kringskassan bed\u00f6mt vara sjuka \u00e4n en g\u00e5ng att h\u00e4nvisas till Arbetsf\u00f6rmedlingen.<\/em><\/p>\n<p>Att bli sjuk eller gammal i Sverige utan att vara rik, det \u00e4r inte n\u00e5got att se fram emot. <a href=\"http:\/\/www.svd.se\/naringsliv\/branscher\/vard-och-bioteknik\/sa-tar-riskkapitalet-over-handikappomsorgen_7343536.svd\">Nu k\u00f6ps \u00e4ldreboenden upp \u00e4nnu mer av riskkapitalister.<\/a> Vissa saker m\u00e5ste vi k\u00e4nna gemensamt ansvar f\u00f6r. Ett samh\u00e4lle utan hj\u00e4rta och plats f\u00f6r de som inte \u00e4r supereffektiva och som inte st\u00e5r mitt i livet &#8211; ett s\u00e5dant samh\u00e4lle f\u00f6rlorar sin sj\u00e4l.<\/p>\n<p>Och dessutom visar det sig att beslutsfattande politiker \u00e4n en g\u00e5ng g\u00e5tt rakt emot alla kloka r\u00e5d n\u00e4r de inf\u00f6rde datalagringsdirektivet.<br \/>\n<a href=\"http:\/\/www.svd.se\/nyheter\/inrikes\/operatorer-i-otakt-med-datalag_7347256.svd \">Ur Svenska Dagbladet<\/a>:<br \/>\n<em>Datalagringsdirektivet ska hj\u00e4lpa polisen att s\u00e4tta dit grova brottslingar &#8211; men den svenska lagen \u00e4r s\u00e5 komplicerad att flera internet- och telefonoperat\u00f6rer fortfarande inte kommit ig\u00e5ng med den obligatoriska lagringen av kunduppgifter. Nu talar branschen om ett fiasko fr\u00e5n regeringens sida.<\/em><\/p>\n<p>Tja, vad var det vi sa?<\/p>\n<p><a href=\"http:\/\/www.dik.se\/artikel\/12403\/starkt-motstand-mot-internetlagar\">H\u00e4r har jag skrivit en utf\u00f6rlig artikel om olika integritetskr\u00e4nkande Internetlaget f\u00f6r fackf\u00f6rbundet DIK:s tidning<\/a>.<\/p>\n<p><a href=\"http:\/\/kulturbloggen.com\/wp-content\/uploads\/2012\/07\/upphandlad.jpg\"><img loading=\"lazy\" decoding=\"async\" src=\"http:\/\/kulturbloggen.com\/wp-content\/uploads\/2012\/07\/upphandlad.jpg\" alt=\"\" title=\"upphandlad\" width=\"400\" height=\"309\" class=\"aligncenter size-full wp-image-57593\" srcset=\"https:\/\/kulturbloggen.com\/wp-content\/uploads\/2012\/07\/upphandlad.jpg 400w, https:\/\/kulturbloggen.com\/wp-content\/uploads\/2012\/07\/upphandlad-300x231.jpg 300w, https:\/\/kulturbloggen.com\/wp-content\/uploads\/2012\/07\/upphandlad-200x154.jpg 200w, https:\/\/kulturbloggen.com\/wp-content\/uploads\/2012\/07\/upphandlad-175x135.jpg 175w, https:\/\/kulturbloggen.com\/wp-content\/uploads\/2012\/07\/upphandlad-297x230.jpg 297w, https:\/\/kulturbloggen.com\/wp-content\/uploads\/2012\/07\/upphandlad-84x65.jpg 84w, https:\/\/kulturbloggen.com\/wp-content\/uploads\/2012\/07\/upphandlad-80x61.jpg 80w, https:\/\/kulturbloggen.com\/wp-content\/uploads\/2012\/07\/upphandlad-150x115.jpg 150w\" sizes=\"auto, (max-width: 400px) 100vw, 400px\" \/><\/a><\/p>\n","protected":false},"excerpt":{"rendered":"<p>Trots att det p\u00e5 nyhetsfronten \u00e4r nyhetstorka, viss stiltje r\u00e5der i landet eftersom makthavarna och de betydelsefulla g\u00e5tt p\u00e5 semester efter Almedalen. \u00c4nd\u00e5 p\u00e5g\u00e5r det f\u00f6rst\u00e5s ett spel om makten och om vem som ska roffa \u00e5t sig mest. Det \u00e4r r\u00e4tt deprimerande att inse att m\u00e4nniskor som \u00e4r sv\u00e5rt sjuka behandlas som sopor. Sv\u00e5rt [&hellip;]<\/p>\n","protected":false},"author":2,"featured_media":0,"comment_status":"open","ping_status":"open","sticky":false,"template":"","format":"standard","meta":{"_genesis_hide_title":false,"_genesis_hide_breadcrumbs":false,"_genesis_hide_singular_image":false,"_genesis_hide_footer_widgets":false,"_genesis_custom_body_class":"","_genesis_custom_post_class":"","_genesis_layout":"","footnotes":""},"categories":[44,62],"tags":[1146,12284,4917],"class_list":{"0":"post-57591","1":"post","2":"type-post","3":"status-publish","4":"format-standard","6":"category-chadie","7":"category-medie-och-kulturpolitik","8":"tag-datalagringsdirektivet","9":"tag-politik","10":"tag-samhalle","11":"entry"},"_links":{"self":[{"href":"https:\/\/kulturbloggen.com\/index.php?rest_route=\/wp\/v2\/posts\/57591","targetHints":{"allow":["GET"]}}],"collection":[{"href":"https:\/\/kulturbloggen.com\/index.php?rest_route=\/wp\/v2\/posts"}],"about":[{"href":"https:\/\/kulturbloggen.com\/index.php?rest_route=\/wp\/v2\/types\/post"}],"author":[{"embeddable":true,"href":"https:\/\/kulturbloggen.com\/index.php?rest_route=\/wp\/v2\/users\/2"}],"replies":[{"embeddable":true,"href":"https:\/\/kulturbloggen.com\/index.php?rest_route=%2Fwp%2Fv2%2Fcomments&post=57591"}],"version-history":[{"count":3,"href":"https:\/\/kulturbloggen.com\/index.php?rest_route=\/wp\/v2\/posts\/57591\/revisions"}],"predecessor-version":[{"id":57595,"href":"https:\/\/kulturbloggen.com\/index.php?rest_route=\/wp\/v2\/posts\/57591\/revisions\/57595"}],"wp:attachment":[{"href":"https:\/\/kulturbloggen.com\/index.php?rest_route=%2Fwp%2Fv2%2Fmedia&parent=57591"}],"wp:term":[{"taxonomy":"category","embeddable":true,"href":"https:\/\/kulturbloggen.com\/index.php?rest_route=%2Fwp%2Fv2%2Fcategories&post=57591"},{"taxonomy":"post_tag","embeddable":true,"href":"https:\/\/kulturbloggen.com\/index.php?rest_route=%2Fwp%2Fv2%2Ftags&post=57591"}],"curies":[{"name":"wp","href":"https:\/\/api.w.org\/{rel}","templated":true}]}}