{"id":57316,"date":"2012-07-09T11:22:22","date_gmt":"2012-07-09T09:22:22","guid":{"rendered":"http:\/\/kulturbloggen.com\/?p=57316"},"modified":"2012-08-14T14:04:13","modified_gmt":"2012-08-14T12:04:13","slug":"verdi%c2%b4s-rigoletto-i-amerikansk-maffiamiljo-en-fin-operaupplevelse","status":"publish","type":"post","link":"https:\/\/kulturbloggen.com\/?p=57316","title":{"rendered":"Verdis &#8221;Rigoletto&#8221; i amerikansk maffiamilj\u00f6 &#8211; en fin operaupplevelse"},"content":{"rendered":"<p><a href=\"http:\/\/kulturbloggen.com\/wp-content\/uploads\/2012\/07\/2011-08-14-125439.jpg\"><img loading=\"lazy\" decoding=\"async\" class=\"alignleft size-medium wp-image-57317\" src=\"http:\/\/kulturbloggen.com\/wp-content\/uploads\/2012\/07\/2011-08-14-125439-204x300.jpg\" alt=\"\" width=\"204\" height=\"300\" srcset=\"https:\/\/kulturbloggen.com\/wp-content\/uploads\/2012\/07\/2011-08-14-125439-204x300.jpg 204w, https:\/\/kulturbloggen.com\/wp-content\/uploads\/2012\/07\/2011-08-14-125439-696x1024.jpg 696w, https:\/\/kulturbloggen.com\/wp-content\/uploads\/2012\/07\/2011-08-14-125439-153x225.jpg 153w, https:\/\/kulturbloggen.com\/wp-content\/uploads\/2012\/07\/2011-08-14-125439-102x150.jpg 102w, https:\/\/kulturbloggen.com\/wp-content\/uploads\/2012\/07\/2011-08-14-125439-156x230.jpg 156w, https:\/\/kulturbloggen.com\/wp-content\/uploads\/2012\/07\/2011-08-14-125439-44x65.jpg 44w, https:\/\/kulturbloggen.com\/wp-content\/uploads\/2012\/07\/2011-08-14-125439-54x80.jpg 54w, https:\/\/kulturbloggen.com\/wp-content\/uploads\/2012\/07\/2011-08-14-125439-590x867.jpg 590w, https:\/\/kulturbloggen.com\/wp-content\/uploads\/2012\/07\/2011-08-14-125439-920x1352.jpg 920w, https:\/\/kulturbloggen.com\/wp-content\/uploads\/2012\/07\/2011-08-14-125439.jpg 1371w\" sizes=\"auto, (max-width: 204px) 100vw, 204px\" \/><\/a><\/p>\n<p>&nbsp;<\/p>\n<p>Sk\u00e5nska Operan ger \u00a0&#8221;Rigoletto&#8221; i maffiamilj\u00f6<\/p>\n<p>Musik: Giuseppe Verdi<\/p>\n<p>Libretto:Francesco Maria Piave<\/p>\n<p>Svensk \u00f6vers\u00e4ttning: Mira Bartov<\/p>\n<p>Sett f\u00f6rest\u00e4llningen p\u00e5 B\u00e4ckaskogs slott<\/p>\n<p>8 juli 2012<\/p>\n<p>&nbsp;<\/p>\n<p>&nbsp;<\/p>\n<p>&nbsp;<\/p>\n<p>Nu \u00e4r det sommar f\u00f6r nu har Sk\u00e5nska Operan haft premi\u00e4r p\u00e5 \u00e5rets upps\u00e4ttning. F\u00f6r andra \u00e5ret i rad satsar man p\u00e5 ett verk av Giuseppe Verdi, n\u00e4mligen \u201dRigoletto\u201d och f\u00f6rra \u00e5ret var det ju som bekant \u201dLa traviata\u201d eller \u201dDen vilsef\u00f6rda\u201d som den kallades tidigare.<\/p>\n<p>Regiss\u00f6ren, Ola H\u00f6rling hade f\u00f6rlagt handlingen till den amerikanska maffiav\u00e4rlden typ 1930-talet. Jag undrar fortfarande varf\u00f6r f\u00f6r enligt min uppfattning utspelar sig handlingen\u00a0 egentligen i den av komposit\u00f6ren valda ursprungstiden, om man bortser fr\u00e5n att man varken kl\u00e4dde sig p\u00e5 det viset eller bar en revolver i ett axelh\u00f6lster.<\/p>\n<p>Detta \u00e4r dock bara att konstatera som ett p\u00e5pekande f\u00f6r det medf\u00f6rde i \u00f6vrigt inga st\u00f6rre problem med f\u00f6rest\u00e4llningen som s\u00e5dan utan det verkade tv\u00e4rtom om som s\u00e5ngarna trivdes r\u00e4tt bra som sm\u00e5 och stora maffiabossar.<\/p>\n<p>Om s\u00e5ngarinsatserna fanns en del i \u00f6vrigt att \u00f6nska och s\u00e4rskilt g\u00e4ller det tv\u00e5 av de ledande huvudrollerna, \u00a0d\u00e4r jag imponerades av och till av b\u00e5de Peter Haeggstr\u00f6m och Dardan Bakraqi i sina partier som Rigoletto respektive Il Duce.<\/p>\n<p>Dardan Bakraqi var i sina b\u00e4sta stunder helt lysande, men \u00e4nd\u00e5 k\u00e4ndes det som det \u00e4r n\u00e5got som fattas, som jag inte n\u00e4rmare kan f\u00f6rklara. Kanske handlar det om att han inte ger sig sj\u00e4lv tid att stanna upp och koncentrera sig p\u00e5 sin s\u00e5nguppgift?<\/p>\n<p>Peter Haeggstr\u00f6m var ocks\u00e5 stundtals mycket bra f\u00f6r att inte skriva lysande, men han lyckades inte riktigt med att visa den djupt tragiska sidan av Rigolettos dubbla sidor, men det tror jag mest beror p\u00e5 regiss\u00f6rens regiuppl\u00e4gg, samtidigt som jag m\u00e5ste konstatera att han var definitivt j\u00e4mnare framf\u00f6rallt s\u00e5ngligt \u00e4n Dardan Bakraqi.<\/p>\n<p>Bland de \u00f6vriga rollerna noterade ocks\u00e5 utm\u00e4rkta prestationer och h\u00e4r vill jag s\u00e4rskilt framh\u00e5lla Sebastian Duran, som Marullo, Eric Roos, som Sparafucile, men ocks\u00e5 Daniel Christopher Wren, som Monterone.<\/p>\n<p>P\u00e5 damsidan imponerade Maria Dem\u00e9rus storligen, som Gilda, men n\u00e5got annat hade jag inte v\u00e4ntat mig efter att ha upplevt henne senast i \u201dK\u00e4rleksdrycken\u201d p\u00e5 Folkoperan. Mycket bra var ocks\u00e5 Erika Tord\u00e9us i rollen som Sparafucile\u00b4s syster Maddalena och detta omd\u00f6me g\u00e4ller det s\u00e5ngliga s\u00e5v\u00e4l som det sceniska.<\/p>\n<p>En s\u00e4rskild eloge vill jag g\u00e4rna l\u00e4mna till den fantastiska orkestern ingen n\u00e4mnd och ingen gl\u00f6md, men om sanningen skall fram s\u00e5 var jag ju r\u00e4tt f\u00f6rtjust i Daniel Fjellstr\u00f6m\u00b4s cello-spelande, men som helhet fungerande alla med ett stort MVG.<\/p>\n<p>Sceniskt var det en fin upplevelse och scenografin visar ju att det med ganska enkla medel g\u00e5r att g\u00f6ra det bra i all sin enkelhet. Det \u00e4r ocks\u00e5 r\u00e4tt imponerade att se att alla s\u00e5ngare medverkar och hj\u00e4lper till att f\u00e5 allt att flyta finns, men det \u00e4r naturligtvis en absolut n\u00f6dv\u00e4ndighet f\u00f6r ett operas\u00e4llskap som fullg\u00f6r sitt uppdrag som ett turnerande operas\u00e4llskap.<\/p>\n<p>Avslutningsvis kan jag \u00e4ven i \u00e5r konstatera att \u00e4ven \u00e5rets upps\u00e4ttning t\u00e5l att ses flera g\u00e5nger och det f\u00e5r v\u00e4l vara ett s\u00e5 gott betyg som n\u00e5got. Sj\u00e4lv skall jag f\u00f6rs\u00f6ka se upps\u00e4ttningen \u00e5tminstone ytterligare en g\u00e5ng, och kanske blir det i samband med Copenhagen Operafestival i slutet av juli.<\/p>\n<p><strong>Recensioner<\/strong><\/p>\n<p><a href=\"http:\/\/www.skanskan.se\/article\/20120709\/NOJE\/707099962\/1007\/-\/satsning-som-holl\">Lars-Erik Larsson i Sk\u00e5nska Dagbladet<\/a><\/p>\n<p><a href=\"http:\/\/www.sydsvenskan.se\/kultur-och-nojen\/en-rigoletto-som-vill-mycket\">Carlh\u00e5kan Lars\u00e9n i Sydsvenska Dagbladet<\/a><\/p>\n<p><a href=\"http:\/\/hd.se\/kultur\/scen\/2012\/07\/17\/hovnarren-i-maffians-tjanst\/\">\u00c5sa M\u00e4lhammar i hd<\/a><\/p>\n<p><a href=\"http:\/\/www.ystadsallehanda.se\/kultur-och-noje\/article1668525\/En-lyckad-Rigoletto-i-gangsterkostym.html\">Ystad Allehanda<\/a><\/p>\n<p><span style=\"font-size: small\"><strong>I rollerna:<\/strong><br \/>\nRigoletto &#8211; Peter Haeggstr\u00f6m<br \/>\nHertigen &#8211; Dardan Bakraqi<br \/>\nGilda &#8211; Maria Dem\u00e9rus<br \/>\nSparafucile &#8211; Eric Roos<br \/>\nMaddalena &#8211; Erika Tordeus<br \/>\nMonterone &#8211; Daniel Christopher Wren<br \/>\nCeprano &#8211; Tomas \u00d6hman<br \/>\nMarullo &#8211; Sebastian Duran<br \/>\nBorsa &#8211; Christer Arwidson<br \/>\nGiovanna &amp; Grevinnan &#8211; Helena Magnusson<br \/>\n<\/span><br \/>\n<span style=\"font-size: small\"><strong>Orkester:<\/strong><br \/>\nKapellm\u00e4stare\/piano &#8211; Max L\u00f6rstad<br \/>\nViolin 1 &#8211; Tove Wadenius<br \/>\nViolin 2 &#8211; Rebecka Lassbo<br \/>\nViola &#8211; Christos Pashalidis<br \/>\nCello &#8211; Daniel Fjellstr\u00f6m<br \/>\nKontrabas &#8211; Carl Svensson<\/span><\/p>\n<p><strong>Produktion:<\/strong><br \/>\nRegi: Ola H\u00f6rling<br \/>\nKapellm\u00e4stare &amp; musikaliskt ansvarig: Max L\u00f6rstad<br \/>\nOrkesterarrangemang: Daniel Fjellstr\u00f6m<br \/>\nScenografi: Leif Persson<br \/>\nKostym: Fredrika Lilius<br \/>\nProducent: \u00c5sa Jensen<br \/>\nTurn\u00e9ledare: Ludvig Uppman<\/p>\n","protected":false},"excerpt":{"rendered":"<p>&nbsp; Sk\u00e5nska Operan ger \u00a0&#8221;Rigoletto&#8221; i maffiamilj\u00f6 Musik: Giuseppe Verdi Libretto:Francesco Maria Piave Svensk \u00f6vers\u00e4ttning: Mira Bartov Sett f\u00f6rest\u00e4llningen p\u00e5 B\u00e4ckaskogs slott 8 juli 2012 &nbsp; &nbsp; &nbsp; Nu \u00e4r det sommar f\u00f6r nu har Sk\u00e5nska Operan haft premi\u00e4r p\u00e5 \u00e5rets upps\u00e4ttning. F\u00f6r andra \u00e5ret i rad satsar man p\u00e5 ett verk av Giuseppe Verdi, [&hellip;]<\/p>\n","protected":false},"author":13,"featured_media":0,"comment_status":"open","ping_status":"open","sticky":false,"template":"","format":"standard","meta":{"_genesis_hide_title":false,"_genesis_hide_breadcrumbs":false,"_genesis_hide_singular_image":false,"_genesis_hide_footer_widgets":false,"_genesis_custom_body_class":"","_genesis_custom_post_class":"","_genesis_layout":"","footnotes":""},"categories":[20],"tags":[8316,8317],"class_list":{"0":"post-57316","1":"post","2":"type-post","3":"status-publish","4":"format-standard","6":"category-film","7":"tag-rigoletto-2012","8":"tag-skanska-operans-version","9":"entry"},"_links":{"self":[{"href":"https:\/\/kulturbloggen.com\/index.php?rest_route=\/wp\/v2\/posts\/57316","targetHints":{"allow":["GET"]}}],"collection":[{"href":"https:\/\/kulturbloggen.com\/index.php?rest_route=\/wp\/v2\/posts"}],"about":[{"href":"https:\/\/kulturbloggen.com\/index.php?rest_route=\/wp\/v2\/types\/post"}],"author":[{"embeddable":true,"href":"https:\/\/kulturbloggen.com\/index.php?rest_route=\/wp\/v2\/users\/13"}],"replies":[{"embeddable":true,"href":"https:\/\/kulturbloggen.com\/index.php?rest_route=%2Fwp%2Fv2%2Fcomments&post=57316"}],"version-history":[{"count":8,"href":"https:\/\/kulturbloggen.com\/index.php?rest_route=\/wp\/v2\/posts\/57316\/revisions"}],"predecessor-version":[{"id":58974,"href":"https:\/\/kulturbloggen.com\/index.php?rest_route=\/wp\/v2\/posts\/57316\/revisions\/58974"}],"wp:attachment":[{"href":"https:\/\/kulturbloggen.com\/index.php?rest_route=%2Fwp%2Fv2%2Fmedia&parent=57316"}],"wp:term":[{"taxonomy":"category","embeddable":true,"href":"https:\/\/kulturbloggen.com\/index.php?rest_route=%2Fwp%2Fv2%2Fcategories&post=57316"},{"taxonomy":"post_tag","embeddable":true,"href":"https:\/\/kulturbloggen.com\/index.php?rest_route=%2Fwp%2Fv2%2Ftags&post=57316"}],"curies":[{"name":"wp","href":"https:\/\/api.w.org\/{rel}","templated":true}]}}