{"id":57249,"date":"2012-07-08T00:27:28","date_gmt":"2012-07-07T22:27:28","guid":{"rendered":"http:\/\/kulturbloggen.com\/?p=57249"},"modified":"2012-07-13T21:20:45","modified_gmt":"2012-07-13T19:20:45","slug":"roskilde-festival-bruce-springsteen-pa-orange-stage","status":"publish","type":"post","link":"https:\/\/kulturbloggen.com\/?p=57249","title":{"rendered":"Roskilde Festival: Bruce Springsteen p\u00e5 Orange Stage"},"content":{"rendered":"<p><strong>Bruce Springsteen and the E Street Band, Orange Stage<\/strong><br \/>\nRoskilde Festival 7 juli 2012<br \/>\nBetyg: 3<\/p>\n<p>\u00c4r ni redo? Ett, tv\u00e5, tre, fyra. Yeah, yeah, yeah. Personligen tycker jag att den h\u00e4r typen av publikfrieri ligger p\u00e5 en r\u00e4tt ointelligent niv\u00e5. Det \u00e4r som att bossen vill se efter om vi \u00f6verlevt den tr\u00e5kiga inledningen som bortsett fr\u00e5n en tafatt version av <em>Badlands<\/em> mestadels kretsar kring senaste skivan <em>Wrecking Ball<\/em>. Av de nya l\u00e5tarna \u00e4r det enbart <em>We Take Care of Our Own<\/em> som sticker ut. Annars bjuds det p\u00e5 predikande mellansnack, mediokra irl\u00e4ndska folkvisor samt en utdragen H\u00e5kan Hellstr\u00f6m-version av <em>My City of Ruins<\/em> som aldrig tycks ta slut.<\/p>\n<p>Det dr\u00f6jer n\u00e4stan en timme innan det t\u00e4nder till. Under <em>Spirit in the Night<\/em> hoppade New Jersey-sonen ned i publikhavet och det dr\u00f6jde inte l\u00e4nge innan hans v\u00e4st hade blivit helt nerdr\u00e4nkt i l\u00e4ppstift. D\u00e4refter g\u00e4stades han av The Roots p\u00e5 scen och tillsammans framf\u00f6rde de en funkig version av <em>The E Street Shuffle<\/em>. Framf\u00f6r allt kan <em>Because the Night<\/em>, Bruce Springsteens mest v\u00e4lskrivna popl\u00e5t som visserligen gjordes k\u00e4nd av Patti Smith, aldrig g\u00e5 fel.<\/p>\n<p>Under <em>Working on the Highway<\/em> plockar Bruce Springsteen fram en akustisk gitarr innan han tar p\u00e5 sig en sombrero n\u00e5gon kastat upp p\u00e5 scen &#8211; men trots den goda inledningen blir det f\u00f6r mycket country f\u00f6r min smak. D\u00e4remot \u00e4r <em>The River<\/em> helt m\u00e4sterlig. Springsteen k\u00e4nns lite mer fokuserad p\u00e5 framf\u00f6randet och texten, som g\u00e5r rakt in i benm\u00e4rgen, passar om m\u00f6jligt b\u00e4ttre nu \u00e4n n\u00e4r den skrevs. T\u00e4nk om han \u00e4ven under resten av konserten hade koncentrerat p\u00e5 l\u00e5tarna ist\u00e4llet f\u00f6r de uttjatade rockposerna.<\/p>\n<p>Publik: Det st\u00f6rsta publikhav jag n\u00e5gonsin sett.<br \/>\nL\u00e4ngd: F\u00f6r l\u00e4nge, som vanligt.<br \/>\nFr\u00e5ga: Var rumpdansen under <em>Glory Days<\/em> verkligen n\u00f6dv\u00e4ndig?<\/p>\n<p><iframe loading=\"lazy\" width=\"560\" height=\"315\" src=\"http:\/\/www.youtube.com\/embed\/35vtIyFOjsY\" frameborder=\"0\" allowfullscreen><\/iframe><\/p>\n","protected":false},"excerpt":{"rendered":"<p>Bruce Springsteen and the E Street Band, Orange Stage Roskilde Festival 7 juli 2012 Betyg: 3 \u00c4r ni redo? Ett, tv\u00e5, tre, fyra. Yeah, yeah, yeah. Personligen tycker jag att den h\u00e4r typen av publikfrieri ligger p\u00e5 en r\u00e4tt ointelligent niv\u00e5. Det \u00e4r som att bossen vill se efter om vi \u00f6verlevt den tr\u00e5kiga inledningen [&hellip;]<\/p>\n","protected":false},"author":3,"featured_media":57250,"comment_status":"open","ping_status":"open","sticky":false,"template":"","format":"standard","meta":{"_genesis_hide_title":false,"_genesis_hide_breadcrumbs":false,"_genesis_hide_singular_image":false,"_genesis_hide_footer_widgets":false,"_genesis_custom_body_class":"","_genesis_custom_post_class":"","_genesis_layout":"","footnotes":""},"categories":[7],"tags":[864,8300,4843],"class_list":{"0":"post-57249","1":"post","2":"type-post","3":"status-publish","4":"format-standard","5":"has-post-thumbnail","7":"category-musik","8":"tag-bruce-springsteen","9":"tag-orange-stage","10":"tag-roskilde","11":"entry"},"_links":{"self":[{"href":"https:\/\/kulturbloggen.com\/index.php?rest_route=\/wp\/v2\/posts\/57249","targetHints":{"allow":["GET"]}}],"collection":[{"href":"https:\/\/kulturbloggen.com\/index.php?rest_route=\/wp\/v2\/posts"}],"about":[{"href":"https:\/\/kulturbloggen.com\/index.php?rest_route=\/wp\/v2\/types\/post"}],"author":[{"embeddable":true,"href":"https:\/\/kulturbloggen.com\/index.php?rest_route=\/wp\/v2\/users\/3"}],"replies":[{"embeddable":true,"href":"https:\/\/kulturbloggen.com\/index.php?rest_route=%2Fwp%2Fv2%2Fcomments&post=57249"}],"version-history":[{"count":7,"href":"https:\/\/kulturbloggen.com\/index.php?rest_route=\/wp\/v2\/posts\/57249\/revisions"}],"predecessor-version":[{"id":57530,"href":"https:\/\/kulturbloggen.com\/index.php?rest_route=\/wp\/v2\/posts\/57249\/revisions\/57530"}],"wp:featuredmedia":[{"embeddable":true,"href":"https:\/\/kulturbloggen.com\/index.php?rest_route=\/wp\/v2\/media\/57250"}],"wp:attachment":[{"href":"https:\/\/kulturbloggen.com\/index.php?rest_route=%2Fwp%2Fv2%2Fmedia&parent=57249"}],"wp:term":[{"taxonomy":"category","embeddable":true,"href":"https:\/\/kulturbloggen.com\/index.php?rest_route=%2Fwp%2Fv2%2Fcategories&post=57249"},{"taxonomy":"post_tag","embeddable":true,"href":"https:\/\/kulturbloggen.com\/index.php?rest_route=%2Fwp%2Fv2%2Ftags&post=57249"}],"curies":[{"name":"wp","href":"https:\/\/api.w.org\/{rel}","templated":true}]}}