{"id":57190,"date":"2012-07-07T12:17:47","date_gmt":"2012-07-07T10:17:47","guid":{"rendered":"http:\/\/kulturbloggen.com\/?p=57190"},"modified":"2012-07-07T16:35:36","modified_gmt":"2012-07-07T14:35:36","slug":"opener-festival-franz-ferdinand-fullt-os-bilder-recension-filmklipp","status":"publish","type":"post","link":"https:\/\/kulturbloggen.com\/?p=57190","title":{"rendered":"Opener Festival: Franz Ferdinand &#8211; fullt \u00f6s &#8211; bilder, recension, filmklipp"},"content":{"rendered":"<p>Franz Ferdinand<br \/>\nOpener Festival: Main Stage<br \/>\n6 juli 2012<br \/>\nBetyg 4<\/p>\n<p>Det skotska indierockbandet Franz Ferdinand \u00e4r popul\u00e4rt i Polen. Det var uppenbart n\u00e4r de slog de f\u00f6rsta ackorden p\u00e5 stora scenen p\u00e5 Opener Festival i Polen p\u00e5 fredagskv\u00e4llen. Folk bara v\u00e4llde in medan soundet av gitarrer, trummor och Alexander Kapranos str\u00e4va s\u00e5ngr\u00f6st fl\u00f6dade ut \u00f6ver omr\u00e5det.<br \/>\nUnder festivalen har den riktiga k\u00e4nslan av att vara p\u00e5 en stor festival inte riktigt infunnit sig f\u00f6r alla tiotusentals bes\u00f6karna har varit utspridda p\u00e5 de olika scenerna och framf\u00f6r allt har m\u00e5nga minglat i mat- och \u00f6lomr\u00e5den. Men \u00e4ntligen var det en spelning som drog riktigt m\u00e5nga av festivalbes\u00f6karna.<\/p>\n<p><a href=\"http:\/\/kulturbloggen.com\/wp-content\/uploads\/2012\/07\/franzferdinand4.jpg\"><img loading=\"lazy\" decoding=\"async\" class=\"alignright size-medium wp-image-57196\" title=\"franzferdinand4\" src=\"http:\/\/kulturbloggen.com\/wp-content\/uploads\/2012\/07\/franzferdinand4-300x196.jpg\" alt=\"\" width=\"300\" height=\"196\" srcset=\"https:\/\/kulturbloggen.com\/wp-content\/uploads\/2012\/07\/franzferdinand4-300x196.jpg 300w, https:\/\/kulturbloggen.com\/wp-content\/uploads\/2012\/07\/franzferdinand4-200x130.jpg 200w, https:\/\/kulturbloggen.com\/wp-content\/uploads\/2012\/07\/franzferdinand4-175x114.jpg 175w, https:\/\/kulturbloggen.com\/wp-content\/uploads\/2012\/07\/franzferdinand4-351x230.jpg 351w, https:\/\/kulturbloggen.com\/wp-content\/uploads\/2012\/07\/franzferdinand4-100x65.jpg 100w, https:\/\/kulturbloggen.com\/wp-content\/uploads\/2012\/07\/franzferdinand4-80x52.jpg 80w, https:\/\/kulturbloggen.com\/wp-content\/uploads\/2012\/07\/franzferdinand4-150x98.jpg 150w, https:\/\/kulturbloggen.com\/wp-content\/uploads\/2012\/07\/franzferdinand4.jpg 428w\" sizes=\"auto, (max-width: 300px) 100vw, 300px\" \/><\/a>Franz Ferdinand bj\u00f6d p\u00e5 energiskt \u00f6s fr\u00e5n start med en av deras stora hitl\u00e5tar: &#8221;The Dark of the Matin\u00e9e&#8221;.<\/p>\n<p>Paul Thomson p\u00e5 trummor, Robert Hardy med basen, Nicholas McCarthy p\u00e5 gitarr och klaviatur och Alexander Kapranos med gitarr och s\u00e5ng bj\u00f6d p\u00e5 fullt \u00f6s. Ett riktigt gitarrparty d\u00e4r inte m\u00e5nga kunde st\u00e5 still. Bandets s\u00e5ngare och gitarrist for docks\u00e5 runt p\u00e5 scen och det verkar som att bandmedlemmarna trivs ihop. De samspelade bra.<\/p>\n<p>Det \u00e4r sk\u00f6nt med band som k\u00f6r p\u00e5 och inte sl\u00f6sar bort den ganska korta tiden p\u00e5 scenen med en massa prat. Alexander Kapranos st\u00e4llde i stort sett bara den obligatoriska fr\u00e5gan: &#8221;Hello guys how are you?&#8221; och sade att han var glad \u00f6ver att vara tillbaka p\u00e5 polsk mark. Det var n\u00e5gra \u00e5r sedan de spelade d\u00e4r senast &#8211; \u00a02006.<\/p>\n<p>Det var som sagt full fart och mycket \u00f6s. Publiken hoppade och dansade och viftade med i takten. En stund i mitten av spelningen blev det lite enformigt eftersom de satsade mer p\u00e5 fart \u00e4n n\u00e5got finlir. Men d\u00e5 kom l\u00e5ten &#8221;Can+t stop feeling&#8221; och konserten lyfte igen.<\/p>\n<p>Sista extranumret var en \u00e4kta klimax med en l\u00e5ng version av &#8221;The Fire&#8221; som bj\u00f6d p\u00e5 sk\u00f6na trumsolon och publiken sj\u00f6ng med spontant.<\/p>\n<p>Det k\u00e4nns som att det b\u00f6rjar bli dags att f\u00e5 Franz Ferdinand till Sverige igen. Sist jag s\u00e5g dem var jag lite besviken men nu har de \u00e5teruppr\u00e4ttat sitt rykte f\u00f6r mig.<\/p>\n<p><iframe loading=\"lazy\" src=\"http:\/\/www.youtube.com\/embed\/t4tdyGlaKW4\" frameborder=\"0\" width=\"560\" height=\"315\"><\/iframe><\/p>\n<p><iframe loading=\"lazy\" src=\"http:\/\/www.youtube.com\/embed\/54QQp3EaHhg\" frameborder=\"0\" width=\"560\" height=\"315\"><\/iframe><\/p>\n<p><iframe loading=\"lazy\" src=\"http:\/\/www.youtube.com\/embed\/JBq1jUDNT0Y\" frameborder=\"0\" width=\"560\" height=\"315\"><\/iframe><\/p>\n<p>&nbsp;<\/p>\n<p><a href=\"http:\/\/kulturbloggen.com\/wp-content\/uploads\/2012\/07\/franzferdinand2.jpg\"><img loading=\"lazy\" decoding=\"async\" class=\"aligncenter size-medium wp-image-57198\" title=\"franzferdinand2\" src=\"http:\/\/kulturbloggen.com\/wp-content\/uploads\/2012\/07\/franzferdinand2-300x211.jpg\" alt=\"\" width=\"300\" height=\"211\" srcset=\"https:\/\/kulturbloggen.com\/wp-content\/uploads\/2012\/07\/franzferdinand2-300x211.jpg 300w, https:\/\/kulturbloggen.com\/wp-content\/uploads\/2012\/07\/franzferdinand2-200x141.jpg 200w, https:\/\/kulturbloggen.com\/wp-content\/uploads\/2012\/07\/franzferdinand2-175x123.jpg 175w, https:\/\/kulturbloggen.com\/wp-content\/uploads\/2012\/07\/franzferdinand2-325x230.jpg 325w, https:\/\/kulturbloggen.com\/wp-content\/uploads\/2012\/07\/franzferdinand2-92x65.jpg 92w, https:\/\/kulturbloggen.com\/wp-content\/uploads\/2012\/07\/franzferdinand2-80x56.jpg 80w, https:\/\/kulturbloggen.com\/wp-content\/uploads\/2012\/07\/franzferdinand2-150x105.jpg 150w, https:\/\/kulturbloggen.com\/wp-content\/uploads\/2012\/07\/franzferdinand2.jpg 408w\" sizes=\"auto, (max-width: 300px) 100vw, 300px\" \/><\/a><\/p>\n<p><a href=\"http:\/\/kulturbloggen.com\/wp-content\/uploads\/2012\/07\/fransferdinand.jpg\"><img loading=\"lazy\" decoding=\"async\" class=\"aligncenter size-medium wp-image-57199\" title=\"fransferdinand\" src=\"http:\/\/kulturbloggen.com\/wp-content\/uploads\/2012\/07\/fransferdinand-300x158.jpg\" alt=\"\" width=\"300\" height=\"158\" srcset=\"https:\/\/kulturbloggen.com\/wp-content\/uploads\/2012\/07\/fransferdinand-300x158.jpg 300w, https:\/\/kulturbloggen.com\/wp-content\/uploads\/2012\/07\/fransferdinand-200x105.jpg 200w, https:\/\/kulturbloggen.com\/wp-content\/uploads\/2012\/07\/fransferdinand-175x92.jpg 175w, https:\/\/kulturbloggen.com\/wp-content\/uploads\/2012\/07\/fransferdinand-435x230.jpg 435w, https:\/\/kulturbloggen.com\/wp-content\/uploads\/2012\/07\/fransferdinand-100x52.jpg 100w, https:\/\/kulturbloggen.com\/wp-content\/uploads\/2012\/07\/fransferdinand-80x42.jpg 80w, https:\/\/kulturbloggen.com\/wp-content\/uploads\/2012\/07\/fransferdinand-150x79.jpg 150w, https:\/\/kulturbloggen.com\/wp-content\/uploads\/2012\/07\/fransferdinand.jpg 500w\" sizes=\"auto, (max-width: 300px) 100vw, 300px\" \/><\/a><\/p>\n<p>L\u00e4s \u00e4ven andra bloggares \u00e5sikter om <a href=\"http:\/\/bloggar.se\/om\/Franz+Ferdinand\" rel=\"tag\">Franz Ferdinand<\/a>, <a href=\"http:\/\/bloggar.se\/om\/Opener+Festival\" rel=\"tag\">Opener Festival<\/a>, <a href=\"http:\/\/bloggar.se\/om\/Opener+Air\" rel=\"tag\">Opener Air<\/a>, <a href=\"http:\/\/bloggar.se\/om\/Polen\" rel=\"tag\">Polen<\/a>, <a href=\"http:\/\/bloggar.se\/om\/Gdynia\" rel=\"tag\">Gdynia<\/a>, <a href=\"http:\/\/bloggar.se\/om\/recension\" rel=\"tag\">recension<\/a>, <a href=\"http:\/\/bloggar.se\/om\/konsert\" rel=\"tag\">konsert<\/a>, <a href=\"http:\/\/bloggar.se\/om\/musik\" rel=\"tag\">musik<\/a>, <a href=\"http:\/\/bloggar.se\/om\/musikfestival\" rel=\"tag\">musikfestival<\/a>, <a href=\"http:\/\/bloggar.se\/om\/indierock\" rel=\"tag\">indierock<\/a>, <a href=\"http:\/\/bloggar.se\/om\/Skottland\" rel=\"tag\">Skottland<\/a><\/p>\n","protected":false},"excerpt":{"rendered":"<p>Franz Ferdinand Opener Festival: Main Stage 6 juli 2012 Betyg 4 Det skotska indierockbandet Franz Ferdinand \u00e4r popul\u00e4rt i Polen. Det var uppenbart n\u00e4r de slog de f\u00f6rsta ackorden p\u00e5 stora scenen p\u00e5 Opener Festival i Polen p\u00e5 fredagskv\u00e4llen. Folk bara v\u00e4llde in medan soundet av gitarrer, trummor och Alexander Kapranos str\u00e4va s\u00e5ngr\u00f6st fl\u00f6dade ut [&hellip;]<\/p>\n","protected":false},"author":2,"featured_media":57195,"comment_status":"open","ping_status":"open","sticky":false,"template":"","format":"standard","meta":{"_genesis_hide_title":false,"_genesis_hide_breadcrumbs":false,"_genesis_hide_singular_image":false,"_genesis_hide_footer_widgets":false,"_genesis_custom_body_class":"","_genesis_custom_post_class":"","_genesis_layout":"","footnotes":""},"categories":[7,16],"tags":[7508,8311,2475,3000,12282,3844,8310,8296,4415,12285,5146],"class_list":{"0":"post-57190","1":"post","2":"type-post","3":"status-publish","4":"format-standard","5":"has-post-thumbnail","7":"category-musik","8":"category-recension","9":"tag-franz-ferdinand","10":"tag-gdynia","11":"tag-indierock","12":"tag-konsert","13":"tag-musik","14":"tag-musikfestival","15":"tag-opener-air","16":"tag-opener-festival","17":"tag-polen","18":"tag-recension","19":"tag-skottland","20":"entry"},"_links":{"self":[{"href":"https:\/\/kulturbloggen.com\/index.php?rest_route=\/wp\/v2\/posts\/57190","targetHints":{"allow":["GET"]}}],"collection":[{"href":"https:\/\/kulturbloggen.com\/index.php?rest_route=\/wp\/v2\/posts"}],"about":[{"href":"https:\/\/kulturbloggen.com\/index.php?rest_route=\/wp\/v2\/types\/post"}],"author":[{"embeddable":true,"href":"https:\/\/kulturbloggen.com\/index.php?rest_route=\/wp\/v2\/users\/2"}],"replies":[{"embeddable":true,"href":"https:\/\/kulturbloggen.com\/index.php?rest_route=%2Fwp%2Fv2%2Fcomments&post=57190"}],"version-history":[{"count":10,"href":"https:\/\/kulturbloggen.com\/index.php?rest_route=\/wp\/v2\/posts\/57190\/revisions"}],"predecessor-version":[{"id":57202,"href":"https:\/\/kulturbloggen.com\/index.php?rest_route=\/wp\/v2\/posts\/57190\/revisions\/57202"}],"wp:featuredmedia":[{"embeddable":true,"href":"https:\/\/kulturbloggen.com\/index.php?rest_route=\/wp\/v2\/media\/57195"}],"wp:attachment":[{"href":"https:\/\/kulturbloggen.com\/index.php?rest_route=%2Fwp%2Fv2%2Fmedia&parent=57190"}],"wp:term":[{"taxonomy":"category","embeddable":true,"href":"https:\/\/kulturbloggen.com\/index.php?rest_route=%2Fwp%2Fv2%2Fcategories&post=57190"},{"taxonomy":"post_tag","embeddable":true,"href":"https:\/\/kulturbloggen.com\/index.php?rest_route=%2Fwp%2Fv2%2Ftags&post=57190"}],"curies":[{"name":"wp","href":"https:\/\/api.w.org\/{rel}","templated":true}]}}