{"id":57142,"date":"2012-07-06T13:09:16","date_gmt":"2012-07-06T11:09:16","guid":{"rendered":"http:\/\/kulturbloggen.com\/?p=57142"},"modified":"2012-07-07T16:42:43","modified_gmt":"2012-07-07T14:42:43","slug":"opener-festival-bon-iver-overraskande-bra-pa-en-festivalscen","status":"publish","type":"post","link":"https:\/\/kulturbloggen.com\/?p=57142","title":{"rendered":"Opener Festival: Bon Iver &#8211; \u00f6verraskande bra p\u00e5 en festivalscen"},"content":{"rendered":"<p>Bon Iver<br \/>\n<a href=\"http:\/\/www.opener.pl\/en\">Opener Festival, main stage<\/a><br \/>\n5 juli 2012<br \/>\nBetyg 4<\/p>\n<p>F\u00f6rra \u00e5ret fick Bon Iver med dess frontman Justin Vernon ganska d\u00e5lig kritik f\u00f6r sina livespelningar, s\u00e5 det var med l\u00e5ga f\u00f6rv\u00e4ntningar jag gick till stora scenen p\u00e5 den polska stora festivalens st\u00f6rsta scen p\u00e5 torsdagskv\u00e4llen. Jag lyssnar g\u00e4rna och mycket p\u00e5 Bon Ivers melodi\u00f6sa, mjuka s\u00e5nger p\u00e5 skiva men hur skulle denna finst\u00e4mda musik fungera p\u00e5 stora scenen p\u00e5 en festival? En t\u00e4t dimma hade dessutom lagt en sl\u00f6ja av mystik runt hela festivalomr\u00e5det. Det gick inte ens att se scenen p\u00e5 \u00a0avst\u00e5nd.<\/p>\n<p>Bon Iver \u00f6verraskade stort. Med f\u00f6rsta s\u00e5ngen &#8221;Perth&#8221; visade bandet direkt var sk\u00e5pet skulle st\u00e5. Bon Ivers musik passar bra med h\u00f6gre volym. Spelningen var lite r\u00e5are, med trummor och elgitarrer som fick mer utrymme och trumsolon som lyfte publiken. Bon Iver \u00e4r mycket bra n\u00e4r musiken f\u00e5r framtr\u00e4da mindre tillr\u00e4ttalagd.<\/p>\n<p><a href=\"http:\/\/kulturbloggen.com\/wp-content\/uploads\/2012\/07\/bon-iver.jpg\"><img loading=\"lazy\" decoding=\"async\" class=\"alignright size-full wp-image-57147\" title=\"bon iver\" src=\"http:\/\/kulturbloggen.com\/wp-content\/uploads\/2012\/07\/bon-iver.jpg\" alt=\"\" width=\"300\" height=\"200\" srcset=\"https:\/\/kulturbloggen.com\/wp-content\/uploads\/2012\/07\/bon-iver.jpg 300w, https:\/\/kulturbloggen.com\/wp-content\/uploads\/2012\/07\/bon-iver-200x133.jpg 200w, https:\/\/kulturbloggen.com\/wp-content\/uploads\/2012\/07\/bon-iver-175x116.jpg 175w, https:\/\/kulturbloggen.com\/wp-content\/uploads\/2012\/07\/bon-iver-97x65.jpg 97w, https:\/\/kulturbloggen.com\/wp-content\/uploads\/2012\/07\/bon-iver-80x53.jpg 80w, https:\/\/kulturbloggen.com\/wp-content\/uploads\/2012\/07\/bon-iver-150x100.jpg 150w\" sizes=\"auto, (max-width: 300px) 100vw, 300px\" \/><\/a>Niomannabandet med str\u00e5kar och fiol har en bredd och det var sp\u00e4nnande att se vilka ljud som kan tas fram med en fiol.<\/p>\n<p>Justin Vernon \u00e4r fascinerad av alla m\u00f6jligheter med ljud och han leker med sin r\u00f6st. Under spelningens g\u00e5ng sj\u00f6ng han med tre olika uttryck, n\u00e4stan som om han var tre olika s\u00e5ngare. Han v\u00e4xlande mellan tv\u00e5 olika mikrofoner och den utan filter uppskattade jag mest. Den f\u00e5ngade hans r\u00f6st \u00e4rligt och rakt, som den \u00e4r utan krusiduller. De hade dock problem med ljudet under halva f\u00f6rsta l\u00e5ten d\u00e5 ljudet l\u00e4t v\u00e4ldigt bulkigt, men det r\u00e4ttade ljudteknikerna till snabbt &#8211; s\u00e5 det \u00e4r f\u00f6rl\u00e5tet.<\/p>\n<p>Spelningen hade ett bra uppl\u00e4gg, med bra variation mellan finst\u00e4mda mjuka s\u00e5nger och fartfyllda l\u00e5tar. Publiken h\u00e4ngde p\u00e5 och svarade direkt: p\u00e5 de fartfyllda delarna dansade de och till de finst\u00e4mda h\u00f6ll m\u00e4nniskor om varandra. P\u00e5 sista extranumret fick Justin Vernon l\u00e4tt ig\u00e5ng publiken att sjung med, \u00e5tminstone den delen av publiken d\u00e4r jag stod.<\/p>\n<p>Mer fr\u00e5n Opener festival:<\/p>\n<p><a href=\"http:\/\/kulturbloggen.com\/?p=57082\">New Order \u2013 bilder, recension och filmklipp<\/a><br \/>\n<a href=\"http:\/\/kulturbloggen.com\/?p=57137\">Opener Festival: Justice<\/a><br \/>\n<a href=\"http:\/\/kulturbloggen.com\/?p=57107\">Opener Festival: Wiz Khalifa \u2013 recension och filmklipp<\/a><br \/>\n<a href=\"http:\/\/kulturbloggen.com\/?p=57101\">Opener Festival: Intryck fr\u00e5n Bj\u00f6rk<\/a><\/p>\n<p>L\u00e4s \u00e4ven andra bloggares \u00e5sikter om <a href=\"http:\/\/bloggar.se\/om\/Bon+Iver\" rel=\"tag\">Bon Iver<\/a>, <a href=\"http:\/\/bloggar.se\/om\/recension\" rel=\"tag\">recension<\/a>, <a href=\"http:\/\/bloggar.se\/om\/musik\" rel=\"tag\">musik<\/a>, <a href=\"http:\/\/bloggar.se\/om\/Opener+festival+musikfestival\" rel=\"tag\">Opener festival musikfestival<\/a>, <a href=\"http:\/\/bloggar.se\/om\/Polen\" rel=\"tag\">Polen<\/a>, <a href=\"http:\/\/bloggar.se\/om\/Gdynia\" rel=\"tag\">Gdynia<\/a><\/p>\n","protected":false},"excerpt":{"rendered":"<p>Bon Iver Opener Festival, main stage 5 juli 2012 Betyg 4 F\u00f6rra \u00e5ret fick Bon Iver med dess frontman Justin Vernon ganska d\u00e5lig kritik f\u00f6r sina livespelningar, s\u00e5 det var med l\u00e5ga f\u00f6rv\u00e4ntningar jag gick till stora scenen p\u00e5 den polska stora festivalens st\u00f6rsta scen p\u00e5 torsdagskv\u00e4llen. Jag lyssnar g\u00e4rna och mycket p\u00e5 Bon Ivers [&hellip;]<\/p>\n","protected":false},"author":2,"featured_media":57147,"comment_status":"open","ping_status":"open","sticky":false,"template":"","format":"standard","meta":{"_genesis_hide_title":false,"_genesis_hide_breadcrumbs":false,"_genesis_hide_singular_image":false,"_genesis_hide_footer_widgets":false,"_genesis_custom_body_class":"","_genesis_custom_post_class":"","_genesis_layout":"","footnotes":""},"categories":[7,16],"tags":[795,12282,4415,12285],"class_list":{"0":"post-57142","1":"post","2":"type-post","3":"status-publish","4":"format-standard","5":"has-post-thumbnail","7":"category-musik","8":"category-recension","9":"tag-bon-iver","10":"tag-musik","11":"tag-polen","12":"tag-recension","13":"entry"},"_links":{"self":[{"href":"https:\/\/kulturbloggen.com\/index.php?rest_route=\/wp\/v2\/posts\/57142","targetHints":{"allow":["GET"]}}],"collection":[{"href":"https:\/\/kulturbloggen.com\/index.php?rest_route=\/wp\/v2\/posts"}],"about":[{"href":"https:\/\/kulturbloggen.com\/index.php?rest_route=\/wp\/v2\/types\/post"}],"author":[{"embeddable":true,"href":"https:\/\/kulturbloggen.com\/index.php?rest_route=\/wp\/v2\/users\/2"}],"replies":[{"embeddable":true,"href":"https:\/\/kulturbloggen.com\/index.php?rest_route=%2Fwp%2Fv2%2Fcomments&post=57142"}],"version-history":[{"count":8,"href":"https:\/\/kulturbloggen.com\/index.php?rest_route=\/wp\/v2\/posts\/57142\/revisions"}],"predecessor-version":[{"id":57245,"href":"https:\/\/kulturbloggen.com\/index.php?rest_route=\/wp\/v2\/posts\/57142\/revisions\/57245"}],"wp:featuredmedia":[{"embeddable":true,"href":"https:\/\/kulturbloggen.com\/index.php?rest_route=\/wp\/v2\/media\/57147"}],"wp:attachment":[{"href":"https:\/\/kulturbloggen.com\/index.php?rest_route=%2Fwp%2Fv2%2Fmedia&parent=57142"}],"wp:term":[{"taxonomy":"category","embeddable":true,"href":"https:\/\/kulturbloggen.com\/index.php?rest_route=%2Fwp%2Fv2%2Fcategories&post=57142"},{"taxonomy":"post_tag","embeddable":true,"href":"https:\/\/kulturbloggen.com\/index.php?rest_route=%2Fwp%2Fv2%2Ftags&post=57142"}],"curies":[{"name":"wp","href":"https:\/\/api.w.org\/{rel}","templated":true}]}}