{"id":56983,"date":"2012-07-02T02:06:11","date_gmt":"2012-07-02T00:06:11","guid":{"rendered":"http:\/\/kulturbloggen.com\/?p=56983"},"modified":"2012-07-02T02:07:11","modified_gmt":"2012-07-02T00:07:11","slug":"kulturbloggen-moter-bloc-party","status":"publish","type":"post","link":"https:\/\/kulturbloggen.com\/?p=56983","title":{"rendered":"Kulturbloggen m\u00f6ter Bloc Party"},"content":{"rendered":"<p>Den 20:e augusti ger Bloc Party ut sitt fj\u00e4rde album. Skivan b\u00e4r titeln <em>Four<\/em> och \u00e4r deras f\u00f6rsta album p\u00e5 fyra \u00e5r. Kulturbloggen m\u00f6tte upp bandets basist Gordon Moakes n\u00e5gra timmar f\u00f6re deras spelning p\u00e5 Peace &amp; Love-festivalen i Borl\u00e4nge. I november \u00e5terv\u00e4nder Bloc Party till Sverige f\u00f6r en spelning p\u00e5 M\u00fcnchenbryggeriet i Stockholm.<\/p>\n<p><strong>Hur k\u00e4nns det att bes\u00f6ka Sverige igen?<\/strong><\/p>\n<p>Gordon: Vi har inte varit h\u00e4r p\u00e5 l\u00e4nge, jag skulle vilja spendera mer tid h\u00e4r faktiskt. S\u00e4rskilt i Stockholm. Jag ser fram emot att turnera mer i Skandinavien i vinter, nu \u00e4r vi bara h\u00e4r \u00f6ver dagen.<\/p>\n<p><strong>Det h\u00e4r \u00e4r er f\u00f6rsta festivalspelning sedan uppeh\u00e5llet.<\/strong><\/p>\n<p>Gordon: Det st\u00e4mmer, det h\u00e4r blir v\u00e5r f\u00f6rsta festivalspelning p\u00e5 \u00e5tminstone tre \u00e5r.<\/p>\n<p><strong>Hur har ni f\u00f6rberett er?<\/strong><\/p>\n<p>Gordon: Man har inget val annat \u00e4n att bara h\u00e4nga. Antingen ser man n\u00e5got band eller s\u00e5 h\u00e4nger man vid maten. Vi hinner inte soundchecka, fast det g\u00f6r inget. Vi tycker om sj\u00e4lva festivalandan.<\/p>\n<p><strong>Hur har du f\u00f6r\u00e4ndrats som person sedan sl\u00e4ppet av\u00a0<em>Intimacy <\/em>f\u00f6r fyra \u00e5r sedan?<\/strong><\/p>\n<p>Gordon: Absolut, <em>Intimacy<\/em> kom ut i samband med att jag blev f\u00f6r\u00e4lder f\u00f6r f\u00f6rsta g\u00e5ngen. Nu har jag tv\u00e5 barn och \u00e4r pappa p\u00e5 heltid. S\u00e5 jag har sett mer av v\u00e4rlden \u00e4n att bara vara i ett band. Vi har alla erfarit det verkliga livet vilket hj\u00e4lpt oss som band att hitta nya perspektiv.<\/p>\n<p><strong>Att ni vuxit upp, reflekteras det i musiken p\u00e5 n\u00e5got s\u00e4tt?<\/strong><\/p>\n<p>Gordon: Vi har inte f\u00f6rlorat v\u00e5r passion eller v\u00e5r energi. D\u00e4remot har vi blivit mycket b\u00e4ttre p\u00e5 att kommunicera med varandra som individer. Det h\u00e4r \u00e4r en skiva som vi alla kan vara stolta \u00f6ver. Det har varit en laginsats, s\u00e5 i det avseendet har processen varit betydligt mer h\u00e4lsosam.<\/p>\n<p><strong>N\u00e4r jag lyssnar p\u00e5 albumtrailern f\u00e5r jag k\u00e4nslan av att det \u00e4r en r\u00e4tt varierad skiva som visar upp olika sidor hos bandet. Var det \u00e4mnat s\u00e5 och \u00e4r de h\u00e4r sidorna i s\u00e5 fall reflektioner av era olika personligheter?<\/strong><\/p>\n<p>Gordon: Det finns flera olika k\u00e4nslor och perspektiv som g\u00e5r att f\u00f6rknippa med bandet.\u00a0Kanske beror det p\u00e5 v\u00e5ra olika personligheter. Vi har massa olika \u00e5sikter och musiken skapar olika typer av atmosf\u00e4rer.<\/p>\n<p><strong>Skiljde sig arbetsprocessen bakom den h\u00e4r skivan fr\u00e5n hur ni gick tillv\u00e4ga p\u00e5 era tidigare skivor?<\/strong><\/p>\n<p>Gordon: Den h\u00e4r g\u00e5ngen spelades mycket mer in live. Vi ville att l\u00e5tarna skulle vara in\u00f6vade och att alla arrangemangen skulle vara f\u00e4rdiga innan vi ens gick in i studion. Den h\u00e4r skivan handlar om utf\u00f6randet. F\u00f6rut brukade vi v\u00e4nda oss till ProTools s\u00e5 fort n\u00e5gonting inte l\u00e4t r\u00e4tt.<\/p>\n<p><strong>Varf\u00f6r valde ni att spela in skivan i New York?<\/strong><\/p>\n<p>Gordon: Matt bor d\u00e4r och f\u00f6r ett \u00e5r sedan bodde \u00e4ven Kele d\u00e4r. Vi hade inte umg\u00e5tts sedan vi tog paus s\u00e5 vi k\u00e4nde att vi beh\u00f6vde ett gemensamt territorium. Vi ville inte vara fastkedjade till London-v\u00e4rlden d\u00e4r vi k\u00e4nde igen varenda ansikte. Det k\u00e4ndes p\u00e5 s\u00e4tt och vis som att v\u00e5r v\u00e4xel hade stannat och f\u00f6r att kunna koncentrera p\u00e5 musiken kr\u00e4vdes det att vi m\u00f6ttes i en gemensam kontext. Dessutom bodde producenten i New York, s\u00e5 det verkade logiskt.<\/p>\n<p><strong>Hur l\u00e4nge var ni i studion?<\/strong><\/p>\n<p>Gordon: F\u00f6rst repade vi i tre veckor, sedan gick vi in i studion och spelade in hela skivan p\u00e5 fyra veckor vilket inte alls \u00e4r l\u00e5ng tid f\u00f6r en skiva av den h\u00e4r kalibern. Det var den andan vi ville komma \u00e5t med skivan.<\/p>\n<p><strong>Ut\u00f6ver att det \u00e4r er fj\u00e4rde skiva, finns det fler anledningar till att ni d\u00f6pt skivan till <em>Four<\/em>?<\/strong><\/p>\n<p>Gordon: Den andra saken handlar om att det \u00e4r vi fyra. Att det \u00e4r fyra personers arbete. Vi ville att titeln skulle vara ett eko av det. Det \u00e4r d\u00e4rf\u00f6r albumomslaget f\u00f6rest\u00e4ller fyra cirklar. Det handlar helt enkelt om enkelhet. Tanken av vad vi kan \u00e5stadkomma med v\u00e5ra fyra instrument.<\/p>\n<p><strong>K\u00e4nde ni n\u00e5gon press med tanke p\u00e5 de f\u00f6reg\u00e5ende skivornas framg\u00e5ngar och att det h\u00e4r var det l\u00e4ngsta mellanrummet mellan tv\u00e5 av era skivor?<\/strong><\/p>\n<p>Gordon: Den h\u00e4r g\u00e5ngen k\u00e4nde vi antagligen mindre press \u00e4n vad vi gjorde n\u00e4r vi jobbade med v\u00e5ra tidigare album. Vi gjorde det f\u00f6r oss sj\u00e4lva. Vi hade inget skivbolag som hade investerat i oss. V\u00e5r manager visste inte ens att vi arbetade med skivan f\u00f6rr\u00e4n sent i processen. Vi hade kontroll \u00f6ver allt. Den enda pressen vi k\u00e4nde var att vi skulle g\u00f6ra skivan r\u00e4ttvisa. Vi har h\u00f6ga standards, men allting gick v\u00e4ldigt smidigt. Trots att vi inte hade tr\u00e4ffats p\u00e5 l\u00e4nge k\u00e4ndes det som att allt h\u00e4nde naturligt.<\/p>\n<p><strong>N\u00e5gonting jag f\u00f6rknippar med Bloc Party \u00e4r storstadslivet. Vilken roll spelar storstadslivet f\u00f6r er musik?<\/strong><\/p>\n<p>Gordon: Det har alltid varit en del av v\u00e5r musik. Id\u00e9erna till f\u00f6rsta skivan kom fr\u00e5n att bes\u00f6ka klubbar i London. Musiken vi h\u00f6rde d\u00e4r influerade oss. Halva bandet v\u00e4xte dessutom upp i London, s\u00e5 vi blev r\u00f6sten f\u00f6r en generation. V\u00e5r andra skiva heter ju <em>A Weekend in the City<\/em>, s\u00e5 den handlar uppenbart om stadslivet. Det \u00e4r ett \u00e5terkommande tema i v\u00e5r musik.<\/p>\n<p><strong>Finns det n\u00e5gra \u00e5terkommande teman p\u00e5 <em>Four<\/em>?<\/strong><\/p>\n<p>Gordon: Ett tema \u00e4r att iaktta v\u00e4rldens f\u00f6r\u00e4ndring. Hur vi interagerar med media. \u00c4ven om det inte finns n\u00e5gon textm\u00e4ssig tematik s\u00e5 tycker jag skivan handlar om enkelhet. Det var viktigt att vi alla fyra k\u00e4nde oss delaktiga.<\/p>\n<p><strong>K\u00e4nde du att du inte hade lika mycket att s\u00e4ga till om p\u00e5 de tidigare skivorna?<\/strong><\/p>\n<p>Gordon: Det var s\u00e5 vi arbetade. Efter <em>Flux<\/em> k\u00e4ndes det som att vi allt mer b\u00f6rjade arbeta f\u00f6r att uppn\u00e5 Keles ambitioner. Det var en enkel dansl\u00e5t som gick i fyrtakt och hade ett arpeggio. Det var vad vi h\u00f6ll p\u00e5 med. Det fanns en tidpunkt n\u00e4r jag inte beh\u00f6vdes. Jag satt bara i h\u00f6rnet. P\u00e5 den h\u00e4r skivan har l\u00e5tskrivandet varit en mer kollaborativ process.<\/p>\n<p><strong>\u00c4r det n\u00e5gon s\u00e4rskild l\u00e5t som du anser \u00e4r skivans nyckelsp\u00e5r?<\/strong><\/p>\n<p>Gordon: F\u00f6r mig \u00e4r det en l\u00e5t som heter <em>Octopus<\/em>. Det \u00e4r en l\u00e5t som folk kommer klappa med i. Det \u00e4r en \u00e5terg\u00e5ng till det klassiska Bloc Party-soundet. Dessutom \u00e4r det skivans enda explicita dansl\u00e5t. Sedan jag gillar jag en l\u00e5t som heter <em>Team A<\/em>. Det \u00e4r den mest kreativa l\u00e5ten p\u00e5 skivan. De olika id\u00e9erna kraschar in i varandra och det finns ett m\u00f6rker \u00f6ver den.<\/p>\n<p><iframe loading=\"lazy\" src=\"http:\/\/www.youtube.com\/embed\/s4M5EqOGsMA\" frameborder=\"0\" width=\"420\" height=\"315\"><\/iframe><\/p>\n","protected":false},"excerpt":{"rendered":"<p>Den 20:e augusti ger Bloc Party ut sitt fj\u00e4rde album. Skivan b\u00e4r titeln Four och \u00e4r deras f\u00f6rsta album p\u00e5 fyra \u00e5r. Kulturbloggen m\u00f6tte upp bandets basist Gordon Moakes n\u00e5gra timmar f\u00f6re deras spelning p\u00e5 Peace &amp; Love-festivalen i Borl\u00e4nge. I november \u00e5terv\u00e4nder Bloc Party till Sverige f\u00f6r en spelning p\u00e5 M\u00fcnchenbryggeriet i Stockholm. Hur [&hellip;]<\/p>\n","protected":false},"author":3,"featured_media":56984,"comment_status":"open","ping_status":"open","sticky":false,"template":"","format":"standard","meta":{"_genesis_hide_title":false,"_genesis_hide_breadcrumbs":false,"_genesis_hide_singular_image":false,"_genesis_hide_footer_widgets":false,"_genesis_custom_body_class":"","_genesis_custom_post_class":"","_genesis_layout":"","footnotes":""},"categories":[5,7],"tags":[710,8284,8283,4290],"class_list":{"0":"post-56983","1":"post","2":"type-post","3":"status-publish","4":"format-standard","5":"has-post-thumbnail","7":"category-intervju","8":"category-musik","9":"tag-bloc-party","10":"tag-four","11":"tag-gordon-moakes","12":"tag-peace-love","13":"entry"},"_links":{"self":[{"href":"https:\/\/kulturbloggen.com\/index.php?rest_route=\/wp\/v2\/posts\/56983","targetHints":{"allow":["GET"]}}],"collection":[{"href":"https:\/\/kulturbloggen.com\/index.php?rest_route=\/wp\/v2\/posts"}],"about":[{"href":"https:\/\/kulturbloggen.com\/index.php?rest_route=\/wp\/v2\/types\/post"}],"author":[{"embeddable":true,"href":"https:\/\/kulturbloggen.com\/index.php?rest_route=\/wp\/v2\/users\/3"}],"replies":[{"embeddable":true,"href":"https:\/\/kulturbloggen.com\/index.php?rest_route=%2Fwp%2Fv2%2Fcomments&post=56983"}],"version-history":[{"count":3,"href":"https:\/\/kulturbloggen.com\/index.php?rest_route=\/wp\/v2\/posts\/56983\/revisions"}],"predecessor-version":[{"id":57005,"href":"https:\/\/kulturbloggen.com\/index.php?rest_route=\/wp\/v2\/posts\/56983\/revisions\/57005"}],"wp:featuredmedia":[{"embeddable":true,"href":"https:\/\/kulturbloggen.com\/index.php?rest_route=\/wp\/v2\/media\/56984"}],"wp:attachment":[{"href":"https:\/\/kulturbloggen.com\/index.php?rest_route=%2Fwp%2Fv2%2Fmedia&parent=56983"}],"wp:term":[{"taxonomy":"category","embeddable":true,"href":"https:\/\/kulturbloggen.com\/index.php?rest_route=%2Fwp%2Fv2%2Fcategories&post=56983"},{"taxonomy":"post_tag","embeddable":true,"href":"https:\/\/kulturbloggen.com\/index.php?rest_route=%2Fwp%2Fv2%2Ftags&post=56983"}],"curies":[{"name":"wp","href":"https:\/\/api.w.org\/{rel}","templated":true}]}}