{"id":56814,"date":"2012-06-29T17:29:06","date_gmt":"2012-06-29T15:29:06","guid":{"rendered":"http:\/\/kulturbloggen.com\/?p=56814"},"modified":"2012-06-29T17:29:06","modified_gmt":"2012-06-29T15:29:06","slug":"kvallstidningarna-frossar-i-percy-barnevik-historien","status":"publish","type":"post","link":"https:\/\/kulturbloggen.com\/?p=56814","title":{"rendered":"Kv\u00e4llstidningarna frossar i Percy Barnevik-historien"},"content":{"rendered":"<p><a href=\"http:\/\/kulturbloggen.com\/wp-content\/uploads\/2012\/06\/percybarnevik.jpg\"><img loading=\"lazy\" decoding=\"async\" src=\"http:\/\/kulturbloggen.com\/wp-content\/uploads\/2012\/06\/percybarnevik-300x202.jpg\" alt=\"\" title=\"percybarnevik\" width=\"300\" height=\"202\" class=\"aligncenter size-medium wp-image-56824\" srcset=\"https:\/\/kulturbloggen.com\/wp-content\/uploads\/2012\/06\/percybarnevik-300x202.jpg 300w, https:\/\/kulturbloggen.com\/wp-content\/uploads\/2012\/06\/percybarnevik-200x134.jpg 200w, https:\/\/kulturbloggen.com\/wp-content\/uploads\/2012\/06\/percybarnevik-175x117.jpg 175w, https:\/\/kulturbloggen.com\/wp-content\/uploads\/2012\/06\/percybarnevik-341x230.jpg 341w, https:\/\/kulturbloggen.com\/wp-content\/uploads\/2012\/06\/percybarnevik-96x65.jpg 96w, https:\/\/kulturbloggen.com\/wp-content\/uploads\/2012\/06\/percybarnevik-80x53.jpg 80w, https:\/\/kulturbloggen.com\/wp-content\/uploads\/2012\/06\/percybarnevik-150x101.jpg 150w, https:\/\/kulturbloggen.com\/wp-content\/uploads\/2012\/06\/percybarnevik.jpg 450w\" sizes=\"auto, (max-width: 300px) 100vw, 300px\" \/><\/a><\/p>\n<p>Har Sverige f\u00e5tt ett eget <a href=\"http:\/\/www.aftonbladet.se\/nyheter\/article15051683.ab\">Domique Strauss-Kahn-fall<\/a>? Ni vet Valutafondens tidigare chef Domique Strauss-Kahn som greps p\u00e5 flygplatsen i New York, anklagad f\u00f6r att ha f\u00f6rs\u00f6kt v\u00e5ldta en st\u00e4derska p\u00e5 det lyxhotell han bott p\u00e5.<br \/>\nSkandalen eller ryktesspridningen kring honom blev snart \u00e4nnu st\u00f6rre, som Aftonbladet skriver:<br \/>\n<em>I mars i \u00e5r drogs han in i en prostitutionsh\u00e4rva i Frankrike. Verksamheten kretsade kring ett lyxhotell i Lille och handlade om att f\u00f6rse samh\u00e4llstoppar med prostituerade. Minder\u00e5riga och invandrarkvinnor utan papper ska ha utnyttjats.<\/em><\/p>\n<p>Nu har de tv\u00e5 svenska kv\u00e4llstidningarna f\u00e5tt en riktig kioskv\u00e4ltare n\u00e4r en av de st\u00f6rsta svenska f\u00f6retagsledarna, <a href=\"http:\/\/www.aftonbladet.se\/nyheter\/article15051473.ab\">Percy Barnevik, anklagas f\u00f6r &#8221;sexual assault&#8221;<\/a>. Han har f\u00f6rh\u00f6rts av polisen i London, <a href=\"http:\/\/www.expressen.se\/nyheter\/percy-barnevik-gripen-misstankt-for-sexbrott\/\">skriver Expressen<\/a>:<br \/>\n<em>En av Sveriges mest k\u00e4nda industrialister och n\u00e4ringslivsprofiler, f\u00f6rre ABB-chefen Percy Barnevik, greps i g\u00e5r av polisen i London, anklagad f\u00f6r sexbrott.<br \/>\nHan sl\u00e4pptes mot borgen och \u00e4r kallad till ett nytt f\u00f6rh\u00f6r efter sommaren.<br \/>\n\u2013\u2005Anklagelserna \u00e4r grundl\u00f6sa. De kommer fr\u00e5n en kvinna som f\u00f6rf\u00f6ljer mig, sade Percy Barnevik till Expressen i natt.<\/em><\/p>\n<p>Normalt b\u00f6r en m\u00e4nniska inte beh\u00f6va schavottera f\u00f6r \u00f6ppen rid\u00e5 n\u00e4r det bara handlar om misstankar. Ingen r\u00e4tteg\u00e5ng har startat och ingen dom har fallit. Men f\u00f6r den som \u00e4r s\u00e5 k\u00e4nd som Percy Barnevik r\u00e5der uppenbarligen andra regler. K\u00e4nda personer kan h\u00e4ngas ut utan att det finns n\u00e5gra bevis, utan n\u00e5gon dom, utan att de st\u00e4llts inf\u00f6r r\u00e4tteg\u00e5ng.<\/p>\n<p>T\u00e4nk om han \u00e4r helt oskyldig. Han blir \u00e4nd\u00e5 d\u00f6md i allm\u00e4nhetens \u00f6gon efter dessa stora l\u00f6psedlar.<\/p>\n<p>Jag konstaterar ocks\u00e5 att \u00e4nnu s\u00e5 l\u00e4nge har morgontidningarna avvaktat med att sl\u00e5 upp historien.<\/p>\n<p>L\u00e4s \u00e4ven andra bloggares \u00e5sikter om <a href=\"http:\/\/bloggar.se\/om\/Percy+Barnevik\" rel=\"tag\">Percy Barnevik<\/a>, <a href=\"http:\/\/bloggar.se\/om\/London\" rel=\"tag\">London<\/a>, <a href=\"http:\/\/bloggar.se\/om\/sex\" rel=\"tag\">sex<\/a>, <a href=\"http:\/\/bloggar.se\/om\/misstankar\" rel=\"tag\">misstankar<\/a>, <a href=\"http:\/\/bloggar.se\/om\/medier\" rel=\"tag\">medier<\/a>, <a href=\"http:\/\/bloggar.se\/om\/mediekritik\" rel=\"tag\">mediekritik<\/a>, <a href=\"http:\/\/bloggar.se\/om\/kv%E4llstidningar\" rel=\"tag\">kv\u00e4llstidningar<\/a><\/p>\n<p>Mer i <a href=\"http:\/\/www.expressen.se\/nyheter\/fran-framgang-till-kontroverserna\/\">Expressen 1<\/a> och <a href=\"http:\/\/www.expressen.se\/nyheter\/kollegorna-chockade-det-verkar-befangt\/\">Expressen 2<\/a> och <a href=\"http:\/\/www.expressen.se\/nyheter\/han-riskerar-fangelse--nekar-till-brott\/\">Expressen 3<\/a><\/p>\n","protected":false},"excerpt":{"rendered":"<p>Har Sverige f\u00e5tt ett eget Domique Strauss-Kahn-fall? Ni vet Valutafondens tidigare chef Domique Strauss-Kahn som greps p\u00e5 flygplatsen i New York, anklagad f\u00f6r att ha f\u00f6rs\u00f6kt v\u00e5ldta en st\u00e4derska p\u00e5 det lyxhotell han bott p\u00e5. Skandalen eller ryktesspridningen kring honom blev snart \u00e4nnu st\u00f6rre, som Aftonbladet skriver: I mars i \u00e5r drogs han in i [&hellip;]<\/p>\n","protected":false},"author":2,"featured_media":0,"comment_status":"open","ping_status":"open","sticky":false,"template":"","format":"standard","meta":{"_genesis_hide_title":false,"_genesis_hide_breadcrumbs":false,"_genesis_hide_singular_image":false,"_genesis_hide_footer_widgets":false,"_genesis_custom_body_class":"","_genesis_custom_post_class":"","_genesis_layout":"","footnotes":""},"categories":[44,62],"tags":[3159,3349,3580,3582,8268,8267,5014],"class_list":{"0":"post-56814","1":"post","2":"type-post","3":"status-publish","4":"format-standard","6":"category-chadie","7":"category-medie-och-kulturpolitik","8":"tag-kvallstidningar","9":"tag-london","10":"tag-mediekritik","11":"tag-medier","12":"tag-misstankar","13":"tag-percy-barnevik","14":"tag-sex","15":"entry"},"_links":{"self":[{"href":"https:\/\/kulturbloggen.com\/index.php?rest_route=\/wp\/v2\/posts\/56814","targetHints":{"allow":["GET"]}}],"collection":[{"href":"https:\/\/kulturbloggen.com\/index.php?rest_route=\/wp\/v2\/posts"}],"about":[{"href":"https:\/\/kulturbloggen.com\/index.php?rest_route=\/wp\/v2\/types\/post"}],"author":[{"embeddable":true,"href":"https:\/\/kulturbloggen.com\/index.php?rest_route=\/wp\/v2\/users\/2"}],"replies":[{"embeddable":true,"href":"https:\/\/kulturbloggen.com\/index.php?rest_route=%2Fwp%2Fv2%2Fcomments&post=56814"}],"version-history":[{"count":3,"href":"https:\/\/kulturbloggen.com\/index.php?rest_route=\/wp\/v2\/posts\/56814\/revisions"}],"predecessor-version":[{"id":56825,"href":"https:\/\/kulturbloggen.com\/index.php?rest_route=\/wp\/v2\/posts\/56814\/revisions\/56825"}],"wp:attachment":[{"href":"https:\/\/kulturbloggen.com\/index.php?rest_route=%2Fwp%2Fv2%2Fmedia&parent=56814"}],"wp:term":[{"taxonomy":"category","embeddable":true,"href":"https:\/\/kulturbloggen.com\/index.php?rest_route=%2Fwp%2Fv2%2Fcategories&post=56814"},{"taxonomy":"post_tag","embeddable":true,"href":"https:\/\/kulturbloggen.com\/index.php?rest_route=%2Fwp%2Fv2%2Ftags&post=56814"}],"curies":[{"name":"wp","href":"https:\/\/api.w.org\/{rel}","templated":true}]}}