{"id":56762,"date":"2012-06-28T20:23:38","date_gmt":"2012-06-28T18:23:38","guid":{"rendered":"http:\/\/kulturbloggen.com\/?p=56762"},"modified":"2012-06-28T20:24:17","modified_gmt":"2012-06-28T18:24:17","slug":"katarina-von-bredow-far-barnens-romanpris-2012-for-flyga-hogt","status":"publish","type":"post","link":"https:\/\/kulturbloggen.com\/?p=56762","title":{"rendered":"Katarina von Bredow f\u00e5r Barnens Romanpris 2012 f\u00f6r Flyga h\u00f6gt"},"content":{"rendered":"<p>Katarina von Bredow har tilldelats Barnens Romanpris, Sveriges Radios och UR:s pris f\u00f6r b\u00e4sta barn- och ungdomsbok, f\u00f6r sin bok Flyga h\u00f6gt. <a href=\"http:\/\/sverigesradio.se\/sida\/default.aspx?ProgramId=3631\" target=\"_blank\">Sveriges Radio <\/a>skriver i ett pressmeddelande: <\/p>\n<blockquote><p>Under hela veckan har Anna M\u00e5rtensson och Lindita Tufvesson fr\u00e5n Svaleboskolan i lilla Veber\u00f6d, ett par mil \u00f6ster om Lund och Aos Ali, Florind Haliti och Salm Mohammed fr\u00e5n M\u00f6llev\u00e5ngsskolan i centrala Malm\u00f6 livligt diskuterat de fem nominerade b\u00f6ckerna f\u00f6r att slutligen enas om en vinnare; Katarina von Bredows \u201dFlyga h\u00f6gt\u201d fick h\u00f6gsta po\u00e4ng. Pristagaren presenterades i programmet i P1 28 juni kl. 11.03.<\/p>\n<p>\u2013 Jag \u00e4r otroligt glad och hedrad, men kanske \u00e4nnu mer f\u00f6rv\u00e5nad. I synnerhet n\u00e4r jag l\u00e4ste om juryns \u00e5lder. Men det \u00e4r fantastiskt att f\u00e5 \u00e4nnu en bekr\u00e4ftelse p\u00e5 att min l\u00e4sekrets \u00e4r s\u00e5 bred, att m\u00e4nniskor fr\u00e5n elva \u00e5r och upp hur l\u00e5ngt som helst tydligen kan ha gl\u00e4dje av det jag skriver, s\u00e4ger Katarina von Bredow.<\/p>\n<p>Barnens Romanpris har funnits sedan 2011 och v\u00e4nder sig till barn mellan elva och tretton \u00e5r. Prissumman \u00e4r 30 000 kronor.<\/p>\n<p>Juryns motivering: &#8221;Flyga h\u00f6gt \u00e4r dramatisk. En bok full med k\u00e4rlek. Stor inlevelse. M\u00e5nga dilemman. S\u00e5 h\u00e4r kan det vara i verkligheten.&#8221;<\/p>\n<p>Katarina von Bredow har varit yrkesverksam f\u00f6rfattare sedan 1991, d\u00e5 hon debuterade med sin ungdomsroman &#8221;Syskonk\u00e4rlek&#8221;. Efter det har ytterligare sju ungdomsromaner kommit ut. Hon skriver \u00f6ppet om ton\u00e5ringars k\u00e4nslor och sexualitet, om den grymma skolv\u00e4rlden och modet att st\u00e4lla upp f\u00f6r den som beh\u00f6ver det.<\/p>\n<p>I \u201dFlyga h\u00f6gt\u201d kommer en ny elev till klassen, Silja. Som ny borde hon v\u00e4l h\u00e5lla en l\u00e5g profil, vara lite lagom och acceptera de grupperingar som redan finns. Men s\u00e5 g\u00f6r inte Silja. Hon brakar rakt in i den niondeklass som ber\u00e4ttaren Vendela g\u00e5r i och struntar fullkomligt i alla oskrivna regler. Vendela blir fascinerad, men det blir inte hennes b\u00e4stis Tove. Vi f\u00e5r f\u00f6lja historien d\u00e4r Vendela f\u00f6rs\u00f6ker balansera mellan sin gamla v\u00e4nskap med Tove och den nya med Silja och hur hon vacklar i k\u00e4rleken mellan klasskamraterna Nils och Sven och grubblar \u00f6ver om vi kan v\u00e5ga bryta mot alla koder som g\u00e4ller \u00f6verallt.<\/p>\n<p>\u2013 Jag skrev boken \u201dFlyga h\u00f6gt\u201d under en ganska l\u00e5ng tid och t\u00e4nkte mycket p\u00e5 hur det var att g\u00e5 i 8:an och 9:an, n\u00e4r man skulle h\u00e5lla positionerna \u00e5t alla h\u00e5ll. Hela det h\u00e4r spelet om hur man hittar sin roll i tillvaron, det har jag upplevt sj\u00e4lv, s\u00e4ger Katarina von Bredow.<\/p>\n<p>Om Barnens Romanpris<br \/>\nKulturjournalisten Kerstin M. Lundberg \u00e4r en av initiativtagarna bakom Sveriges Radios Romanpris som startade 1993. Tillsammans med Ylva M\u00e5rtens, producent f\u00f6r programmet &#8221;Barnen i P1\u201d, startade de Barnens romanpris 2010 f\u00f6r att fr\u00e4mja barns l\u00e4sning. De fem nominerade b\u00f6ckerna \u00e4r utgivna i Sverige under 2011 och v\u00e4ljs ut av en grupp barnbokskritiker. Vinnaren utses sedan av en jury best\u00e5ende av mellanstadiebarn.<\/p>\n<p>\u00c5rets fem nominerade b\u00f6cker var Min pappa \u00e4r sn\u00e4ll och min mamma \u00e4r utl\u00e4nning av Emmy Abrahamson, Flyga h\u00f6gt av Katarina von Bredow, F\u00f6rvandlad av M\u00e5rten Melin, I den tysta minuten mellan av Viveka Sj\u00f6gren och F\u00f6rs\u00f6ksdjuret av Marianne Strand.<\/p><\/blockquote>\n<p>Foto: privat<\/p>\n<p>L\u00e4s \u00e4ven andra bloggares \u00e5sikter om <a href=\"http:\/\/bloggar.se\/om\/Barnens+Romanpris\" rel=\"tag\">Barnens Romanpris<\/a><\/p>\n","protected":false},"excerpt":{"rendered":"<p>Katarina von Bredow har tilldelats Barnens Romanpris, Sveriges Radios och UR:s pris f\u00f6r b\u00e4sta barn- och ungdomsbok, f\u00f6r sin bok Flyga h\u00f6gt. Sveriges Radio skriver i ett pressmeddelande: Under hela veckan har Anna M\u00e5rtensson och Lindita Tufvesson fr\u00e5n Svaleboskolan i lilla Veber\u00f6d, ett par mil \u00f6ster om Lund och Aos Ali, Florind Haliti och Salm [&hellip;]<\/p>\n","protected":false},"author":13,"featured_media":56763,"comment_status":"open","ping_status":"open","sticky":false,"template":"","format":"standard","meta":{"_genesis_hide_title":false,"_genesis_hide_breadcrumbs":false,"_genesis_hide_singular_image":false,"_genesis_hide_footer_widgets":false,"_genesis_custom_body_class":"","_genesis_custom_post_class":"","_genesis_layout":"","footnotes":""},"categories":[3],"tags":[533,535,5537],"class_list":{"0":"post-56762","1":"post","2":"type-post","3":"status-publish","4":"format-standard","5":"has-post-thumbnail","7":"category-litteratur","8":"tag-barnbocker","9":"tag-barnens-romanpris","10":"tag-sveriges-radio","11":"entry"},"_links":{"self":[{"href":"https:\/\/kulturbloggen.com\/index.php?rest_route=\/wp\/v2\/posts\/56762","targetHints":{"allow":["GET"]}}],"collection":[{"href":"https:\/\/kulturbloggen.com\/index.php?rest_route=\/wp\/v2\/posts"}],"about":[{"href":"https:\/\/kulturbloggen.com\/index.php?rest_route=\/wp\/v2\/types\/post"}],"author":[{"embeddable":true,"href":"https:\/\/kulturbloggen.com\/index.php?rest_route=\/wp\/v2\/users\/13"}],"replies":[{"embeddable":true,"href":"https:\/\/kulturbloggen.com\/index.php?rest_route=%2Fwp%2Fv2%2Fcomments&post=56762"}],"version-history":[{"count":3,"href":"https:\/\/kulturbloggen.com\/index.php?rest_route=\/wp\/v2\/posts\/56762\/revisions"}],"predecessor-version":[{"id":56766,"href":"https:\/\/kulturbloggen.com\/index.php?rest_route=\/wp\/v2\/posts\/56762\/revisions\/56766"}],"wp:featuredmedia":[{"embeddable":true,"href":"https:\/\/kulturbloggen.com\/index.php?rest_route=\/wp\/v2\/media\/56763"}],"wp:attachment":[{"href":"https:\/\/kulturbloggen.com\/index.php?rest_route=%2Fwp%2Fv2%2Fmedia&parent=56762"}],"wp:term":[{"taxonomy":"category","embeddable":true,"href":"https:\/\/kulturbloggen.com\/index.php?rest_route=%2Fwp%2Fv2%2Fcategories&post=56762"},{"taxonomy":"post_tag","embeddable":true,"href":"https:\/\/kulturbloggen.com\/index.php?rest_route=%2Fwp%2Fv2%2Ftags&post=56762"}],"curies":[{"name":"wp","href":"https:\/\/api.w.org\/{rel}","templated":true}]}}