{"id":56618,"date":"2012-06-28T11:31:41","date_gmt":"2012-06-28T09:31:41","guid":{"rendered":"http:\/\/kulturbloggen.com\/?p=56618"},"modified":"2012-06-28T11:36:57","modified_gmt":"2012-06-28T09:36:57","slug":"sven-bertil-taube-pa-grona-lund","status":"publish","type":"post","link":"https:\/\/kulturbloggen.com\/?p=56618","title":{"rendered":"Sven-Bertil Taube p\u00e5 Gr\u00f6na Lund, bilder"},"content":{"rendered":"<p>F\u00f6r 50:e f\u00f6rsta \u00e5ret i rad bes\u00f6kte Sven-Bertil Taube den stora scenen p\u00e5 <a href=\"http:\/\/www.gronalund.com\/sv\/Konserter-underhallning\/Konserter\/Sven-Bertil-Taube-med-gaster\/\">Gr\u00f6na Lund<\/a> den 27 juni 2012. Med sig hade han Sara Dawn Finer och Salem Al Fakir som sj\u00f6ng b\u00e5de solol\u00e5tar och varisn duett tillsammans med Taube.<\/p>\n<p><strong>Foto: Calle Andersson<\/strong><\/p>\n<p><a href=\"http:\/\/kulturbloggen.com\/wp-content\/uploads\/2012\/06\/svenbertiltaube5.jpg\"><img loading=\"lazy\" decoding=\"async\" src=\"http:\/\/kulturbloggen.com\/wp-content\/uploads\/2012\/06\/svenbertiltaube5-300x199.jpg\" alt=\"\" title=\"svenbertiltaube5\" width=\"300\" height=\"199\" class=\"aligncenter size-medium wp-image-56621\" srcset=\"https:\/\/kulturbloggen.com\/wp-content\/uploads\/2012\/06\/svenbertiltaube5-300x199.jpg 300w, https:\/\/kulturbloggen.com\/wp-content\/uploads\/2012\/06\/svenbertiltaube5-200x133.jpg 200w, https:\/\/kulturbloggen.com\/wp-content\/uploads\/2012\/06\/svenbertiltaube5-175x116.jpg 175w, https:\/\/kulturbloggen.com\/wp-content\/uploads\/2012\/06\/svenbertiltaube5-345x230.jpg 345w, https:\/\/kulturbloggen.com\/wp-content\/uploads\/2012\/06\/svenbertiltaube5-97x65.jpg 97w, https:\/\/kulturbloggen.com\/wp-content\/uploads\/2012\/06\/svenbertiltaube5-80x53.jpg 80w, https:\/\/kulturbloggen.com\/wp-content\/uploads\/2012\/06\/svenbertiltaube5-150x99.jpg 150w, https:\/\/kulturbloggen.com\/wp-content\/uploads\/2012\/06\/svenbertiltaube5-590x392.jpg 590w, https:\/\/kulturbloggen.com\/wp-content\/uploads\/2012\/06\/svenbertiltaube5-920x612.jpg 920w, https:\/\/kulturbloggen.com\/wp-content\/uploads\/2012\/06\/svenbertiltaube5.jpg 1000w\" sizes=\"auto, (max-width: 300px) 100vw, 300px\" \/><\/a><\/p>\n<p><a href=\"http:\/\/kulturbloggen.com\/wp-content\/uploads\/2012\/06\/svenbertiltaube3.jpg\"><img loading=\"lazy\" decoding=\"async\" src=\"http:\/\/kulturbloggen.com\/wp-content\/uploads\/2012\/06\/svenbertiltaube3-300x199.jpg\" alt=\"\" title=\"svenbertiltaube3\" width=\"300\" height=\"199\" class=\"aligncenter size-medium wp-image-56622\" srcset=\"https:\/\/kulturbloggen.com\/wp-content\/uploads\/2012\/06\/svenbertiltaube3-300x199.jpg 300w, https:\/\/kulturbloggen.com\/wp-content\/uploads\/2012\/06\/svenbertiltaube3-200x133.jpg 200w, https:\/\/kulturbloggen.com\/wp-content\/uploads\/2012\/06\/svenbertiltaube3-175x116.jpg 175w, https:\/\/kulturbloggen.com\/wp-content\/uploads\/2012\/06\/svenbertiltaube3-345x230.jpg 345w, https:\/\/kulturbloggen.com\/wp-content\/uploads\/2012\/06\/svenbertiltaube3-97x65.jpg 97w, https:\/\/kulturbloggen.com\/wp-content\/uploads\/2012\/06\/svenbertiltaube3-80x53.jpg 80w, https:\/\/kulturbloggen.com\/wp-content\/uploads\/2012\/06\/svenbertiltaube3-150x99.jpg 150w, https:\/\/kulturbloggen.com\/wp-content\/uploads\/2012\/06\/svenbertiltaube3-590x392.jpg 590w, https:\/\/kulturbloggen.com\/wp-content\/uploads\/2012\/06\/svenbertiltaube3-920x612.jpg 920w, https:\/\/kulturbloggen.com\/wp-content\/uploads\/2012\/06\/svenbertiltaube3.jpg 1000w\" sizes=\"auto, (max-width: 300px) 100vw, 300px\" \/><\/a><\/p>\n<p><a href=\"http:\/\/kulturbloggen.com\/wp-content\/uploads\/2012\/06\/svenbertiltaube2.jpg\"><img loading=\"lazy\" decoding=\"async\" src=\"http:\/\/kulturbloggen.com\/wp-content\/uploads\/2012\/06\/svenbertiltaube2-300x199.jpg\" alt=\"\" title=\"svenbertiltaube2\" width=\"300\" height=\"199\" class=\"aligncenter size-medium wp-image-56623\" srcset=\"https:\/\/kulturbloggen.com\/wp-content\/uploads\/2012\/06\/svenbertiltaube2-300x199.jpg 300w, https:\/\/kulturbloggen.com\/wp-content\/uploads\/2012\/06\/svenbertiltaube2-200x133.jpg 200w, https:\/\/kulturbloggen.com\/wp-content\/uploads\/2012\/06\/svenbertiltaube2-175x116.jpg 175w, https:\/\/kulturbloggen.com\/wp-content\/uploads\/2012\/06\/svenbertiltaube2-345x230.jpg 345w, https:\/\/kulturbloggen.com\/wp-content\/uploads\/2012\/06\/svenbertiltaube2-97x65.jpg 97w, https:\/\/kulturbloggen.com\/wp-content\/uploads\/2012\/06\/svenbertiltaube2-80x53.jpg 80w, https:\/\/kulturbloggen.com\/wp-content\/uploads\/2012\/06\/svenbertiltaube2-150x99.jpg 150w, https:\/\/kulturbloggen.com\/wp-content\/uploads\/2012\/06\/svenbertiltaube2-590x392.jpg 590w, https:\/\/kulturbloggen.com\/wp-content\/uploads\/2012\/06\/svenbertiltaube2-920x612.jpg 920w, https:\/\/kulturbloggen.com\/wp-content\/uploads\/2012\/06\/svenbertiltaube2.jpg 1000w\" sizes=\"auto, (max-width: 300px) 100vw, 300px\" \/><\/a><\/p>\n<p><a href=\"http:\/\/kulturbloggen.com\/wp-content\/uploads\/2012\/06\/salemalfakir.jpg\"><img loading=\"lazy\" decoding=\"async\" src=\"http:\/\/kulturbloggen.com\/wp-content\/uploads\/2012\/06\/salemalfakir-300x199.jpg\" alt=\"\" title=\"salemalfakir\" width=\"300\" height=\"199\" class=\"aligncenter size-medium wp-image-56628\" srcset=\"https:\/\/kulturbloggen.com\/wp-content\/uploads\/2012\/06\/salemalfakir-300x199.jpg 300w, https:\/\/kulturbloggen.com\/wp-content\/uploads\/2012\/06\/salemalfakir-200x133.jpg 200w, https:\/\/kulturbloggen.com\/wp-content\/uploads\/2012\/06\/salemalfakir-175x116.jpg 175w, https:\/\/kulturbloggen.com\/wp-content\/uploads\/2012\/06\/salemalfakir-345x230.jpg 345w, https:\/\/kulturbloggen.com\/wp-content\/uploads\/2012\/06\/salemalfakir-97x65.jpg 97w, https:\/\/kulturbloggen.com\/wp-content\/uploads\/2012\/06\/salemalfakir-80x53.jpg 80w, https:\/\/kulturbloggen.com\/wp-content\/uploads\/2012\/06\/salemalfakir-150x99.jpg 150w, https:\/\/kulturbloggen.com\/wp-content\/uploads\/2012\/06\/salemalfakir-590x392.jpg 590w, https:\/\/kulturbloggen.com\/wp-content\/uploads\/2012\/06\/salemalfakir-920x612.jpg 920w, https:\/\/kulturbloggen.com\/wp-content\/uploads\/2012\/06\/salemalfakir.jpg 1000w\" sizes=\"auto, (max-width: 300px) 100vw, 300px\" \/><\/a><\/p>\n<p><a href=\"http:\/\/kulturbloggen.com\/wp-content\/uploads\/2012\/06\/sarahdawnfiner.jpg\"><img loading=\"lazy\" decoding=\"async\" src=\"http:\/\/kulturbloggen.com\/wp-content\/uploads\/2012\/06\/sarahdawnfiner-200x300.jpg\" alt=\"\" title=\"sarahdawnfiner\" width=\"200\" height=\"300\" class=\"aligncenter size-medium wp-image-56627\" srcset=\"https:\/\/kulturbloggen.com\/wp-content\/uploads\/2012\/06\/sarahdawnfiner-200x300.jpg 200w, https:\/\/kulturbloggen.com\/wp-content\/uploads\/2012\/06\/sarahdawnfiner-682x1024.jpg 682w, https:\/\/kulturbloggen.com\/wp-content\/uploads\/2012\/06\/sarahdawnfiner-150x225.jpg 150w, https:\/\/kulturbloggen.com\/wp-content\/uploads\/2012\/06\/sarahdawnfiner-100x150.jpg 100w, https:\/\/kulturbloggen.com\/wp-content\/uploads\/2012\/06\/sarahdawnfiner-153x230.jpg 153w, https:\/\/kulturbloggen.com\/wp-content\/uploads\/2012\/06\/sarahdawnfiner-43x65.jpg 43w, https:\/\/kulturbloggen.com\/wp-content\/uploads\/2012\/06\/sarahdawnfiner-53x80.jpg 53w, https:\/\/kulturbloggen.com\/wp-content\/uploads\/2012\/06\/sarahdawnfiner-590x885.jpg 590w, https:\/\/kulturbloggen.com\/wp-content\/uploads\/2012\/06\/sarahdawnfiner-920x1380.jpg 920w, https:\/\/kulturbloggen.com\/wp-content\/uploads\/2012\/06\/sarahdawnfiner.jpg 1000w\" sizes=\"auto, (max-width: 200px) 100vw, 200px\" \/><\/a><\/p>\n<p><a href=\"http:\/\/kulturbloggen.com\/wp-content\/uploads\/2012\/06\/svenbertiltaube1.jpg\"><img loading=\"lazy\" decoding=\"async\" src=\"http:\/\/kulturbloggen.com\/wp-content\/uploads\/2012\/06\/svenbertiltaube1-300x199.jpg\" alt=\"\" title=\"svenbertiltaube1\" width=\"300\" height=\"199\" class=\"aligncenter size-medium wp-image-56624\" srcset=\"https:\/\/kulturbloggen.com\/wp-content\/uploads\/2012\/06\/svenbertiltaube1-300x199.jpg 300w, https:\/\/kulturbloggen.com\/wp-content\/uploads\/2012\/06\/svenbertiltaube1-200x133.jpg 200w, https:\/\/kulturbloggen.com\/wp-content\/uploads\/2012\/06\/svenbertiltaube1-175x116.jpg 175w, https:\/\/kulturbloggen.com\/wp-content\/uploads\/2012\/06\/svenbertiltaube1-345x230.jpg 345w, https:\/\/kulturbloggen.com\/wp-content\/uploads\/2012\/06\/svenbertiltaube1-97x65.jpg 97w, https:\/\/kulturbloggen.com\/wp-content\/uploads\/2012\/06\/svenbertiltaube1-80x53.jpg 80w, https:\/\/kulturbloggen.com\/wp-content\/uploads\/2012\/06\/svenbertiltaube1-150x99.jpg 150w, https:\/\/kulturbloggen.com\/wp-content\/uploads\/2012\/06\/svenbertiltaube1-590x392.jpg 590w, https:\/\/kulturbloggen.com\/wp-content\/uploads\/2012\/06\/svenbertiltaube1-920x612.jpg 920w, https:\/\/kulturbloggen.com\/wp-content\/uploads\/2012\/06\/svenbertiltaube1.jpg 1000w\" sizes=\"auto, (max-width: 300px) 100vw, 300px\" \/><\/a><\/p>\n<p><a href=\"http:\/\/kulturbloggen.com\/wp-content\/uploads\/2012\/06\/svenbertiltaube.jpg\"><img loading=\"lazy\" decoding=\"async\" src=\"http:\/\/kulturbloggen.com\/wp-content\/uploads\/2012\/06\/svenbertiltaube-200x300.jpg\" alt=\"\" title=\"svenbertiltaube\" width=\"200\" height=\"300\" class=\"aligncenter size-medium wp-image-56626\" srcset=\"https:\/\/kulturbloggen.com\/wp-content\/uploads\/2012\/06\/svenbertiltaube-200x300.jpg 200w, https:\/\/kulturbloggen.com\/wp-content\/uploads\/2012\/06\/svenbertiltaube-682x1024.jpg 682w, https:\/\/kulturbloggen.com\/wp-content\/uploads\/2012\/06\/svenbertiltaube-150x225.jpg 150w, https:\/\/kulturbloggen.com\/wp-content\/uploads\/2012\/06\/svenbertiltaube-100x150.jpg 100w, https:\/\/kulturbloggen.com\/wp-content\/uploads\/2012\/06\/svenbertiltaube-153x230.jpg 153w, https:\/\/kulturbloggen.com\/wp-content\/uploads\/2012\/06\/svenbertiltaube-43x65.jpg 43w, https:\/\/kulturbloggen.com\/wp-content\/uploads\/2012\/06\/svenbertiltaube-53x80.jpg 53w, https:\/\/kulturbloggen.com\/wp-content\/uploads\/2012\/06\/svenbertiltaube-590x885.jpg 590w, https:\/\/kulturbloggen.com\/wp-content\/uploads\/2012\/06\/svenbertiltaube-920x1380.jpg 920w, https:\/\/kulturbloggen.com\/wp-content\/uploads\/2012\/06\/svenbertiltaube.jpg 1000w\" sizes=\"auto, (max-width: 200px) 100vw, 200px\" \/><\/a><\/p>\n<p><a href=\"http:\/\/kulturbloggen.com\/wp-content\/uploads\/2012\/06\/svenbertiltaubestorbild.jpg\"><img loading=\"lazy\" decoding=\"async\" src=\"http:\/\/kulturbloggen.com\/wp-content\/uploads\/2012\/06\/svenbertiltaubestorbild-300x199.jpg\" alt=\"\" title=\"svenbertiltaubestorbild\" width=\"300\" height=\"199\" class=\"aligncenter size-medium wp-image-56620\" srcset=\"https:\/\/kulturbloggen.com\/wp-content\/uploads\/2012\/06\/svenbertiltaubestorbild-300x199.jpg 300w, https:\/\/kulturbloggen.com\/wp-content\/uploads\/2012\/06\/svenbertiltaubestorbild-200x133.jpg 200w, https:\/\/kulturbloggen.com\/wp-content\/uploads\/2012\/06\/svenbertiltaubestorbild-175x116.jpg 175w, https:\/\/kulturbloggen.com\/wp-content\/uploads\/2012\/06\/svenbertiltaubestorbild-345x230.jpg 345w, https:\/\/kulturbloggen.com\/wp-content\/uploads\/2012\/06\/svenbertiltaubestorbild-97x65.jpg 97w, https:\/\/kulturbloggen.com\/wp-content\/uploads\/2012\/06\/svenbertiltaubestorbild-80x53.jpg 80w, https:\/\/kulturbloggen.com\/wp-content\/uploads\/2012\/06\/svenbertiltaubestorbild-150x99.jpg 150w, https:\/\/kulturbloggen.com\/wp-content\/uploads\/2012\/06\/svenbertiltaubestorbild-590x392.jpg 590w, https:\/\/kulturbloggen.com\/wp-content\/uploads\/2012\/06\/svenbertiltaubestorbild-920x612.jpg 920w, https:\/\/kulturbloggen.com\/wp-content\/uploads\/2012\/06\/svenbertiltaubestorbild.jpg 1000w\" sizes=\"auto, (max-width: 300px) 100vw, 300px\" \/><br \/>\n<\/a><\/p>\n<p>L\u00e4s \u00e4ven andra bloggares \u00e5sikter om <a href=\"http:\/\/bloggar.se\/om\/Gr%F6na+Lund\" rel=\"tag\">Gr\u00f6na Lund<\/a>, <a href=\"http:\/\/bloggar.se\/om\/Sarah+Dawn+Finer\" rel=\"tag\">Sarah Dawn Finer<\/a>, <a href=\"http:\/\/bloggar.se\/om\/Salem+al+Fakir\" rel=\"tag\">Salem al Fakir<\/a>, <a href=\"http:\/\/bloggar.se\/om\/musik\" rel=\"tag\">musik<\/a><\/p>\n","protected":false},"excerpt":{"rendered":"<p>F\u00f6r 50:e f\u00f6rsta \u00e5ret i rad bes\u00f6kte Sven-Bertil Taube den stora scenen p\u00e5 Gr\u00f6na Lund den 27 juni 2012. Med sig hade han Sara Dawn Finer och Salem Al Fakir som sj\u00f6ng b\u00e5de solol\u00e5tar och varisn duett tillsammans med Taube. Foto: Calle Andersson L\u00e4s \u00e4ven andra bloggares \u00e5sikter om Gr\u00f6na Lund, Sarah Dawn Finer, Salem [&hellip;]<\/p>\n","protected":false},"author":13,"featured_media":56620,"comment_status":"open","ping_status":"open","sticky":false,"template":"","format":"standard","meta":{"_genesis_hide_title":false,"_genesis_hide_breadcrumbs":false,"_genesis_hide_singular_image":false,"_genesis_hide_footer_widgets":false,"_genesis_custom_body_class":"","_genesis_custom_post_class":"","_genesis_layout":"","footnotes":""},"categories":[7],"tags":[2110,12282,4905,7651],"class_list":{"0":"post-56618","1":"post","2":"type-post","3":"status-publish","4":"format-standard","5":"has-post-thumbnail","7":"category-musik","8":"tag-grona-lund","9":"tag-musik","10":"tag-salem-al-fakir","11":"tag-sarah-dawn-finer","12":"entry"},"_links":{"self":[{"href":"https:\/\/kulturbloggen.com\/index.php?rest_route=\/wp\/v2\/posts\/56618","targetHints":{"allow":["GET"]}}],"collection":[{"href":"https:\/\/kulturbloggen.com\/index.php?rest_route=\/wp\/v2\/posts"}],"about":[{"href":"https:\/\/kulturbloggen.com\/index.php?rest_route=\/wp\/v2\/types\/post"}],"author":[{"embeddable":true,"href":"https:\/\/kulturbloggen.com\/index.php?rest_route=\/wp\/v2\/users\/13"}],"replies":[{"embeddable":true,"href":"https:\/\/kulturbloggen.com\/index.php?rest_route=%2Fwp%2Fv2%2Fcomments&post=56618"}],"version-history":[{"count":5,"href":"https:\/\/kulturbloggen.com\/index.php?rest_route=\/wp\/v2\/posts\/56618\/revisions"}],"predecessor-version":[{"id":56632,"href":"https:\/\/kulturbloggen.com\/index.php?rest_route=\/wp\/v2\/posts\/56618\/revisions\/56632"}],"wp:featuredmedia":[{"embeddable":true,"href":"https:\/\/kulturbloggen.com\/index.php?rest_route=\/wp\/v2\/media\/56620"}],"wp:attachment":[{"href":"https:\/\/kulturbloggen.com\/index.php?rest_route=%2Fwp%2Fv2%2Fmedia&parent=56618"}],"wp:term":[{"taxonomy":"category","embeddable":true,"href":"https:\/\/kulturbloggen.com\/index.php?rest_route=%2Fwp%2Fv2%2Fcategories&post=56618"},{"taxonomy":"post_tag","embeddable":true,"href":"https:\/\/kulturbloggen.com\/index.php?rest_route=%2Fwp%2Fv2%2Ftags&post=56618"}],"curies":[{"name":"wp","href":"https:\/\/api.w.org\/{rel}","templated":true}]}}