{"id":56465,"date":"2012-06-23T16:19:54","date_gmt":"2012-06-23T14:19:54","guid":{"rendered":"http:\/\/kulturbloggen.com\/?p=56465"},"modified":"2012-06-23T16:19:54","modified_gmt":"2012-06-23T14:19:54","slug":"vad-vill-du-veta-om-lasplattan-letto","status":"publish","type":"post","link":"https:\/\/kulturbloggen.com\/?p=56465","title":{"rendered":"Vad vill du veta om l\u00e4splattan Letto?"},"content":{"rendered":"<p><a href=\"http:\/\/www.mynewsdesk.com\/se\/pressroom\/adlibris_com\/pressrelease\/view\/adlibris-lanserar-laesplattan-adlibris-letto-startskottet-foer-den-stoersta-satsningen-naagonsin-i-sverige-paa-e-boecker-768315\">Adlibris sl\u00e4ppte sin l\u00e4splatta Letto<\/a> en dryg vecka f\u00f6re midsommar. Adlibris satsning att tillg\u00e4ngligg\u00f6ra e-b\u00f6cker f\u00f6r fler l\u00e4sare. Adlibris Letto \u00e4r den f\u00f6rsta l\u00e4splattan i Sverige som \u00e4r direkt kopplad till en e-bokhandel \u2013 tv\u00e5 knapptryck och l\u00e4saren har en bok nedladdad redo att l\u00e4sas.<\/p>\n<p><a href=\"http:\/\/kulturbloggen.com\/wp-content\/uploads\/2012\/06\/letto.jpg\"><img loading=\"lazy\" decoding=\"async\" src=\"http:\/\/kulturbloggen.com\/wp-content\/uploads\/2012\/06\/letto-300x222.jpg\" alt=\"\" title=\"letto\" width=\"300\" height=\"222\" class=\"alignright size-medium wp-image-56477\" srcset=\"https:\/\/kulturbloggen.com\/wp-content\/uploads\/2012\/06\/letto-300x222.jpg 300w, https:\/\/kulturbloggen.com\/wp-content\/uploads\/2012\/06\/letto-200x148.jpg 200w, https:\/\/kulturbloggen.com\/wp-content\/uploads\/2012\/06\/letto-175x129.jpg 175w, https:\/\/kulturbloggen.com\/wp-content\/uploads\/2012\/06\/letto-310x230.jpg 310w, https:\/\/kulturbloggen.com\/wp-content\/uploads\/2012\/06\/letto-87x65.jpg 87w, https:\/\/kulturbloggen.com\/wp-content\/uploads\/2012\/06\/letto-80x59.jpg 80w, https:\/\/kulturbloggen.com\/wp-content\/uploads\/2012\/06\/letto-150x111.jpg 150w, https:\/\/kulturbloggen.com\/wp-content\/uploads\/2012\/06\/letto.jpg 500w\" sizes=\"auto, (max-width: 300px) 100vw, 300px\" \/><\/a>Adlibris Letto \u00e4r designad och utvecklad tillsammans med det franska f\u00f6retaget Bookeen som tog fram den f\u00f6rsta l\u00e4splattan i Europa \u00e5r 1998.<\/p>\n<p><a href=\"http:\/\/www.mynewsdesk.com\/se\/pressroom\/adlibris_com\/pressrelease\/view\/laesplattan-efterlaengtad-hos-laesare-1000-adlibris-letto-koepta-foersta-dygnet-769026\">Enligt Adlbris s\u00e5ldes Letto i 1.000 exemplar f\u00f6rsta dygnet!<\/a><\/p>\n<p>Jag h\u00e5ller p\u00e5 att testa Letto. Den f\u00f6rsta boken jag l\u00e4ste med l\u00e4splattan var Mari Jungstedts nya deckare, &#8221;Den sista akten&#8221;, som <a href=\"http:\/\/kulturbloggen.com\/?p=54324\"><strong>Kulturbloggen nyligen recenserade<\/strong><\/a>.<\/p>\n<p>Vad vill du veta om l\u00e4splattan Letto? <\/p>\n<p>Den kostar 1.395 kronor &#8211; och fr\u00e5gan \u00e4r om det \u00e4r n\u00e5got som bokslukare \u00e4r beredda att betala f\u00f6r en l\u00e4splatta?<\/p>\n<p>Mari Jungstedts deckare liksom n\u00e5gra noveller fanns inlagda p\u00e5 Letto n\u00e4r jag fick testplattan. Jag ska testa att ladda hem n\u00e5gon bok fr\u00e5n Adlibris. Ge mig g\u00e4rna f\u00f6rslag p\u00e5 n\u00e5gon bok jag ska ladda hem f\u00f6r att l\u00e4sa. Jag kan passa p\u00e5 att g\u00f6ra en recension av den boken d\u00e5 ocks\u00e5.<\/p>\n<p>Hj\u00e4lp mig att testa l\u00e4splattan genom att ber\u00e4tta vad du \u00e4r viktigt att jag tar reda p\u00e5 n\u00e4r jag testar.<\/p>\n<p>Kulturbloggens tidigare teknikskribent Jonas Andersson var skeptisk till Letton f\u00f6re lanseringen.<strong> <a href=\"http:\/\/kulturbloggen.com\/?p=17686\">H\u00e4r kan du l\u00e4sa hans tankar.<\/a><\/strong><\/p>\n<p>Fakta Adlibris Letto:<br \/>\nVikt 200 gram (mindre \u00e4n en pocketbok)<br \/>\nLagringsutrymme 2GB (ca 2000 b\u00f6cker)<br \/>\nBatteritid ca 1 m\u00e5nad (25 000 sidv\u00e4ndningar)<br \/>\nB\u00e5de peksk\u00e4rm och knappar<br \/>\nE-ink-sk\u00e4rm \u2013 l\u00e4s i dags-\/solljus s\u00e5v\u00e4l som inomhus<br \/>\nWiFi<br \/>\nDirektkoppling till e-bokhandel<br \/>\nSvensk ordbok<br \/>\nStorlek 16,6cm x 12cm x 9mm<br \/>\n800&#215;600 pixlars uppl\u00f6sning<br \/>\n6-tumssk\u00e4rm<br \/>\nM\u00e5tt: 16,6x12x0,9 cm<br \/>\nVikt: 200 gr<br \/>\nFormat: e-pub, pdf<br \/>\nPlats f\u00f6r MicroSD-kort<\/p>\n<p>L\u00e4s \u00e4ven andra bloggares \u00e5sikter om <a href=\"http:\/\/bloggar.se\/om\/Letto\" rel=\"tag\">Letto<\/a>, <a href=\"http:\/\/bloggar.se\/om\/Adlibris\" rel=\"tag\">Adlibris<\/a>, <a href=\"http:\/\/bloggar.se\/om\/b%F6cker\" rel=\"tag\">b\u00f6cker<\/a>, <a href=\"http:\/\/bloggar.se\/om\/l%E4splatta\" rel=\"tag\">l\u00e4splatta<\/a>, <a href=\"http:\/\/bloggar.se\/om\/test\" rel=\"tag\">test<\/a>, <a href=\"http:\/\/bloggar.se\/om\/tester\" rel=\"tag\">tester<\/a><\/p>\n","protected":false},"excerpt":{"rendered":"<p>Adlibris sl\u00e4ppte sin l\u00e4splatta Letto en dryg vecka f\u00f6re midsommar. Adlibris satsning att tillg\u00e4ngligg\u00f6ra e-b\u00f6cker f\u00f6r fler l\u00e4sare. Adlibris Letto \u00e4r den f\u00f6rsta l\u00e4splattan i Sverige som \u00e4r direkt kopplad till en e-bokhandel \u2013 tv\u00e5 knapptryck och l\u00e4saren har en bok nedladdad redo att l\u00e4sas. Adlibris Letto \u00e4r designad och utvecklad tillsammans med det franska [&hellip;]<\/p>\n","protected":false},"author":2,"featured_media":56476,"comment_status":"open","ping_status":"open","sticky":false,"template":"","format":"standard","meta":{"_genesis_hide_title":false,"_genesis_hide_breadcrumbs":false,"_genesis_hide_singular_image":false,"_genesis_hide_footer_widgets":false,"_genesis_custom_body_class":"","_genesis_custom_post_class":"","_genesis_layout":"","footnotes":""},"categories":[3],"tags":[6850,907,3408,8251,5694,5696],"class_list":{"0":"post-56465","1":"post","2":"type-post","3":"status-publish","4":"format-standard","5":"has-post-thumbnail","7":"category-litteratur","8":"tag-adlibris","9":"tag-bocker","10":"tag-lasplatta","11":"tag-letto","12":"tag-test","13":"tag-tester","14":"entry"},"_links":{"self":[{"href":"https:\/\/kulturbloggen.com\/index.php?rest_route=\/wp\/v2\/posts\/56465","targetHints":{"allow":["GET"]}}],"collection":[{"href":"https:\/\/kulturbloggen.com\/index.php?rest_route=\/wp\/v2\/posts"}],"about":[{"href":"https:\/\/kulturbloggen.com\/index.php?rest_route=\/wp\/v2\/types\/post"}],"author":[{"embeddable":true,"href":"https:\/\/kulturbloggen.com\/index.php?rest_route=\/wp\/v2\/users\/2"}],"replies":[{"embeddable":true,"href":"https:\/\/kulturbloggen.com\/index.php?rest_route=%2Fwp%2Fv2%2Fcomments&post=56465"}],"version-history":[{"count":6,"href":"https:\/\/kulturbloggen.com\/index.php?rest_route=\/wp\/v2\/posts\/56465\/revisions"}],"predecessor-version":[{"id":56479,"href":"https:\/\/kulturbloggen.com\/index.php?rest_route=\/wp\/v2\/posts\/56465\/revisions\/56479"}],"wp:featuredmedia":[{"embeddable":true,"href":"https:\/\/kulturbloggen.com\/index.php?rest_route=\/wp\/v2\/media\/56476"}],"wp:attachment":[{"href":"https:\/\/kulturbloggen.com\/index.php?rest_route=%2Fwp%2Fv2%2Fmedia&parent=56465"}],"wp:term":[{"taxonomy":"category","embeddable":true,"href":"https:\/\/kulturbloggen.com\/index.php?rest_route=%2Fwp%2Fv2%2Fcategories&post=56465"},{"taxonomy":"post_tag","embeddable":true,"href":"https:\/\/kulturbloggen.com\/index.php?rest_route=%2Fwp%2Fv2%2Ftags&post=56465"}],"curies":[{"name":"wp","href":"https:\/\/api.w.org\/{rel}","templated":true}]}}