{"id":56421,"date":"2012-06-23T11:31:33","date_gmt":"2012-06-23T09:31:33","guid":{"rendered":"http:\/\/kulturbloggen.com\/?p=56421"},"modified":"2012-06-23T12:43:02","modified_gmt":"2012-06-23T10:43:02","slug":"att-gora-politik-av-tyskland-grekland-matchen-var-bara-sa-lojligt","status":"publish","type":"post","link":"https:\/\/kulturbloggen.com\/?p=56421","title":{"rendered":"Att g\u00f6ra politik av Tyskland-Grekland-matchen var bara s\u00e5 l\u00f6jligt"},"content":{"rendered":"<p><a href=\"http:\/\/www.dn.se\/sport\/fotbolls-em\/tyskland-klart-for-semifinal\">Tyskland vann<\/a>, <a href=\"http:\/\/www.aftonbladet.se\/sportbladet\/fotboll\/landslagsfotboll\/em2012\/article15020463.ab\">ganska v\u00e4ntat<\/a>, <a href=\"http:\/\/www.aftonbladet.se\/sportbladet\/fotboll\/landslagsfotboll\/em2012\/article15020358.ab\">stort \u00f6ver Grekland<\/a> <a href=\"http:\/\/www.svd.se\/sport\/tyskland-korde-over-grekland_7297353.svd\">i kvartsfinalen i EM<\/a>.<br \/>\nDen tyske f\u00f6rbundskaptenen Joachim L\u00f6w sade i intervjuer f\u00f6re matchen: &#8221;Det \u00e4r bara en fotbollsmatch&#8221;.<\/p>\n<p>Men det kunde inte medier inse. Nu skulle det haussas upp. &#8221;Kampen om Euron&#8221; och d\u00e5 menade medier det ekonomiska Europasamarbetet och det p\u00e5pekades om och om igen att Europas fattigaste land nu skulle m\u00f6ta Europas rikaste land och grekerna skulle kunna f\u00e5 revansch p\u00e5 den tyska f\u00f6rbundskanslerna Angela Merkel som varit p\u00e5drivande f\u00f6r de tuffa l\u00e5nevillkoren f\u00f6r konkursdrabbade Grekland.<\/p>\n<p>Stopp och bel\u00e4gg. Stackars de grekiska fotbollsspelarna att inte bara ha det sportsliga uppraget att f\u00f6rs\u00f6ka ta sig till semifinal &#8211; de fick dessutom ett politiskt uppdrag som de inte ens bett om och inte valts till.<\/p>\n<p>I nyheterna rapporterades att m\u00e5nga greker till och med bad till gud om en seger. J\u00f6sses.<br \/>\nVad gud \u00e4r och hur gud kan p\u00e5verka livet och m\u00e4nniskorna kan diskuteras och filosoferas \u00f6ver. Det t\u00e4nker jag inte g\u00f6ra h\u00e4r. Men att n\u00e5gon gud inte g\u00e5r in och styr i m\u00e4nniskors fotbollslekar \u00e4r v\u00e4l ganska uppenbart.<\/p>\n<p>Ett stort fotbollsarrangemang som EM samlar m\u00e4nniskor fr\u00e5n m\u00e5nga nationer. F\u00f6rutom rena underh\u00e5llningsv\u00e4rdet \u00e4r det bra n\u00e4r m\u00e4nniskor fr\u00e5n olika nationaliteter samlas kring n\u00e5got. P\u00e5 s\u00e5 s\u00e4tt \u00e4r fotbolls-EM politiskt. Jag kan ocks\u00e5 ha synpunkter p\u00e5 att det internationella fotbollsf\u00f6rbundet b\u00f6r undvika att l\u00e4gga stora m\u00e4sterskap i diktaturer. Men l\u00e4ngre \u00e4n s\u00e5 \u00e4r det idiotiskt att dra in politiska aspekter i sportens v\u00e4rld. En fotbollsmatch \u00e4r en fotbollsmatch &#8211; och m\u00f6tet mellan det tyska landslaget och det grekiska handlade inte om eurosamarbetet eller om Angela Merkel. Att g\u00f6ra politik av Tyskland-Grekland-matchen var bara s\u00e5 l\u00f6jligt. Medier borde sk\u00e4mmas.<\/p>\n<p>Vilket lag den tyske f\u00f6rbundskaptenen har f\u00f6rresten. Fram till kvartsfinalenhar han haft reserverna i anfallstrion, men nu <a href=\"http:\/\/www.expressen.se\/sport\/fotboll\/em\/petade-anfallstrion---da-blev-det-malfest\/\">har han plockat fram stj\u00e4rnorna med Klose spetsen<\/a>. Att de flesta svenska sportjournalister inte har koll utan satt och ifr\u00e5gasatte det och efterlyste Gomez visar bara \u00e4n en g\u00e5ng att de svenska sportjournalisterna blir mer och mer okunniga. F\u00f6rmodligen rekryteras de mer f\u00f6r att de ska se bra ut i tv, vara snygga och s\u00e5 vidare.<\/p>\n<p><strong><a href=\"http:\/\/kulturbloggen.com\/?p=56425\">Missa inte: Nio fina bilder fr\u00e5n kvartsfinalen Tyskland-Grekland<\/a><\/strong><\/p>\n<p><a href=\"http:\/\/www.expressen.se\/sport\/fotboll\/em\/miroslav-klose-tog-sin-chans-och-natade-igen\/\">Mer om fotbollsmatchen i Expressen.<\/a><\/p>\n<p>L\u00e4s \u00e4ven andra bloggares \u00e5sikter om <a href=\"http:\/\/bloggar.se\/om\/fotboll\" rel=\"tag\">fotboll<\/a>, <a href=\"http:\/\/bloggar.se\/om\/Tyskland\" rel=\"tag\">Tyskland<\/a>, <a href=\"http:\/\/bloggar.se\/om\/Angela+Merkel\" rel=\"tag\">Angela Merkel<\/a>, <a href=\"http:\/\/bloggar.se\/om\/medier\" rel=\"tag\">medier<\/a>, <a href=\"http:\/\/bloggar.se\/om\/mediekritik\" rel=\"tag\">mediekritik<\/a>, <a href=\"http:\/\/bloggar.se\/om\/L%F6w\" rel=\"tag\">L\u00f6w<\/a>, <a href=\"http:\/\/bloggar.se\/om\/Klose\" rel=\"tag\">Klose<\/a>, <a href=\"http:\/\/bloggar.se\/om\/fotbolls-EM\" rel=\"tag\">fotbolls-EM<\/a>, <a href=\"http:\/\/bloggar.se\/om\/kvartsfinal\" rel=\"tag\">kvartsfinal<\/a>, <a href=\"http:\/\/bloggar.se\/om\/sport\" rel=\"tag\">sport<\/a><\/p>\n","protected":false},"excerpt":{"rendered":"<p>Tyskland vann, ganska v\u00e4ntat, stort \u00f6ver Grekland i kvartsfinalen i EM. Den tyske f\u00f6rbundskaptenen Joachim L\u00f6w sade i intervjuer f\u00f6re matchen: &#8221;Det \u00e4r bara en fotbollsmatch&#8221;. Men det kunde inte medier inse. Nu skulle det haussas upp. &#8221;Kampen om Euron&#8221; och d\u00e5 menade medier det ekonomiska Europasamarbetet och det p\u00e5pekades om och om igen att [&hellip;]<\/p>\n","protected":false},"author":2,"featured_media":56423,"comment_status":"open","ping_status":"open","sticky":false,"template":"","format":"standard","meta":{"_genesis_hide_title":false,"_genesis_hide_breadcrumbs":false,"_genesis_hide_singular_image":false,"_genesis_hide_footer_widgets":false,"_genesis_custom_body_class":"","_genesis_custom_post_class":"","_genesis_layout":"","footnotes":""},"categories":[44],"tags":[8247,12292,1835,8249,8250,8248,3580,3582,27,6051],"class_list":{"0":"post-56421","1":"post","2":"type-post","3":"status-publish","4":"format-standard","5":"has-post-thumbnail","7":"category-chadie","8":"tag-angela-merkel","9":"tag-fotboll-sport-nyheter","10":"tag-fotbolls-em","11":"tag-klose","12":"tag-kvartsfinal","13":"tag-low","14":"tag-mediekritik","15":"tag-medier","16":"tag-sport","17":"tag-tyskland","18":"entry"},"_links":{"self":[{"href":"https:\/\/kulturbloggen.com\/index.php?rest_route=\/wp\/v2\/posts\/56421","targetHints":{"allow":["GET"]}}],"collection":[{"href":"https:\/\/kulturbloggen.com\/index.php?rest_route=\/wp\/v2\/posts"}],"about":[{"href":"https:\/\/kulturbloggen.com\/index.php?rest_route=\/wp\/v2\/types\/post"}],"author":[{"embeddable":true,"href":"https:\/\/kulturbloggen.com\/index.php?rest_route=\/wp\/v2\/users\/2"}],"replies":[{"embeddable":true,"href":"https:\/\/kulturbloggen.com\/index.php?rest_route=%2Fwp%2Fv2%2Fcomments&post=56421"}],"version-history":[{"count":3,"href":"https:\/\/kulturbloggen.com\/index.php?rest_route=\/wp\/v2\/posts\/56421\/revisions"}],"predecessor-version":[{"id":56441,"href":"https:\/\/kulturbloggen.com\/index.php?rest_route=\/wp\/v2\/posts\/56421\/revisions\/56441"}],"wp:featuredmedia":[{"embeddable":true,"href":"https:\/\/kulturbloggen.com\/index.php?rest_route=\/wp\/v2\/media\/56423"}],"wp:attachment":[{"href":"https:\/\/kulturbloggen.com\/index.php?rest_route=%2Fwp%2Fv2%2Fmedia&parent=56421"}],"wp:term":[{"taxonomy":"category","embeddable":true,"href":"https:\/\/kulturbloggen.com\/index.php?rest_route=%2Fwp%2Fv2%2Fcategories&post=56421"},{"taxonomy":"post_tag","embeddable":true,"href":"https:\/\/kulturbloggen.com\/index.php?rest_route=%2Fwp%2Fv2%2Ftags&post=56421"}],"curies":[{"name":"wp","href":"https:\/\/api.w.org\/{rel}","templated":true}]}}