{"id":56121,"date":"2012-06-15T14:55:56","date_gmt":"2012-06-15T12:55:56","guid":{"rendered":"http:\/\/kulturbloggen.com\/?p=56121"},"modified":"2012-06-18T00:58:05","modified_gmt":"2012-06-17T22:58:05","slug":"hultsfred-james-blake-ett-av-festivalens-starkaste-kort","status":"publish","type":"post","link":"https:\/\/kulturbloggen.com\/?p=56121","title":{"rendered":"Hultsfred: James Blake ett av festivalens starkaste kort"},"content":{"rendered":"<p><strong>James Blake, Blue Stage<\/strong><br \/>\nHultsfredsfestivalen 14 juni 2012<br \/>\nBetyg: 4<\/p>\n<p>I sibirisk kyla intog James Blake Hultsfredsfestivalens n\u00e4st st\u00f6rsta scen f\u00f6r att avrunda \u00f6ppningsdagen p\u00e5 b\u00e4sta m\u00f6jliga vis. R\u00f6sten v\u00e4rmer i den bitande kylan och avslutningen med <em>The Wilhelm Scream<\/em>, fr\u00e5n fjol\u00e5rets debutskiva, tillh\u00f6rde utan tvekan torsdagens h\u00f6jdpunkter. \u00c4ven om vissa delar av publiken inte verkar vara helt p\u00e5 det klara med vad det handlar om \u00e4r det \u00e4nd\u00e5 en klar majoritet som uppenbarligen trollbinds av den unga engelsmannen. <\/p>\n<p>Hur bandet st\u00e5r placerat p\u00e5 scen \u00e4r i sig r\u00e4tt majest\u00e4tiskt. P\u00e5 varsin pedestal sitter gitarrist, trumslagare och &#8211; givetvis &#8211; James Blake i egen h\u00f6g person. L\u00e5t efter l\u00e5t lyckas de imponera med sina stundtals kompakta och stundtals minimalistiska ljudlandskap. Det v\u00e4xer och v\u00e4xer. <em>CMYK<\/em> som likt ett mantra kretsar kring samma, till synes intets\u00e4gande, fras spelas mitt i setet och tillh\u00f6r tillsammans med Feist-covern <em>Limit to Your Love <\/em>och avslutande <em>The Wilhelm Scream <\/em>torsdagens festivalh\u00f6jdpunkter.<\/p>\n<p><iframe loading=\"lazy\" width=\"560\" height=\"315\" src=\"http:\/\/www.youtube.com\/embed\/isIABK-0ohQ\" frameborder=\"0\" allowfullscreen><\/iframe><\/p>\n<p>Foto: Jonatan S\u00f6dergren<\/p>\n","protected":false},"excerpt":{"rendered":"<p>James Blake, Blue Stage Hultsfredsfestivalen 14 juni 2012 Betyg: 4 I sibirisk kyla intog James Blake Hultsfredsfestivalens n\u00e4st st\u00f6rsta scen f\u00f6r att avrunda \u00f6ppningsdagen p\u00e5 b\u00e4sta m\u00f6jliga vis. R\u00f6sten v\u00e4rmer i den bitande kylan och avslutningen med The Wilhelm Scream, fr\u00e5n fjol\u00e5rets debutskiva, tillh\u00f6rde utan tvekan torsdagens h\u00f6jdpunkter. \u00c4ven om vissa delar av publiken inte [&hellip;]<\/p>\n","protected":false},"author":3,"featured_media":56122,"comment_status":"open","ping_status":"open","sticky":false,"template":"","format":"standard","meta":{"_genesis_hide_title":false,"_genesis_hide_breadcrumbs":false,"_genesis_hide_singular_image":false,"_genesis_hide_footer_widgets":false,"_genesis_custom_body_class":"","_genesis_custom_post_class":"","_genesis_layout":"","footnotes":""},"categories":[7],"tags":[8209,2332,2606],"class_list":{"0":"post-56121","1":"post","2":"type-post","3":"status-publish","4":"format-standard","5":"has-post-thumbnail","7":"category-musik","8":"tag-blue-stage","9":"tag-hultsfred","10":"tag-james-blake","11":"entry"},"_links":{"self":[{"href":"https:\/\/kulturbloggen.com\/index.php?rest_route=\/wp\/v2\/posts\/56121","targetHints":{"allow":["GET"]}}],"collection":[{"href":"https:\/\/kulturbloggen.com\/index.php?rest_route=\/wp\/v2\/posts"}],"about":[{"href":"https:\/\/kulturbloggen.com\/index.php?rest_route=\/wp\/v2\/types\/post"}],"author":[{"embeddable":true,"href":"https:\/\/kulturbloggen.com\/index.php?rest_route=\/wp\/v2\/users\/3"}],"replies":[{"embeddable":true,"href":"https:\/\/kulturbloggen.com\/index.php?rest_route=%2Fwp%2Fv2%2Fcomments&post=56121"}],"version-history":[{"count":4,"href":"https:\/\/kulturbloggen.com\/index.php?rest_route=\/wp\/v2\/posts\/56121\/revisions"}],"predecessor-version":[{"id":56310,"href":"https:\/\/kulturbloggen.com\/index.php?rest_route=\/wp\/v2\/posts\/56121\/revisions\/56310"}],"wp:featuredmedia":[{"embeddable":true,"href":"https:\/\/kulturbloggen.com\/index.php?rest_route=\/wp\/v2\/media\/56122"}],"wp:attachment":[{"href":"https:\/\/kulturbloggen.com\/index.php?rest_route=%2Fwp%2Fv2%2Fmedia&parent=56121"}],"wp:term":[{"taxonomy":"category","embeddable":true,"href":"https:\/\/kulturbloggen.com\/index.php?rest_route=%2Fwp%2Fv2%2Fcategories&post=56121"},{"taxonomy":"post_tag","embeddable":true,"href":"https:\/\/kulturbloggen.com\/index.php?rest_route=%2Fwp%2Fv2%2Ftags&post=56121"}],"curies":[{"name":"wp","href":"https:\/\/api.w.org\/{rel}","templated":true}]}}