{"id":56071,"date":"2012-06-14T13:35:12","date_gmt":"2012-06-14T11:35:12","guid":{"rendered":"http:\/\/kulturbloggen.com\/?p=56071"},"modified":"2012-06-14T14:25:50","modified_gmt":"2012-06-14T12:25:50","slug":"yngwie-malmsteen-first-aid-kit-anja-parson-och-marie-goranzon-nagra-av-arets-sommarpratare-har-hela-listan","status":"publish","type":"post","link":"https:\/\/kulturbloggen.com\/?p=56071","title":{"rendered":"Yngwie Malmsteen, First Aid Kit,  Anja P\u00e4rson och Marie G\u00f6ranzon &#8211; n\u00e5gra av \u00e5rets Sommarpratare &#8211; h\u00e4r hela listan"},"content":{"rendered":"<p><a href=\"http:\/\/kulturbloggen.com\/wp-content\/uploads\/2012\/06\/Sommar_p1_2012.jpg\"><img loading=\"lazy\" decoding=\"async\" src=\"http:\/\/kulturbloggen.com\/wp-content\/uploads\/2012\/06\/Sommar_p1_2012-300x202.jpg\" alt=\"\" title=\"Sommar 2012\" width=\"300\" height=\"202\" class=\"aligncenter size-medium wp-image-56075\" srcset=\"https:\/\/kulturbloggen.com\/wp-content\/uploads\/2012\/06\/Sommar_p1_2012-300x202.jpg 300w, https:\/\/kulturbloggen.com\/wp-content\/uploads\/2012\/06\/Sommar_p1_2012-200x135.jpg 200w, https:\/\/kulturbloggen.com\/wp-content\/uploads\/2012\/06\/Sommar_p1_2012-175x118.jpg 175w, https:\/\/kulturbloggen.com\/wp-content\/uploads\/2012\/06\/Sommar_p1_2012-340x230.jpg 340w, https:\/\/kulturbloggen.com\/wp-content\/uploads\/2012\/06\/Sommar_p1_2012-96x65.jpg 96w, https:\/\/kulturbloggen.com\/wp-content\/uploads\/2012\/06\/Sommar_p1_2012-80x54.jpg 80w, https:\/\/kulturbloggen.com\/wp-content\/uploads\/2012\/06\/Sommar_p1_2012-150x101.jpg 150w, https:\/\/kulturbloggen.com\/wp-content\/uploads\/2012\/06\/Sommar_p1_2012.jpg 400w\" sizes=\"auto, (max-width: 300px) 100vw, 300px\" \/><\/a><\/p>\n<p>Ingen sommar utan Sommar. Traditionen har v\u00e4l n\u00e5got minskat i lyskraft sedan programmet flyttade fr\u00e5n P3 men \u00e4nd\u00e5 har Sommar sin lyskraft, utan tvekan. F\u00f6r m\u00e5nga av oss \u00e4r det fyllt av minnen att lyssna p\u00e5 programmet. Det fanns en tid d\u00e5 vi l\u00e5g p\u00e5 sandstr\u00e4nder eller solvarma klippor med transistorradion och lyssnade p\u00e5 Sommarpratarna medan vi l\u00e4t solen v\u00e4rma v\u00e5ra kroppar.<\/p>\n<p>\u00c5rets Sommar startar p\u00e5 Midsommardagen den 23 juni och f\u00f6rst ut \u00e4r Anja P\u00e4rson, som nu b\u00f6rjar sitt nya liv efter en makal\u00f6s alpin karri\u00e4r. N\u00e5gra andra vi kommer att h\u00f6ra i Sommar \u00e4r gitarrlegendaren Yngwie Malmsteen, fotbollsspelarna John Guidetti och Marta Vieira da Silva. \u00c4ven Spotify-grundaren Daniel Ek, duon First Aid Kit och sk\u00e5despelaren Marie G\u00f6ranzon \u00e4r Sommarv\u00e4rdar i \u00e5r.<\/p>\n<p>Ett pressmeddelande ber\u00e4ttar:<\/p>\n<p>P\u00e5 \u00e5rsdagen av terrorattacken p\u00e5 Ut\u00f8ya, s\u00e4nds samma program i fyra nordiska l\u00e4nder. Detta \u00e4r ett unikt samarbete mellan de nordiska radiobolagen NRK, YLE, Danmarks Radio och Sveriges Radio. Sommarv\u00e4rd p\u00e5 \u00e5rsdagen \u00e4r Eskil Pedersen, ledare f\u00f6r Arbeijdernes Ungdomsfylking, Norges motsvarighet till SSU. Eskil Pedersen var p\u00e5 sommarl\u00e4ger p\u00e5 Ut\u00f8ya i \u00f6ver tio \u00e5r. Hans liv f\u00f6r\u00e4ndrades f\u00f6r alltid den 22 juli f\u00f6rra \u00e5ret.<\/p>\n<p>\u2013 I samband med h\u00e4ndelserna i Oslo och p\u00e5 Ut\u00f8ya k\u00e4nde de nordiska folken stor sorg och medk\u00e4nsla med de drabbade. D\u00e4rf\u00f6r k\u00e4ndes det viktigt att ta initiativet till detta unika samarbete, public service-grannar emellan, s\u00e4ger Bibi R\u00f6d\u00f6\u00f6, programchef f\u00f6r Sommar och Vinter i P1.<\/p>\n<p>Den 14 juni 2012 presenterade hon och Ulf Elfving de 59 Sommarv\u00e4rdarna i direkts\u00e4ndning i P1 fr\u00e5n Radiohusparken i Stockholm.<\/p>\n<p>Hela listan \u00f6ver Sommarv\u00e4rdarna 2012:<\/p>\n<p>JUNI<br \/>\n23 Anja P\u00e4rson, f.d. skid\u00e5kare<br \/>\n24 David Hellenius, programledare<br \/>\n25 Christina Lampe-\u00d6nnerud, batteriuppfinnare och global entrepren\u00f6r<br \/>\n26 Jo Nesb\u00f8, f\u00f6rfattare<br \/>\n27 John Guidetti, fotbollsspelare<br \/>\n28 Karin Falck, f.d. tv-producent och regiss\u00f6r<br \/>\n29 Trita Parsi, statsvetare, Iran-expert<br \/>\n30 Yngwie Malmsteen, gitarrist och komposit\u00f6r<\/p>\n<p>JULI<br \/>\n1 Klara Zimmergren, programledare och manusf\u00f6rfattare<br \/>\n2 Amirzai Sangin, IT- och Telekommunikationsminister i Afghanistan<br \/>\n3 Emma Wiklund, entrepren\u00f6r<br \/>\n4 Ulf Ellervik, professor i bioorganisk kemi<br \/>\n5 Lutfi Kolgjini, travtr\u00e4nare, kusk och uppf\u00f6dare<br \/>\n6 Neneh Cherry, artist<br \/>\n7 Petter Stordalen, hotell\u00e4gare<br \/>\n8 Klara och Johanna S\u00f6derberg, artister (First Aid Kit)<br \/>\n9 Daniel Sj\u00f6lin, f\u00f6rfattare<br \/>\n10 Gudrun Sj\u00f6d\u00e9n, designer och vd<br \/>\n11 Heidi Andersson, armbryterska och programledare<br \/>\n12 Daniel Ek, vd och grundare Spotify<br \/>\n13 Jenny J\u00e4gerfeld, psykolog, f\u00f6rfattare och frilansskribent<br \/>\n14 S\u00e9bastien Boudet, bagare och konditor<br \/>\n15 Thorsten Flinck, sk\u00e5despelare, regiss\u00f6r och s\u00e5ngare<br \/>\n16 Magdi Abdelhadi, journalist<br \/>\n17 Katrin Sundberg, sk\u00e5despelare, regiss\u00f6r, manusf\u00f6rfattare<br \/>\n18 Bj\u00f6rn Lindeblad, f\u00f6rel\u00e4sare och meditationsl\u00e4rare (Lyssnarnas Sommarv\u00e4rd)<br \/>\n19 Jan L\u00f6\u00f6f, f\u00f6rfattare, illustrat\u00f6r<br \/>\n20 Elsa Billgren, programledare, vintagebloggare, personal shopper<br \/>\n21 Daniel Espinosa, filmregiss\u00f6r<br \/>\n22 Eskil Pedersen, ledare f\u00f6r AUF (Arbeidernes Ungdomfylking)<br \/>\n23 Rakel Chukri, journalist<br \/>\n24 Eskil Erlandsson, landsbygdsminister (C)<br \/>\n25 Marika Carlsson, komiker<br \/>\n26 Christer Bj\u00f6rkman, producent f\u00f6r Melodifestivalen<br \/>\n27 Marta Vieira da Silva, fotbollsspelare<br \/>\n28 Jan Scherman, direkt\u00f6r och f.d. vd TV4<br \/>\n29 Lars Lerin, konstn\u00e4r<br \/>\n30 Sara Bergmark Elfgren, f\u00f6rfattare och manusf\u00f6rfattare<br \/>\n31 Anders Wijkman, f\u00f6rfattare och f.d. EU-parlamentariker (KD)<\/p>\n<p>AUGUSTI<br \/>\n1 Soran Ismail, komiker<br \/>\n2 Elise Lindqvist, volont\u00e4r<br \/>\n3 Ebbot Lundberg, musiker och l\u00e5tskrivare<br \/>\n4 Hannes Holm, filmregiss\u00f6r och manusf\u00f6rfattare<br \/>\n5 M\u00e4rta Tikkanen, f\u00f6rfattare<br \/>\n6 Claes Dahlb\u00e4ck, styrelseledamot Goldman Sachs och f.d. styrelseordf\u00f6rande och vd Investor<br \/>\n7 Birgitta Svend\u00e9n, operachef och vd Kungliga Operan i Stockholm och f.d. operas\u00e5ngerska<br \/>\n8 Jonas Jerebko, basketspelare<br \/>\n9 Shima Niavarani, sk\u00e5despelare och artist<br \/>\n10 L\u00f6fven, Stefan, partiledare f\u00f6r Socialdemokraterna<br \/>\n11 Johannes Brost, sk\u00e5despelare<br \/>\n12 Martina Haag, f\u00f6rfattare, manusf\u00f6rfattare och sk\u00e5despelare<br \/>\n13 Anders Olsson, simmare<br \/>\n14 Lotta Lundgren, matskribent och programledare<br \/>\n15 Ison Glasgow, artist och radiopratare<br \/>\n16 Lotta Schelin, fotbollsspelare<br \/>\n17 Amanda Svensson, f\u00f6rfattare och kulturskribent<br \/>\n18 Marie G\u00f6ranzon, sk\u00e5despelare<br \/>\n19 Henrik Dorsin, sk\u00e5despelare, komiker och s\u00e5ngare<\/p>\n<p><a href=\"http:\/\/www.sverigesradio.se\/sommar\">Mer information om Sommarv\u00e4rdarna och vad de t\u00e4nker prata om i sina program finns h\u00e4r.<\/a><\/p>\n<p>L\u00e4s \u00e4ven andra bloggares \u00e5sikter om <a href=\"http:\/\/bloggar.se\/om\/Sommar\" rel=\"tag\">Sommar<\/a>, <a href=\"http:\/\/bloggar.se\/om\/radio\" rel=\"tag\">radio<\/a>, <a href=\"http:\/\/bloggar.se\/om\/sommarpratare\" rel=\"tag\">sommarpratare<\/a><\/p>\n<p>Relaterat:<a href=\"http:\/\/www.svd.se\/kultur\/har-ar-arets-sommarpratare_7277173.svd\"> Svenska Dagbladet<\/a><\/p>\n","protected":false},"excerpt":{"rendered":"<p>Ingen sommar utan Sommar. Traditionen har v\u00e4l n\u00e5got minskat i lyskraft sedan programmet flyttade fr\u00e5n P3 men \u00e4nd\u00e5 har Sommar sin lyskraft, utan tvekan. F\u00f6r m\u00e5nga av oss \u00e4r det fyllt av minnen att lyssna p\u00e5 programmet. Det fanns en tid d\u00e5 vi l\u00e5g p\u00e5 sandstr\u00e4nder eller solvarma klippor med transistorradion och lyssnade p\u00e5 Sommarpratarna [&hellip;]<\/p>\n","protected":false},"author":13,"featured_media":56072,"comment_status":"open","ping_status":"open","sticky":false,"template":"","format":"standard","meta":{"_genesis_hide_title":false,"_genesis_hide_breadcrumbs":false,"_genesis_hide_singular_image":false,"_genesis_hide_footer_widgets":false,"_genesis_custom_body_class":"","_genesis_custom_post_class":"","_genesis_layout":"","footnotes":""},"categories":[20],"tags":[4623,5257,5263],"class_list":{"0":"post-56071","1":"post","2":"type-post","3":"status-publish","4":"format-standard","5":"has-post-thumbnail","7":"category-film","8":"tag-radio","9":"tag-sommar","10":"tag-sommarpratare","11":"entry"},"_links":{"self":[{"href":"https:\/\/kulturbloggen.com\/index.php?rest_route=\/wp\/v2\/posts\/56071","targetHints":{"allow":["GET"]}}],"collection":[{"href":"https:\/\/kulturbloggen.com\/index.php?rest_route=\/wp\/v2\/posts"}],"about":[{"href":"https:\/\/kulturbloggen.com\/index.php?rest_route=\/wp\/v2\/types\/post"}],"author":[{"embeddable":true,"href":"https:\/\/kulturbloggen.com\/index.php?rest_route=\/wp\/v2\/users\/13"}],"replies":[{"embeddable":true,"href":"https:\/\/kulturbloggen.com\/index.php?rest_route=%2Fwp%2Fv2%2Fcomments&post=56071"}],"version-history":[{"count":4,"href":"https:\/\/kulturbloggen.com\/index.php?rest_route=\/wp\/v2\/posts\/56071\/revisions"}],"predecessor-version":[{"id":56077,"href":"https:\/\/kulturbloggen.com\/index.php?rest_route=\/wp\/v2\/posts\/56071\/revisions\/56077"}],"wp:featuredmedia":[{"embeddable":true,"href":"https:\/\/kulturbloggen.com\/index.php?rest_route=\/wp\/v2\/media\/56072"}],"wp:attachment":[{"href":"https:\/\/kulturbloggen.com\/index.php?rest_route=%2Fwp%2Fv2%2Fmedia&parent=56071"}],"wp:term":[{"taxonomy":"category","embeddable":true,"href":"https:\/\/kulturbloggen.com\/index.php?rest_route=%2Fwp%2Fv2%2Fcategories&post=56071"},{"taxonomy":"post_tag","embeddable":true,"href":"https:\/\/kulturbloggen.com\/index.php?rest_route=%2Fwp%2Fv2%2Ftags&post=56071"}],"curies":[{"name":"wp","href":"https:\/\/api.w.org\/{rel}","templated":true}]}}