{"id":55720,"date":"2012-06-06T18:33:36","date_gmt":"2012-06-06T16:33:36","guid":{"rendered":"http:\/\/kulturbloggen.com\/?p=55720"},"modified":"2012-06-06T18:34:22","modified_gmt":"2012-06-06T16:34:22","slug":"paradistradgarden-en-roman-om-new-york-efter-den-11-september","status":"publish","type":"post","link":"https:\/\/kulturbloggen.com\/?p=55720","title":{"rendered":"Paradistr\u00e4dg\u00e5rden \u2013 en roman om New York efter den 11 september"},"content":{"rendered":"<p>Titel: <a href=\"http:\/\/www.adlibris.com\/se\/product.aspx?isbn=9100127361\" target=\"_blank\">Paradistr\u00e4dg\u00e5rden<\/a><br \/>\nF\u00f6rfattare: Amy Waldman<br \/>\n\u00d6vers\u00e4ttare: Helena Hansson<br \/>\nF\u00f6rlag: <a href=\"http:\/\/www.albertbonniersforlag.se\/Bocker-auto\/Bokpresentationssida\/?isbn=9789100127367\" target=\"_blank\">Albert Bonniers f\u00f6rlag<\/a><br \/>\nUtgiven: 201204<br \/>\nISBN: 5117587019149<\/p>\n<p>N\u00e4r kuvertet \u00f6ppnas och namnet p\u00e5 den vinnande arkitekten tillk\u00e4nnages f\u00f6r juryn utbryter b\u00f6rjan till ett kaos. N\u00e4r det sedan sprids vidare via media att minnesmonumentet vid World Trade Center har ritats av en muslim h\u00f6js m\u00e5nga uppr\u00f6rda r\u00f6ster. Den vackra paradistr\u00e4dg\u00e5rden kommer i skymundan. Nu handlar det om personen som ritat den.<\/p>\n<p>Romanen handlar om en arkitektt\u00e4vling vid Ground Zero. F\u00f6r att bygga ett minnesm\u00e4rke d\u00e4r bombningen skedde den 11 september har man i staden New York utsett en t\u00e4vling, en t\u00e4vling d\u00e4r man \u00e4r anonym. En jury best\u00e5ende av olika experter och med en representant fr\u00e5n de anh\u00f6riga v\u00e4ljer ut de b\u00e4sta bidraget. Efter m\u00e5nga diskussioner utses f\u00f6rslaget om paradistr\u00e4dg\u00e5rden som vinnande.<\/p>\n<p>Vinnaren Mohammad Khan som kallas Mo, en amerikansk arkitekt med indiska f\u00f6r\u00e4ldrar, blir inte bel\u00f6nad f\u00f6r sin vinst, tv\u00e4rtom han blir ett byte f\u00f6r hela amerikanska folket. Tr\u00f6tt p\u00e5 diskriminering och okunskap om islam ser han ingen anledning till att han ska beh\u00f6va f\u00f6rklara n\u00e5got om sig sj\u00e4lv som person eller om den muslimska trosuppfattningen, utan han utg\u00e5r fr\u00e5n sin yrkesroll. Dessv\u00e4rre \u00e4r ingen \u00e4r s\u00e5 intresserad av hans arkitektur. Artiklarna som journalisten Alyssa Spier, p\u00e5 skvallertidningen The Post, skriver hj\u00e4lper till att elda upp mobben. Hon lever f\u00f6r sina scoop och hon tar inte h\u00e4nsyn till n\u00e5got annat \u00e4n att bli publicerad, kosta vad det vill.<\/p>\n<p>Bland de anh\u00f6riga v\u00e4xer det fram en grupp som helt tar avst\u00e5nd fr\u00e5n det vinnande bidraget. Sean, vars bror dog, lever hemma hos sina f\u00f6r\u00e4ldrar igen och f\u00f6r honom personligen blir denna hatkampanj ett s\u00e4tt att finna en plats i livet d\u00e4r han redan sumpat bort det mesta. Arkitekten Mo har \u00e4nd\u00e5 st\u00f6d av n\u00e5gra i juryn, fr\u00e4mst av de anh\u00f6rigas representant Claire Burwell, \u00e4nka till en man som dog vid bombningen av tornen. En annan person man f\u00e5r f\u00f6lja i romanen \u00e4r Asma som ocks\u00e5 har blivit \u00e4nka. Hennes man \u00e4r en av de omkomna, men som illegal flykting fr\u00e5n Bangladesh har hon inte samma m\u00f6jligheter att p\u00e5verka n\u00e5got.<\/p>\n<p>I ber\u00e4ttelsen f\u00e5r man \u00e4ven f\u00f6lja andra personer och olika grupper, bland dessa ordf\u00f6randen i juryn som f\u00f6rs\u00f6ker h\u00e5lla ihop gruppen, guvern\u00f6ren som st\u00e4ller sig mot f\u00f6rslaget f\u00f6r att vinna r\u00f6ster, den kvinnliga advokaten som arbetar med m\u00e4nniskor\u00e4ttsfr\u00e5gor och som blir god v\u00e4n med arkitekten Mo. F\u00f6rutom att f\u00f6lja h\u00e4ndelsef\u00f6rloppet om det vinnande bidraget f\u00e5r man som l\u00e4sare f\u00f6lja dessa m\u00e4nniskor inre tankar och k\u00e4nslor, och sorgen \u00f6ver de omkomna.<\/p>\n<p>Genom att l\u00e4sa om dessa olika karakt\u00e4rer och deras liv bildas ett kalejdoskop \u00f6ver olika k\u00e4nslor och \u00e5sikter och romanen visar hur misst\u00e4nksamheten och intoleransen \u00f6kat. K\u00e4nslorna hos de inblandade g\u00f6r situationen kaotisk och tankarna onyanserade. F\u00f6rfattaren speglar v\u00e4l st\u00e4mningen i New York efter den traumatiska upplevelsen den elfte september och i romanen st\u00e4lls m\u00e5nga fr\u00e5gor p\u00e5 sin spets. En bok v\u00e4l v\u00e4rd att l\u00e4sa.<\/p>\n<p>Amy Waldman har jobbat som journalist p\u00e5 New York Times och denna debutroman har f\u00e5tt flera priser f\u00f6r i USA. L\u00e4s mer p\u00e5 <a href=\"http:\/\/www.thesubmissionnovel.com\/\" target=\"_blank\">The submission novel.com<\/a>.<\/p>\n<p><strong>Text: \u00c1slaug Myhrberg<\/strong><\/p>\n","protected":false},"excerpt":{"rendered":"<p>Titel: Paradistr\u00e4dg\u00e5rden F\u00f6rfattare: Amy Waldman \u00d6vers\u00e4ttare: Helena Hansson F\u00f6rlag: Albert Bonniers f\u00f6rlag Utgiven: 201204 ISBN: 5117587019149 N\u00e4r kuvertet \u00f6ppnas och namnet p\u00e5 den vinnande arkitekten tillk\u00e4nnages f\u00f6r juryn utbryter b\u00f6rjan till ett kaos. N\u00e4r det sedan sprids vidare via media att minnesmonumentet vid World Trade Center har ritats av en muslim h\u00f6js m\u00e5nga uppr\u00f6rda r\u00f6ster. [&hellip;]<\/p>\n","protected":false},"author":13,"featured_media":55723,"comment_status":"open","ping_status":"open","sticky":false,"template":"","format":"standard","meta":{"_genesis_hide_title":false,"_genesis_hide_breadcrumbs":false,"_genesis_hide_singular_image":false,"_genesis_hide_footer_widgets":false,"_genesis_custom_body_class":"","_genesis_custom_post_class":"","_genesis_layout":"","footnotes":""},"categories":[43,3,16],"tags":[6129],"class_list":["post-55720","post","type-post","status-publish","format-standard","has-post-thumbnail","category-bokrecension","category-litteratur","category-recension","tag-usa","entry"],"_links":{"self":[{"href":"https:\/\/kulturbloggen.com\/index.php?rest_route=\/wp\/v2\/posts\/55720","targetHints":{"allow":["GET"]}}],"collection":[{"href":"https:\/\/kulturbloggen.com\/index.php?rest_route=\/wp\/v2\/posts"}],"about":[{"href":"https:\/\/kulturbloggen.com\/index.php?rest_route=\/wp\/v2\/types\/post"}],"author":[{"embeddable":true,"href":"https:\/\/kulturbloggen.com\/index.php?rest_route=\/wp\/v2\/users\/13"}],"replies":[{"embeddable":true,"href":"https:\/\/kulturbloggen.com\/index.php?rest_route=%2Fwp%2Fv2%2Fcomments&post=55720"}],"version-history":[{"count":3,"href":"https:\/\/kulturbloggen.com\/index.php?rest_route=\/wp\/v2\/posts\/55720\/revisions"}],"predecessor-version":[{"id":55726,"href":"https:\/\/kulturbloggen.com\/index.php?rest_route=\/wp\/v2\/posts\/55720\/revisions\/55726"}],"wp:featuredmedia":[{"embeddable":true,"href":"https:\/\/kulturbloggen.com\/index.php?rest_route=\/wp\/v2\/media\/55723"}],"wp:attachment":[{"href":"https:\/\/kulturbloggen.com\/index.php?rest_route=%2Fwp%2Fv2%2Fmedia&parent=55720"}],"wp:term":[{"taxonomy":"category","embeddable":true,"href":"https:\/\/kulturbloggen.com\/index.php?rest_route=%2Fwp%2Fv2%2Fcategories&post=55720"},{"taxonomy":"post_tag","embeddable":true,"href":"https:\/\/kulturbloggen.com\/index.php?rest_route=%2Fwp%2Fv2%2Ftags&post=55720"}],"curies":[{"name":"wp","href":"https:\/\/api.w.org\/{rel}","templated":true}]}}