{"id":55639,"date":"2012-06-05T12:36:51","date_gmt":"2012-06-05T10:36:51","guid":{"rendered":"http:\/\/kulturbloggen.com\/?p=55639"},"modified":"2012-06-05T13:36:12","modified_gmt":"2012-06-05T11:36:12","slug":"norrlandsoperan-planerar-att-satta-upp-richard-strauss-elektra-i-en-unik-och-storslagen-utomhusproduktion-under-umeas-kulturhuvudstadsar-2014","status":"publish","type":"post","link":"https:\/\/kulturbloggen.com\/?p=55639","title":{"rendered":"NorrlandsOperan planerar att s\u00e4tta upp Richard Strauss Elektra i en unik och storslagen utomhusproduktion under Ume\u00e5s kulturhuvudstads\u00e5r 2014"},"content":{"rendered":"<p>&nbsp;<\/p>\n<p><a href=\"http:\/\/kulturbloggen.com\/wp-content\/uploads\/2012\/06\/birgitnillsonillustrationjenshage.jpg\"><img loading=\"lazy\" decoding=\"async\" class=\"alignleft size-full wp-image-55643\" src=\"http:\/\/kulturbloggen.com\/wp-content\/uploads\/2012\/06\/birgitnillsonillustrationjenshage.jpg\" alt=\"\" width=\"210\" height=\"291\" srcset=\"https:\/\/kulturbloggen.com\/wp-content\/uploads\/2012\/06\/birgitnillsonillustrationjenshage.jpg 210w, https:\/\/kulturbloggen.com\/wp-content\/uploads\/2012\/06\/birgitnillsonillustrationjenshage-162x225.jpg 162w, https:\/\/kulturbloggen.com\/wp-content\/uploads\/2012\/06\/birgitnillsonillustrationjenshage-108x150.jpg 108w, https:\/\/kulturbloggen.com\/wp-content\/uploads\/2012\/06\/birgitnillsonillustrationjenshage-165x230.jpg 165w, https:\/\/kulturbloggen.com\/wp-content\/uploads\/2012\/06\/birgitnillsonillustrationjenshage-46x65.jpg 46w, https:\/\/kulturbloggen.com\/wp-content\/uploads\/2012\/06\/birgitnillsonillustrationjenshage-57x80.jpg 57w\" sizes=\"auto, (max-width: 210px) 100vw, 210px\" \/><\/a><\/p>\n<p>Illustration: Jens Hage<\/p>\n<p>F\u00f6rest\u00e4llningen skapas i n\u00e4ra samarbete med den katalanska scenkonstgruppen La Fura dels Baus och kommer att engagera m\u00e5nga Ume\u00e5bor i samarbete med flera internationella samarbetspartners.<\/p>\n<p>I dag har Ume\u00e5 kommuns kulturhuvudstadsutskott beslutat bevilja 3 380 000 kronor f\u00f6r projektet\u00a0<em>Elektra<\/em>. Operan blir ett av de st\u00f6rsta och mest spektakul\u00e4ra evenemangen under kulturhuvudstads\u00e5ret 2014. Premi\u00e4ren ber\u00e4knas ske den 14 augusti det \u00e5ret.<\/p>\n<blockquote><p>&#8211; Vi \u00e4r j\u00e4tteglada att Ume\u00e5 kommun best\u00e4mt sig f\u00f6r att st\u00f6tta detta banbrytande<br \/>\noperaprojekt. Med\u00a0<em>Elektra<\/em>\u00a0och La Fura dels Baus kan vi utlova en upplevelse f\u00f6r livet! Det blir en kulturh\u00e4ndelse som verkligen kommer att s\u00e4tta Ume\u00e5 p\u00e5 kartan, s\u00e4ger Kjell Englund, VD och konstn\u00e4rlig ledare f\u00f6r NorrlandsOperan.<\/p><\/blockquote>\n<p>La Fura dels Baus fr\u00e5n Barcelona kommer att st\u00e5 f\u00f6r den konstn\u00e4rliga utformningen av upps\u00e4ttningen. Gruppen arbetar med stora, nyskapande allkonstverk som engagerar m\u00e4ngder av m\u00e4nniskor p\u00e5 plats.<\/p>\n<p>&nbsp;<\/p>\n<blockquote><p>&#8211; La Fura dels Baus har medskapande och delaktighet som b\u00e4rande filosofi i sina<br \/>\nprojekt, n\u00e5got som vi ser som en viktig komponent och framg\u00e5ngsfaktor, s\u00e4ger<br \/>\nKjell Englund.<\/p><\/blockquote>\n<p>Gruppens internationella genombrott skedde i och med deras iscens\u00e4ttning av OS-invigningen i Barcelona 1992 och sedan dess har de gjort sig k\u00e4nda f\u00f6r en m\u00e4ngd operaf\u00f6rest\u00e4llningar och andra storslagna evenemang p\u00e5 olika h\u00e5ll i v\u00e4rlden, d\u00e4ribland den flerfaldigt prisbel\u00f6nta upps\u00e4ttningen av\u00a0<em>Nibelungens ring<\/em>\u00a0av Richard Wagner med v\u00e4rldsdirigenten Zubin Mehta.<\/p>\n<p>Richard Strauss enaktsopera\u00a0<em>Elektra<\/em>\u00a0\u00e4r ett expressionistiskt m\u00e4sterverk baserat p\u00e5 en grekisk myt och skildrar en av kulturhistoriens mest dysfunktionella familjer. Det \u00e4r en tragedi som \u00e4r angel\u00e4gen \u00e4n i dag. F\u00f6r att f\u00f6rverkliga Elektra s\u00f6ker NorrlandsOperan finansiering fr\u00e5n flera h\u00e5ll, d\u00e4ribland EU:s kulturprogram, Statens kulturr\u00e5d och olika sponsorer.<\/p>\n","protected":false},"excerpt":{"rendered":"<p>&nbsp; Illustration: Jens Hage F\u00f6rest\u00e4llningen skapas i n\u00e4ra samarbete med den katalanska scenkonstgruppen La Fura dels Baus och kommer att engagera m\u00e5nga Ume\u00e5bor i samarbete med flera internationella samarbetspartners. I dag har Ume\u00e5 kommuns kulturhuvudstadsutskott beslutat bevilja 3 380 000 kronor f\u00f6r projektet\u00a0Elektra. Operan blir ett av de st\u00f6rsta och mest spektakul\u00e4ra evenemangen under kulturhuvudstads\u00e5ret [&hellip;]<\/p>\n","protected":false},"author":13,"featured_media":0,"comment_status":"open","ping_status":"open","sticky":false,"template":"","format":"standard","meta":{"_genesis_hide_title":false,"_genesis_hide_breadcrumbs":false,"_genesis_hide_singular_image":false,"_genesis_hide_footer_widgets":false,"_genesis_custom_body_class":"","_genesis_custom_post_class":"","_genesis_layout":"","footnotes":""},"categories":[20],"tags":[1473,8159],"class_list":{"0":"post-55639","1":"post","2":"type-post","3":"status-publish","4":"format-standard","6":"category-film","7":"tag-elektra","8":"tag-som-utomhusopera-nar-umea-firar-kulturhuvudstad-2014","9":"entry"},"_links":{"self":[{"href":"https:\/\/kulturbloggen.com\/index.php?rest_route=\/wp\/v2\/posts\/55639","targetHints":{"allow":["GET"]}}],"collection":[{"href":"https:\/\/kulturbloggen.com\/index.php?rest_route=\/wp\/v2\/posts"}],"about":[{"href":"https:\/\/kulturbloggen.com\/index.php?rest_route=\/wp\/v2\/types\/post"}],"author":[{"embeddable":true,"href":"https:\/\/kulturbloggen.com\/index.php?rest_route=\/wp\/v2\/users\/13"}],"replies":[{"embeddable":true,"href":"https:\/\/kulturbloggen.com\/index.php?rest_route=%2Fwp%2Fv2%2Fcomments&post=55639"}],"version-history":[{"count":5,"href":"https:\/\/kulturbloggen.com\/index.php?rest_route=\/wp\/v2\/posts\/55639\/revisions"}],"predecessor-version":[{"id":55646,"href":"https:\/\/kulturbloggen.com\/index.php?rest_route=\/wp\/v2\/posts\/55639\/revisions\/55646"}],"wp:attachment":[{"href":"https:\/\/kulturbloggen.com\/index.php?rest_route=%2Fwp%2Fv2%2Fmedia&parent=55639"}],"wp:term":[{"taxonomy":"category","embeddable":true,"href":"https:\/\/kulturbloggen.com\/index.php?rest_route=%2Fwp%2Fv2%2Fcategories&post=55639"},{"taxonomy":"post_tag","embeddable":true,"href":"https:\/\/kulturbloggen.com\/index.php?rest_route=%2Fwp%2Fv2%2Ftags&post=55639"}],"curies":[{"name":"wp","href":"https:\/\/api.w.org\/{rel}","templated":true}]}}