{"id":55542,"date":"2012-06-03T23:10:02","date_gmt":"2012-06-03T21:10:02","guid":{"rendered":"http:\/\/kulturbloggen.com\/?p=55542"},"modified":"2012-06-03T23:18:39","modified_gmt":"2012-06-03T21:18:39","slug":"the-weeknd-pa-primavera-sound","status":"publish","type":"post","link":"https:\/\/kulturbloggen.com\/?p=55542","title":{"rendered":"The Weeknd p\u00e5 Primavera Sound"},"content":{"rendered":"<p><a href=\"http:\/\/kulturbloggen.com\/wp-content\/uploads\/2012\/06\/weeknd.jpg\"><img loading=\"lazy\" decoding=\"async\" src=\"http:\/\/kulturbloggen.com\/wp-content\/uploads\/2012\/06\/weeknd-300x169.jpg\" alt=\"\" title=\"weeknd\" width=\"300\" height=\"169\" class=\"alignnone size-medium wp-image-55548\" srcset=\"https:\/\/kulturbloggen.com\/wp-content\/uploads\/2012\/06\/weeknd-300x169.jpg 300w, https:\/\/kulturbloggen.com\/wp-content\/uploads\/2012\/06\/weeknd-1024x579.jpg 1024w, https:\/\/kulturbloggen.com\/wp-content\/uploads\/2012\/06\/weeknd-200x113.jpg 200w, https:\/\/kulturbloggen.com\/wp-content\/uploads\/2012\/06\/weeknd-175x99.jpg 175w, https:\/\/kulturbloggen.com\/wp-content\/uploads\/2012\/06\/weeknd-406x230.jpg 406w, https:\/\/kulturbloggen.com\/wp-content\/uploads\/2012\/06\/weeknd-100x56.jpg 100w, https:\/\/kulturbloggen.com\/wp-content\/uploads\/2012\/06\/weeknd-80x45.jpg 80w, https:\/\/kulturbloggen.com\/wp-content\/uploads\/2012\/06\/weeknd-150x84.jpg 150w, https:\/\/kulturbloggen.com\/wp-content\/uploads\/2012\/06\/weeknd-590x333.jpg 590w, https:\/\/kulturbloggen.com\/wp-content\/uploads\/2012\/06\/weeknd-920x520.jpg 920w\" sizes=\"auto, (max-width: 300px) 100vw, 300px\" \/><\/a><\/p>\n<p><strong>The Weeknd, Pitchfork Stage<\/strong><br \/>\nBetyg: 4<\/p>\n<p>Den kanadensiske R&#038;B-hajpen Abel Tesfaye, mer k\u00e4nd under namnet The Weeknd, gav en av ytterst f\u00e5 europeiska spelningar n\u00e4r han klev p\u00e5 Pitchfork-scenen p\u00e5 Primavera. Vad som slog mig var hur den sammetslena r\u00f6sten med en s\u00e5dan enkelhet s\u00e5 felfritt lyckades tr\u00e4ffa alla tonerna och fylla den varma sommarnatten med \u00f6mhet. <\/p>\n<p>Trots en inledning kantad av tekniska problem \u00e5terv\u00e4nde Tesfaye till scenen, bad \u00f6dmjukt om urs\u00e4kt och bj\u00f6d d\u00e4refter p\u00e5 en av festivalens mest imponerande uppvisningar. L\u00e5tar som <em>Wicked Games<\/em> k\u00e4nns helt enkelt bara s\u00e5 \u00e4kta. R&#038;B-genrens framtid tillh\u00f6r The Weeknd.<\/p>\n<p>H\u00e4r \u00e4r ett YouTube-klipp fr\u00e5n framf\u00f6randet av <em>High for This<\/em>:<\/p>\n<p><iframe loading=\"lazy\" width=\"560\" height=\"315\" src=\"http:\/\/www.youtube.com\/embed\/25qmQ-jeVIk\" frameborder=\"0\" allowfullscreen><\/iframe><\/p>\n","protected":false},"excerpt":{"rendered":"<p>The Weeknd, Pitchfork Stage Betyg: 4 Den kanadensiske R&#038;B-hajpen Abel Tesfaye, mer k\u00e4nd under namnet The Weeknd, gav en av ytterst f\u00e5 europeiska spelningar n\u00e4r han klev p\u00e5 Pitchfork-scenen p\u00e5 Primavera. Vad som slog mig var hur den sammetslena r\u00f6sten med en s\u00e5dan enkelhet s\u00e5 felfritt lyckades tr\u00e4ffa alla tonerna och fylla den varma sommarnatten [&hellip;]<\/p>\n","protected":false},"author":3,"featured_media":55548,"comment_status":"open","ping_status":"open","sticky":false,"template":"","format":"standard","meta":{"_genesis_hide_title":false,"_genesis_hide_breadcrumbs":false,"_genesis_hide_singular_image":false,"_genesis_hide_footer_widgets":false,"_genesis_custom_body_class":"","_genesis_custom_post_class":"","_genesis_layout":"","footnotes":""},"categories":[7],"tags":[8129,8137,8143],"class_list":{"0":"post-55542","1":"post","2":"type-post","3":"status-publish","4":"format-standard","5":"has-post-thumbnail","7":"category-musik","8":"tag-primavera","9":"tag-primavera-sound","10":"tag-the-weeknd","11":"entry"},"_links":{"self":[{"href":"https:\/\/kulturbloggen.com\/index.php?rest_route=\/wp\/v2\/posts\/55542","targetHints":{"allow":["GET"]}}],"collection":[{"href":"https:\/\/kulturbloggen.com\/index.php?rest_route=\/wp\/v2\/posts"}],"about":[{"href":"https:\/\/kulturbloggen.com\/index.php?rest_route=\/wp\/v2\/types\/post"}],"author":[{"embeddable":true,"href":"https:\/\/kulturbloggen.com\/index.php?rest_route=\/wp\/v2\/users\/3"}],"replies":[{"embeddable":true,"href":"https:\/\/kulturbloggen.com\/index.php?rest_route=%2Fwp%2Fv2%2Fcomments&post=55542"}],"version-history":[{"count":3,"href":"https:\/\/kulturbloggen.com\/index.php?rest_route=\/wp\/v2\/posts\/55542\/revisions"}],"predecessor-version":[{"id":55551,"href":"https:\/\/kulturbloggen.com\/index.php?rest_route=\/wp\/v2\/posts\/55542\/revisions\/55551"}],"wp:featuredmedia":[{"embeddable":true,"href":"https:\/\/kulturbloggen.com\/index.php?rest_route=\/wp\/v2\/media\/55548"}],"wp:attachment":[{"href":"https:\/\/kulturbloggen.com\/index.php?rest_route=%2Fwp%2Fv2%2Fmedia&parent=55542"}],"wp:term":[{"taxonomy":"category","embeddable":true,"href":"https:\/\/kulturbloggen.com\/index.php?rest_route=%2Fwp%2Fv2%2Fcategories&post=55542"},{"taxonomy":"post_tag","embeddable":true,"href":"https:\/\/kulturbloggen.com\/index.php?rest_route=%2Fwp%2Fv2%2Ftags&post=55542"}],"curies":[{"name":"wp","href":"https:\/\/api.w.org\/{rel}","templated":true}]}}