{"id":55401,"date":"2012-06-01T09:05:30","date_gmt":"2012-06-01T07:05:30","guid":{"rendered":"http:\/\/kulturbloggen.com\/?p=55401"},"modified":"2012-06-01T09:05:30","modified_gmt":"2012-06-01T07:05:30","slug":"timbuktu-pa-grona-lund-bilder","status":"publish","type":"post","link":"https:\/\/kulturbloggen.com\/?p=55401","title":{"rendered":"Timbuktu p\u00e5 Gr\u00f6na Lund, bilder"},"content":{"rendered":"<p>Timbuktu<br \/>\n<a href=\"http:\/\/www.gronalund.com\/sv\/Konserter-underhallning\/Konserter\/Timbuktu\/\">Gr\u00f6na Lund, Stockholm<\/a><br \/>\n31 maj 2112<\/p>\n<p>Gr\u00f6na Lunds hemsida beskriver Timbuktu s\u00e5 h\u00e4r:<br \/>\nJason \u201dTimbuktu\u201d Diakit\u00e9 har blivit en av landets st\u00f6rsta hiphopartister med hitl\u00e5tar som \u201dDet l\u00f6ser sig\u201d, \u201dAlla vill till himmelen men ingen vill d\u00f6\u201d och \u201dResten av ditt liv\u201d. Den 31 maj kl. 20.00 g\u00e4star han Gr\u00f6na Lunds Stora Scen.<\/p>\n<p>Calle Andersson var d\u00e4r och fotograferade.<\/p>\n<p><a href=\"http:\/\/kulturbloggen.com\/wp-content\/uploads\/2012\/06\/timbuktubest.jpg\"><img loading=\"lazy\" decoding=\"async\" class=\"aligncenter size-medium wp-image-55402\" title=\"timbuktubest\" src=\"http:\/\/kulturbloggen.com\/wp-content\/uploads\/2012\/06\/timbuktubest-300x200.jpg\" alt=\"\" width=\"300\" height=\"200\" srcset=\"https:\/\/kulturbloggen.com\/wp-content\/uploads\/2012\/06\/timbuktubest-300x200.jpg 300w, https:\/\/kulturbloggen.com\/wp-content\/uploads\/2012\/06\/timbuktubest-200x133.jpg 200w, https:\/\/kulturbloggen.com\/wp-content\/uploads\/2012\/06\/timbuktubest-175x116.jpg 175w, https:\/\/kulturbloggen.com\/wp-content\/uploads\/2012\/06\/timbuktubest-344x230.jpg 344w, https:\/\/kulturbloggen.com\/wp-content\/uploads\/2012\/06\/timbuktubest-97x65.jpg 97w, https:\/\/kulturbloggen.com\/wp-content\/uploads\/2012\/06\/timbuktubest-80x53.jpg 80w, https:\/\/kulturbloggen.com\/wp-content\/uploads\/2012\/06\/timbuktubest-150x100.jpg 150w, https:\/\/kulturbloggen.com\/wp-content\/uploads\/2012\/06\/timbuktubest-590x393.jpg 590w, https:\/\/kulturbloggen.com\/wp-content\/uploads\/2012\/06\/timbuktubest-920x613.jpg 920w, https:\/\/kulturbloggen.com\/wp-content\/uploads\/2012\/06\/timbuktubest.jpg 1000w\" sizes=\"auto, (max-width: 300px) 100vw, 300px\" \/><\/a><\/p>\n<p><a href=\"http:\/\/kulturbloggen.com\/wp-content\/uploads\/2012\/06\/timbuktu1.jpg\"><img loading=\"lazy\" decoding=\"async\" title=\"timbuktu1\" src=\"http:\/\/kulturbloggen.com\/wp-content\/uploads\/2012\/06\/timbuktu1-300x200.jpg\" alt=\"\" width=\"300\" height=\"200\" \/><\/a><\/p>\n<p><a href=\"http:\/\/kulturbloggen.com\/wp-content\/uploads\/2012\/06\/timbuktupublik.jpg\"><img loading=\"lazy\" decoding=\"async\" class=\"aligncenter size-medium wp-image-55404\" title=\"timbuktupublik\" src=\"http:\/\/kulturbloggen.com\/wp-content\/uploads\/2012\/06\/timbuktupublik-300x200.jpg\" alt=\"\" width=\"300\" height=\"200\" srcset=\"https:\/\/kulturbloggen.com\/wp-content\/uploads\/2012\/06\/timbuktupublik-300x200.jpg 300w, https:\/\/kulturbloggen.com\/wp-content\/uploads\/2012\/06\/timbuktupublik-200x133.jpg 200w, https:\/\/kulturbloggen.com\/wp-content\/uploads\/2012\/06\/timbuktupublik-175x116.jpg 175w, https:\/\/kulturbloggen.com\/wp-content\/uploads\/2012\/06\/timbuktupublik-344x230.jpg 344w, https:\/\/kulturbloggen.com\/wp-content\/uploads\/2012\/06\/timbuktupublik-97x65.jpg 97w, https:\/\/kulturbloggen.com\/wp-content\/uploads\/2012\/06\/timbuktupublik-80x53.jpg 80w, https:\/\/kulturbloggen.com\/wp-content\/uploads\/2012\/06\/timbuktupublik-150x100.jpg 150w, https:\/\/kulturbloggen.com\/wp-content\/uploads\/2012\/06\/timbuktupublik-590x393.jpg 590w, https:\/\/kulturbloggen.com\/wp-content\/uploads\/2012\/06\/timbuktupublik-920x613.jpg 920w, https:\/\/kulturbloggen.com\/wp-content\/uploads\/2012\/06\/timbuktupublik.jpg 1000w\" sizes=\"auto, (max-width: 300px) 100vw, 300px\" \/><\/a><\/p>\n<p><a href=\"http:\/\/kulturbloggen.com\/wp-content\/uploads\/2012\/06\/timbuktubandet.jpg\"><img loading=\"lazy\" decoding=\"async\" class=\"aligncenter size-medium wp-image-55405\" title=\"timbuktubandet\" src=\"http:\/\/kulturbloggen.com\/wp-content\/uploads\/2012\/06\/timbuktubandet-300x200.jpg\" alt=\"\" width=\"300\" height=\"200\" srcset=\"https:\/\/kulturbloggen.com\/wp-content\/uploads\/2012\/06\/timbuktubandet-300x200.jpg 300w, https:\/\/kulturbloggen.com\/wp-content\/uploads\/2012\/06\/timbuktubandet-200x133.jpg 200w, https:\/\/kulturbloggen.com\/wp-content\/uploads\/2012\/06\/timbuktubandet-175x116.jpg 175w, https:\/\/kulturbloggen.com\/wp-content\/uploads\/2012\/06\/timbuktubandet-344x230.jpg 344w, https:\/\/kulturbloggen.com\/wp-content\/uploads\/2012\/06\/timbuktubandet-97x65.jpg 97w, https:\/\/kulturbloggen.com\/wp-content\/uploads\/2012\/06\/timbuktubandet-80x53.jpg 80w, https:\/\/kulturbloggen.com\/wp-content\/uploads\/2012\/06\/timbuktubandet-150x100.jpg 150w, https:\/\/kulturbloggen.com\/wp-content\/uploads\/2012\/06\/timbuktubandet-590x393.jpg 590w, https:\/\/kulturbloggen.com\/wp-content\/uploads\/2012\/06\/timbuktubandet-920x613.jpg 920w, https:\/\/kulturbloggen.com\/wp-content\/uploads\/2012\/06\/timbuktubandet.jpg 1000w\" sizes=\"auto, (max-width: 300px) 100vw, 300px\" \/><\/a><\/p>\n<p><a href=\"http:\/\/kulturbloggen.com\/wp-content\/uploads\/2012\/06\/timbuktuigen.jpg\"><img loading=\"lazy\" decoding=\"async\" class=\"aligncenter size-medium wp-image-55407\" title=\"timbuktuigen\" src=\"http:\/\/kulturbloggen.com\/wp-content\/uploads\/2012\/06\/timbuktuigen-300x200.jpg\" alt=\"\" width=\"300\" height=\"200\" srcset=\"https:\/\/kulturbloggen.com\/wp-content\/uploads\/2012\/06\/timbuktuigen-300x200.jpg 300w, https:\/\/kulturbloggen.com\/wp-content\/uploads\/2012\/06\/timbuktuigen-200x133.jpg 200w, https:\/\/kulturbloggen.com\/wp-content\/uploads\/2012\/06\/timbuktuigen-175x116.jpg 175w, https:\/\/kulturbloggen.com\/wp-content\/uploads\/2012\/06\/timbuktuigen-344x230.jpg 344w, https:\/\/kulturbloggen.com\/wp-content\/uploads\/2012\/06\/timbuktuigen-97x65.jpg 97w, https:\/\/kulturbloggen.com\/wp-content\/uploads\/2012\/06\/timbuktuigen-80x53.jpg 80w, https:\/\/kulturbloggen.com\/wp-content\/uploads\/2012\/06\/timbuktuigen-150x100.jpg 150w, https:\/\/kulturbloggen.com\/wp-content\/uploads\/2012\/06\/timbuktuigen-590x393.jpg 590w, https:\/\/kulturbloggen.com\/wp-content\/uploads\/2012\/06\/timbuktuigen-920x613.jpg 920w, https:\/\/kulturbloggen.com\/wp-content\/uploads\/2012\/06\/timbuktuigen.jpg 1000w\" sizes=\"auto, (max-width: 300px) 100vw, 300px\" \/><\/a><\/p>\n<p><a href=\"http:\/\/kulturbloggen.com\/wp-content\/uploads\/2012\/06\/timbuktu5.jpg\"><img loading=\"lazy\" decoding=\"async\" class=\"aligncenter size-medium wp-image-55408\" title=\"timbuktu5\" src=\"http:\/\/kulturbloggen.com\/wp-content\/uploads\/2012\/06\/timbuktu5-300x200.jpg\" alt=\"\" width=\"300\" height=\"200\" srcset=\"https:\/\/kulturbloggen.com\/wp-content\/uploads\/2012\/06\/timbuktu5-300x200.jpg 300w, https:\/\/kulturbloggen.com\/wp-content\/uploads\/2012\/06\/timbuktu5-200x133.jpg 200w, https:\/\/kulturbloggen.com\/wp-content\/uploads\/2012\/06\/timbuktu5-175x116.jpg 175w, https:\/\/kulturbloggen.com\/wp-content\/uploads\/2012\/06\/timbuktu5-344x230.jpg 344w, https:\/\/kulturbloggen.com\/wp-content\/uploads\/2012\/06\/timbuktu5-97x65.jpg 97w, https:\/\/kulturbloggen.com\/wp-content\/uploads\/2012\/06\/timbuktu5-80x53.jpg 80w, https:\/\/kulturbloggen.com\/wp-content\/uploads\/2012\/06\/timbuktu5-150x100.jpg 150w, https:\/\/kulturbloggen.com\/wp-content\/uploads\/2012\/06\/timbuktu5-590x393.jpg 590w, https:\/\/kulturbloggen.com\/wp-content\/uploads\/2012\/06\/timbuktu5-920x613.jpg 920w, https:\/\/kulturbloggen.com\/wp-content\/uploads\/2012\/06\/timbuktu5.jpg 1000w\" sizes=\"auto, (max-width: 300px) 100vw, 300px\" \/><\/a><\/p>\n<p><a href=\"http:\/\/kulturbloggen.com\/wp-content\/uploads\/2012\/06\/timbuktu1.jpg\"><br \/>\n<\/a><\/p>\n<p><a href=\"http:\/\/kulturbloggen.com\/wp-content\/uploads\/2012\/06\/timbuktu4.jpg\"><img loading=\"lazy\" decoding=\"async\" class=\"aligncenter size-medium wp-image-55409\" title=\"timbuktu4\" src=\"http:\/\/kulturbloggen.com\/wp-content\/uploads\/2012\/06\/timbuktu4-300x200.jpg\" alt=\"\" width=\"300\" height=\"200\" srcset=\"https:\/\/kulturbloggen.com\/wp-content\/uploads\/2012\/06\/timbuktu4-300x200.jpg 300w, https:\/\/kulturbloggen.com\/wp-content\/uploads\/2012\/06\/timbuktu4-200x133.jpg 200w, https:\/\/kulturbloggen.com\/wp-content\/uploads\/2012\/06\/timbuktu4-175x116.jpg 175w, https:\/\/kulturbloggen.com\/wp-content\/uploads\/2012\/06\/timbuktu4-344x230.jpg 344w, https:\/\/kulturbloggen.com\/wp-content\/uploads\/2012\/06\/timbuktu4-97x65.jpg 97w, https:\/\/kulturbloggen.com\/wp-content\/uploads\/2012\/06\/timbuktu4-80x53.jpg 80w, https:\/\/kulturbloggen.com\/wp-content\/uploads\/2012\/06\/timbuktu4-150x100.jpg 150w, https:\/\/kulturbloggen.com\/wp-content\/uploads\/2012\/06\/timbuktu4-590x393.jpg 590w, https:\/\/kulturbloggen.com\/wp-content\/uploads\/2012\/06\/timbuktu4-920x613.jpg 920w, https:\/\/kulturbloggen.com\/wp-content\/uploads\/2012\/06\/timbuktu4.jpg 1000w\" sizes=\"auto, (max-width: 300px) 100vw, 300px\" \/><\/a><\/p>\n<p><a href=\"http:\/\/kulturbloggen.com\/wp-content\/uploads\/2012\/06\/timbuktu.jpg\"><img loading=\"lazy\" decoding=\"async\" class=\"aligncenter size-medium wp-image-55413\" title=\"timbuktu\" src=\"http:\/\/kulturbloggen.com\/wp-content\/uploads\/2012\/06\/timbuktu-300x200.jpg\" alt=\"\" width=\"300\" height=\"200\" srcset=\"https:\/\/kulturbloggen.com\/wp-content\/uploads\/2012\/06\/timbuktu-300x200.jpg 300w, https:\/\/kulturbloggen.com\/wp-content\/uploads\/2012\/06\/timbuktu-200x133.jpg 200w, https:\/\/kulturbloggen.com\/wp-content\/uploads\/2012\/06\/timbuktu-175x116.jpg 175w, https:\/\/kulturbloggen.com\/wp-content\/uploads\/2012\/06\/timbuktu-344x230.jpg 344w, https:\/\/kulturbloggen.com\/wp-content\/uploads\/2012\/06\/timbuktu-97x65.jpg 97w, https:\/\/kulturbloggen.com\/wp-content\/uploads\/2012\/06\/timbuktu-80x53.jpg 80w, https:\/\/kulturbloggen.com\/wp-content\/uploads\/2012\/06\/timbuktu-150x100.jpg 150w, https:\/\/kulturbloggen.com\/wp-content\/uploads\/2012\/06\/timbuktu-590x393.jpg 590w, https:\/\/kulturbloggen.com\/wp-content\/uploads\/2012\/06\/timbuktu-920x613.jpg 920w, https:\/\/kulturbloggen.com\/wp-content\/uploads\/2012\/06\/timbuktu.jpg 1000w\" sizes=\"auto, (max-width: 300px) 100vw, 300px\" \/><\/a><\/p>\n<p><a href=\"http:\/\/kulturbloggen.com\/wp-content\/uploads\/2012\/06\/timbuktu2.jpg\"><img loading=\"lazy\" decoding=\"async\" class=\"aligncenter size-medium wp-image-55411\" title=\"timbuktu2\" src=\"http:\/\/kulturbloggen.com\/wp-content\/uploads\/2012\/06\/timbuktu2-300x200.jpg\" alt=\"\" width=\"300\" height=\"200\" srcset=\"https:\/\/kulturbloggen.com\/wp-content\/uploads\/2012\/06\/timbuktu2-300x200.jpg 300w, https:\/\/kulturbloggen.com\/wp-content\/uploads\/2012\/06\/timbuktu2-200x133.jpg 200w, https:\/\/kulturbloggen.com\/wp-content\/uploads\/2012\/06\/timbuktu2-175x116.jpg 175w, https:\/\/kulturbloggen.com\/wp-content\/uploads\/2012\/06\/timbuktu2-344x230.jpg 344w, https:\/\/kulturbloggen.com\/wp-content\/uploads\/2012\/06\/timbuktu2-97x65.jpg 97w, https:\/\/kulturbloggen.com\/wp-content\/uploads\/2012\/06\/timbuktu2-80x53.jpg 80w, https:\/\/kulturbloggen.com\/wp-content\/uploads\/2012\/06\/timbuktu2-150x100.jpg 150w, https:\/\/kulturbloggen.com\/wp-content\/uploads\/2012\/06\/timbuktu2-590x393.jpg 590w, https:\/\/kulturbloggen.com\/wp-content\/uploads\/2012\/06\/timbuktu2-920x613.jpg 920w, https:\/\/kulturbloggen.com\/wp-content\/uploads\/2012\/06\/timbuktu2.jpg 1000w\" sizes=\"auto, (max-width: 300px) 100vw, 300px\" \/><\/a><\/p>\n<p><a href=\"http:\/\/kulturbloggen.com\/wp-content\/uploads\/2012\/06\/timbuktu3.jpg\"><img loading=\"lazy\" decoding=\"async\" class=\"aligncenter size-medium wp-image-55410\" title=\"timbuktu3\" src=\"http:\/\/kulturbloggen.com\/wp-content\/uploads\/2012\/06\/timbuktu3-300x200.jpg\" alt=\"\" width=\"300\" height=\"200\" srcset=\"https:\/\/kulturbloggen.com\/wp-content\/uploads\/2012\/06\/timbuktu3-300x200.jpg 300w, https:\/\/kulturbloggen.com\/wp-content\/uploads\/2012\/06\/timbuktu3-200x133.jpg 200w, https:\/\/kulturbloggen.com\/wp-content\/uploads\/2012\/06\/timbuktu3-175x116.jpg 175w, https:\/\/kulturbloggen.com\/wp-content\/uploads\/2012\/06\/timbuktu3-344x230.jpg 344w, https:\/\/kulturbloggen.com\/wp-content\/uploads\/2012\/06\/timbuktu3-97x65.jpg 97w, https:\/\/kulturbloggen.com\/wp-content\/uploads\/2012\/06\/timbuktu3-80x53.jpg 80w, https:\/\/kulturbloggen.com\/wp-content\/uploads\/2012\/06\/timbuktu3-150x100.jpg 150w, https:\/\/kulturbloggen.com\/wp-content\/uploads\/2012\/06\/timbuktu3-590x393.jpg 590w, https:\/\/kulturbloggen.com\/wp-content\/uploads\/2012\/06\/timbuktu3-920x613.jpg 920w, https:\/\/kulturbloggen.com\/wp-content\/uploads\/2012\/06\/timbuktu3.jpg 1000w\" sizes=\"auto, (max-width: 300px) 100vw, 300px\" \/><\/a><\/p>\n<p><a href=\"http:\/\/kulturbloggen.com\/wp-content\/uploads\/2012\/06\/timbuktu6.jpg\"><img loading=\"lazy\" decoding=\"async\" class=\"aligncenter size-medium wp-image-55406\" title=\"timbuktu6\" src=\"http:\/\/kulturbloggen.com\/wp-content\/uploads\/2012\/06\/timbuktu6-300x200.jpg\" alt=\"\" width=\"300\" height=\"200\" srcset=\"https:\/\/kulturbloggen.com\/wp-content\/uploads\/2012\/06\/timbuktu6-300x200.jpg 300w, https:\/\/kulturbloggen.com\/wp-content\/uploads\/2012\/06\/timbuktu6-200x133.jpg 200w, https:\/\/kulturbloggen.com\/wp-content\/uploads\/2012\/06\/timbuktu6-175x116.jpg 175w, https:\/\/kulturbloggen.com\/wp-content\/uploads\/2012\/06\/timbuktu6-344x230.jpg 344w, https:\/\/kulturbloggen.com\/wp-content\/uploads\/2012\/06\/timbuktu6-97x65.jpg 97w, https:\/\/kulturbloggen.com\/wp-content\/uploads\/2012\/06\/timbuktu6-80x53.jpg 80w, https:\/\/kulturbloggen.com\/wp-content\/uploads\/2012\/06\/timbuktu6-150x100.jpg 150w, https:\/\/kulturbloggen.com\/wp-content\/uploads\/2012\/06\/timbuktu6-590x393.jpg 590w, https:\/\/kulturbloggen.com\/wp-content\/uploads\/2012\/06\/timbuktu6-920x613.jpg 920w, https:\/\/kulturbloggen.com\/wp-content\/uploads\/2012\/06\/timbuktu6.jpg 1000w\" sizes=\"auto, (max-width: 300px) 100vw, 300px\" \/><\/a><\/p>\n<p><a href=\"http:\/\/kulturbloggen.com\/wp-content\/uploads\/2012\/06\/timtuktubackground.jpg\"><img loading=\"lazy\" decoding=\"async\" class=\"aligncenter size-medium wp-image-55403\" title=\"timtuktubackground\" src=\"http:\/\/kulturbloggen.com\/wp-content\/uploads\/2012\/06\/timtuktubackground-300x200.jpg\" alt=\"\" width=\"300\" height=\"200\" srcset=\"https:\/\/kulturbloggen.com\/wp-content\/uploads\/2012\/06\/timtuktubackground-300x200.jpg 300w, https:\/\/kulturbloggen.com\/wp-content\/uploads\/2012\/06\/timtuktubackground-200x133.jpg 200w, https:\/\/kulturbloggen.com\/wp-content\/uploads\/2012\/06\/timtuktubackground-175x116.jpg 175w, https:\/\/kulturbloggen.com\/wp-content\/uploads\/2012\/06\/timtuktubackground-344x230.jpg 344w, https:\/\/kulturbloggen.com\/wp-content\/uploads\/2012\/06\/timtuktubackground-97x65.jpg 97w, https:\/\/kulturbloggen.com\/wp-content\/uploads\/2012\/06\/timtuktubackground-80x53.jpg 80w, https:\/\/kulturbloggen.com\/wp-content\/uploads\/2012\/06\/timtuktubackground-150x100.jpg 150w, https:\/\/kulturbloggen.com\/wp-content\/uploads\/2012\/06\/timtuktubackground-590x393.jpg 590w, https:\/\/kulturbloggen.com\/wp-content\/uploads\/2012\/06\/timtuktubackground-920x613.jpg 920w, https:\/\/kulturbloggen.com\/wp-content\/uploads\/2012\/06\/timtuktubackground.jpg 1000w\" sizes=\"auto, (max-width: 300px) 100vw, 300px\" \/><\/a><\/p>\n<p>L\u00e4s \u00e4ven andra bloggares \u00e5sikter om <a href=\"http:\/\/bloggar.se\/om\/Timbuktu\" rel=\"tag\">Timbuktu<\/a>, <a href=\"http:\/\/bloggar.se\/om\/Gr%F6na+Lund\" rel=\"tag\">Gr\u00f6na Lund<\/a>, <a href=\"http:\/\/bloggar.se\/om\/musik\" rel=\"tag\">musik<\/a>, <a href=\"http:\/\/bloggar.se\/om\/hiphop\" rel=\"tag\">hiphop<\/a>, <a href=\"http:\/\/bloggar.se\/om\/foto\" rel=\"tag\">foto<\/a>, <a href=\"http:\/\/bloggar.se\/om\/rockfoto\" rel=\"tag\">rockfoto<\/a><\/p>\n","protected":false},"excerpt":{"rendered":"<p>Timbuktu Gr\u00f6na Lund, Stockholm 31 maj 2112 Gr\u00f6na Lunds hemsida beskriver Timbuktu s\u00e5 h\u00e4r: Jason \u201dTimbuktu\u201d Diakit\u00e9 har blivit en av landets st\u00f6rsta hiphopartister med hitl\u00e5tar som \u201dDet l\u00f6ser sig\u201d, \u201dAlla vill till himmelen men ingen vill d\u00f6\u201d och \u201dResten av ditt liv\u201d. Den 31 maj kl. 20.00 g\u00e4star han Gr\u00f6na Lunds Stora Scen. Calle [&hellip;]<\/p>\n","protected":false},"author":13,"featured_media":55402,"comment_status":"open","ping_status":"open","sticky":false,"template":"","format":"standard","meta":{"_genesis_hide_title":false,"_genesis_hide_breadcrumbs":false,"_genesis_hide_singular_image":false,"_genesis_hide_footer_widgets":false,"_genesis_custom_body_class":"","_genesis_custom_post_class":"","_genesis_layout":"","footnotes":""},"categories":[7],"tags":[1841,2110,2274,12282,4800,6978],"class_list":{"0":"post-55401","1":"post","2":"type-post","3":"status-publish","4":"format-standard","5":"has-post-thumbnail","7":"category-musik","8":"tag-foto","9":"tag-grona-lund","10":"tag-hiphop","11":"tag-musik","12":"tag-rockfoto","13":"tag-timbuktu","14":"entry"},"_links":{"self":[{"href":"https:\/\/kulturbloggen.com\/index.php?rest_route=\/wp\/v2\/posts\/55401","targetHints":{"allow":["GET"]}}],"collection":[{"href":"https:\/\/kulturbloggen.com\/index.php?rest_route=\/wp\/v2\/posts"}],"about":[{"href":"https:\/\/kulturbloggen.com\/index.php?rest_route=\/wp\/v2\/types\/post"}],"author":[{"embeddable":true,"href":"https:\/\/kulturbloggen.com\/index.php?rest_route=\/wp\/v2\/users\/13"}],"replies":[{"embeddable":true,"href":"https:\/\/kulturbloggen.com\/index.php?rest_route=%2Fwp%2Fv2%2Fcomments&post=55401"}],"version-history":[{"count":1,"href":"https:\/\/kulturbloggen.com\/index.php?rest_route=\/wp\/v2\/posts\/55401\/revisions"}],"predecessor-version":[{"id":55414,"href":"https:\/\/kulturbloggen.com\/index.php?rest_route=\/wp\/v2\/posts\/55401\/revisions\/55414"}],"wp:featuredmedia":[{"embeddable":true,"href":"https:\/\/kulturbloggen.com\/index.php?rest_route=\/wp\/v2\/media\/55402"}],"wp:attachment":[{"href":"https:\/\/kulturbloggen.com\/index.php?rest_route=%2Fwp%2Fv2%2Fmedia&parent=55401"}],"wp:term":[{"taxonomy":"category","embeddable":true,"href":"https:\/\/kulturbloggen.com\/index.php?rest_route=%2Fwp%2Fv2%2Fcategories&post=55401"},{"taxonomy":"post_tag","embeddable":true,"href":"https:\/\/kulturbloggen.com\/index.php?rest_route=%2Fwp%2Fv2%2Ftags&post=55401"}],"curies":[{"name":"wp","href":"https:\/\/api.w.org\/{rel}","templated":true}]}}