{"id":55045,"date":"2012-05-26T09:56:24","date_gmt":"2012-05-26T07:56:24","guid":{"rendered":"http:\/\/kulturbloggen.com\/?p=55045"},"modified":"2012-05-26T13:09:48","modified_gmt":"2012-05-26T11:09:48","slug":"sprickan-allt-tydligare-pa-lo-kongressen","status":"publish","type":"post","link":"https:\/\/kulturbloggen.com\/?p=55045","title":{"rendered":"Sprickan allt tydligare p\u00e5 LO-kongressen"},"content":{"rendered":"<p>Ist\u00e4llet f\u00f6r enighet blir sprickan allt tydligare p\u00e5 <a href=\"http:\/\/www.lo.se\/home\/lo\/p3\/content.nsf\/aget?openagent&#038;site=kongress_2012\">LO-kongressen<\/a>.<\/p>\n<p>&#8211; Vi \u00e4r v\u00e4rldens starkaste fackf\u00f6reningsr\u00f6relse, <a href=\"http:\/\/www.aftonbladet.se\/nyheter\/article14884823.ab\">p\u00e5stod avg\u00e5ende LO-ordf\u00f6randen Wanja Lundby-Wedin i sitt \u00f6ppningstal p\u00e5 LO-kongressen<\/a>. En kongress d\u00e4r LO vill visa p\u00e5 fjorton f\u00f6rbund som h\u00e5ller ihop, och har ett gemensamt intresse. Fjorton f\u00f6rbund som h\u00e5ller ihop och \u00e4r starka tillsammans. Nu n\u00e4r kongressen \u00e4r inne p\u00e5 sin andra dag, s\u00e5 \u00e4r det inte riktigt den bilden kulturbloggen upplever. Kommunal tog fajten p\u00e5 kongressen att det ska finnas s\u00e4rskilda j\u00e4mst\u00e4lldhetspotter. Kommunal blev nedr\u00f6stade och f\u00f6rlorade den fajten. <\/p>\n<p>Den som \u00e4r stor, m\u00e5ste ocks\u00e5 vara sn\u00e4ll. Det skulle kunna vara en paroll f\u00f6r Kommunal under kongressen. N\u00e4r dom r\u00f6stade mot styrelsens f\u00f6rslag, s\u00e5 ut\u00f6kades LO-styrelsen till att omfatta en plats f\u00f6r alla LO-f\u00f6rbund. Det inneb\u00e4r sex ledam\u00f6ter till, fr\u00e5n hur det \u00e4r idag. <\/p>\n<p>Idag (28 maj 2012) v\u00e4ljs en ny ordf\u00f6rande till LO. Det blev m\u00f6jligt att l\u00e4gga fram en kandidat fr\u00e5n valberedningen f\u00f6rst n\u00e4r Kommunal tog ett steg bak\u00e5t f\u00f6r sin kandidat. IF Metall vann den striden, och bilden m\u00e5nga f\u00e5r \u00e4r att Kommunal v\u00e5rdar gemenskapen mycket mer inom LO, \u00e4n vad IF Metall. Samtidigt v\u00e5gar inte Kommunal k\u00f6ra sin egen v\u00e4g, f\u00f6r dom inser nog att skulle de g\u00f6ra det, s\u00e5 skulle LO spricka.<\/p>\n<p>Sprickan har \u00e4nd\u00e5 blivit tydligare. Ombuden fr\u00e5n IF Metall har tagit p\u00e5 sig gemensamma r\u00f6da T-shirts. De sitter p\u00e5 ena kanten av kongresshallen och Kommunal sitter p\u00e5 den andra. Det k\u00e4nns som en mil d\u00e4remellan, och fr\u00e5gan \u00e4r hur l\u00e4nge LO kan h\u00e5lla ihop dessa tv\u00e5 falanger. Den dagen Kommunal k\u00f6r med samma stil som IF Metall, d\u00e5 spricker LO. <\/p>\n<p>N\u00e4r den nya ordf\u00f6rande \u00e4r vald, s\u00e5 blir den f\u00f6rsta stora uppgiften att f\u00e5 ihop de fjorton medlemsf\u00f6rbunden till en enhet. Det blev korta avtal i \u00e5r, s\u00e5 redan n\u00e4sta \u00e5r blir det ett nytt v\u00e4gval. En ny LO-samordning, eller ett IF Metall som k\u00f6r sitt eget race. Redan n\u00e4sta \u00e5r kan LO vara \u00e4nd\u00e5 svagare. \u00c4nd\u00e5 mer splittrade.<\/p>\n<p><strong>Rapport fr\u00e5n \u00e5sk\u00e5dare p\u00e5 plats i kongresshallen.<\/strong><\/p>\n<p>Uppdatering: Nu \u00e4r Karl-Petter Thorwaldsson vald till LO-ordf\u00f6rande och Kulturbloggen utropar ett stort grattis. Han har ett stort uppdrag att ena f\u00f6rbunden och sv\u00e5righeter finns, som v\u00e5r g\u00e4stskribent beskrivit. Man Karl-Petter har en gedigen bakgrund och har dessutom varit i ledningen f\u00f6r ABF i m\u00e5nga \u00e5r och f\u00f6rst\u00e5r hur grundl\u00e4ggande kulturen \u00e4r f\u00f6r ett samh\u00e4lle. D\u00e4rf\u00f6r hoppas vi att kulturfr\u00e5gorna ska sl\u00e4ppas in igen i arbetarr\u00f6relsen och den fackliga r\u00f6relsen.<\/p>\n<p>Relaterat:<br \/>\n<a href=\"http:\/\/www.aftonbladet.se\/nyheter\/article14883904.ab\">Aftonbladet<\/a> och <a href=\"http:\/\/peterlandersson.blogspot.se\/2012\/05\/lo-kongressen-samlas.html\">Peter Andersson<\/a> och <a href=\"http:\/\/leinejohansson.blogspot.se\/2012\/05\/lo-en-maktfaktor.html\">Leine Johanssons blogg<\/a>.<\/p>\n<p>L\u00e4s \u00e4ven andra bloggares \u00e5sikter om <a href=\"http:\/\/bloggar.se\/om\/LO-kongress\" rel=\"tag\">LO-kongress<\/a>, <a href=\"http:\/\/bloggar.se\/om\/samh%E4lle\" rel=\"tag\">samh\u00e4lle<\/a>, <a href=\"http:\/\/bloggar.se\/om\/fackligt\" rel=\"tag\">fackligt<\/a>, <a href=\"http:\/\/bloggar.se\/om\/politik\" rel=\"tag\">politik<\/a>, <a href=\"http:\/\/bloggar.se\/om\/Kommunal\" rel=\"tag\">Kommunal<\/a>, <a href=\"http:\/\/bloggar.se\/om\/IF+Metall\" rel=\"tag\">IF Metall<\/a><\/p>\n","protected":false},"excerpt":{"rendered":"<p>Ist\u00e4llet f\u00f6r enighet blir sprickan allt tydligare p\u00e5 LO-kongressen. &#8211; Vi \u00e4r v\u00e4rldens starkaste fackf\u00f6reningsr\u00f6relse, p\u00e5stod avg\u00e5ende LO-ordf\u00f6randen Wanja Lundby-Wedin i sitt \u00f6ppningstal p\u00e5 LO-kongressen. En kongress d\u00e4r LO vill visa p\u00e5 fjorton f\u00f6rbund som h\u00e5ller ihop, och har ett gemensamt intresse. Fjorton f\u00f6rbund som h\u00e5ller ihop och \u00e4r starka tillsammans. Nu n\u00e4r kongressen \u00e4r [&hellip;]<\/p>\n","protected":false},"author":13,"featured_media":55046,"comment_status":"open","ping_status":"open","sticky":false,"template":"","format":"standard","meta":{"_genesis_hide_title":false,"_genesis_hide_breadcrumbs":false,"_genesis_hide_singular_image":false,"_genesis_hide_footer_widgets":false,"_genesis_custom_body_class":"","_genesis_custom_post_class":"","_genesis_layout":"","footnotes":""},"categories":[62],"tags":[1635,8084,12284,4917],"class_list":{"0":"post-55045","1":"post","2":"type-post","3":"status-publish","4":"format-standard","5":"has-post-thumbnail","7":"category-medie-och-kulturpolitik","8":"tag-fackligt","9":"tag-lo-kongress","10":"tag-politik","11":"tag-samhalle","12":"entry"},"_links":{"self":[{"href":"https:\/\/kulturbloggen.com\/index.php?rest_route=\/wp\/v2\/posts\/55045","targetHints":{"allow":["GET"]}}],"collection":[{"href":"https:\/\/kulturbloggen.com\/index.php?rest_route=\/wp\/v2\/posts"}],"about":[{"href":"https:\/\/kulturbloggen.com\/index.php?rest_route=\/wp\/v2\/types\/post"}],"author":[{"embeddable":true,"href":"https:\/\/kulturbloggen.com\/index.php?rest_route=\/wp\/v2\/users\/13"}],"replies":[{"embeddable":true,"href":"https:\/\/kulturbloggen.com\/index.php?rest_route=%2Fwp%2Fv2%2Fcomments&post=55045"}],"version-history":[{"count":8,"href":"https:\/\/kulturbloggen.com\/index.php?rest_route=\/wp\/v2\/posts\/55045\/revisions"}],"predecessor-version":[{"id":55054,"href":"https:\/\/kulturbloggen.com\/index.php?rest_route=\/wp\/v2\/posts\/55045\/revisions\/55054"}],"wp:featuredmedia":[{"embeddable":true,"href":"https:\/\/kulturbloggen.com\/index.php?rest_route=\/wp\/v2\/media\/55046"}],"wp:attachment":[{"href":"https:\/\/kulturbloggen.com\/index.php?rest_route=%2Fwp%2Fv2%2Fmedia&parent=55045"}],"wp:term":[{"taxonomy":"category","embeddable":true,"href":"https:\/\/kulturbloggen.com\/index.php?rest_route=%2Fwp%2Fv2%2Fcategories&post=55045"},{"taxonomy":"post_tag","embeddable":true,"href":"https:\/\/kulturbloggen.com\/index.php?rest_route=%2Fwp%2Fv2%2Ftags&post=55045"}],"curies":[{"name":"wp","href":"https:\/\/api.w.org\/{rel}","templated":true}]}}