{"id":54932,"date":"2012-05-25T09:18:40","date_gmt":"2012-05-25T07:18:40","guid":{"rendered":"http:\/\/kulturbloggen.com\/?p=54932"},"modified":"2012-05-25T09:30:58","modified_gmt":"2012-05-25T07:30:58","slug":"nu-kan-eurovision-borja-nar-loreen-gick-till-final-men-malta-kommer-att-vinna-overlagset","status":"publish","type":"post","link":"https:\/\/kulturbloggen.com\/?p=54932","title":{"rendered":"Nu kan Eurovision b\u00f6rja n\u00e4r Loreen gick till final &#8211; men Malta kommer att vinna &#8211; \u00f6verl\u00e4gset"},"content":{"rendered":"<p>Puh, vad sk\u00f6nt att <a href=\"http:\/\/www.dn.se\/kultur-noje\/musik\/loreen-vidare-till-final\">Loreen gick vidare till final<\/a> i Eurovision Song Contest. <a href=\"http:\/\/www.dn.se\/kultur-noje\/musik\/det-som-var-sa-sakert-sakrades--loreen-till-final\">Svenska medier tror ju alltid att alla gillar oss<\/a>. Hennes framtr\u00e4dande v\u00e4ckte ganska livlig debatt p\u00e5 Twitter. <a href=\"http:\/\/www.aftonbladet.se\/nojesbladet\/melodifestivalen\/article14877528.ab\">Fr\u00e5gan var<\/a> om hon var nerv\u00f6s och sluddrade lite eller om hon hade \u00e4ndrat lite i texten?<\/p>\n<p><a href=\"http:\/\/kulturbloggen.com\/wp-content\/uploads\/2012\/05\/malta_eurovision1.jpg\"><img loading=\"lazy\" decoding=\"async\" src=\"http:\/\/kulturbloggen.com\/wp-content\/uploads\/2012\/05\/malta_eurovision1-300x153.jpg\" alt=\"\" title=\"malta_eurovision\" width=\"300\" height=\"153\" class=\"alignright size-medium wp-image-54938\" srcset=\"https:\/\/kulturbloggen.com\/wp-content\/uploads\/2012\/05\/malta_eurovision1-300x153.jpg 300w, https:\/\/kulturbloggen.com\/wp-content\/uploads\/2012\/05\/malta_eurovision1-200x102.jpg 200w, https:\/\/kulturbloggen.com\/wp-content\/uploads\/2012\/05\/malta_eurovision1-175x89.jpg 175w, https:\/\/kulturbloggen.com\/wp-content\/uploads\/2012\/05\/malta_eurovision1-448x230.jpg 448w, https:\/\/kulturbloggen.com\/wp-content\/uploads\/2012\/05\/malta_eurovision1-100x51.jpg 100w, https:\/\/kulturbloggen.com\/wp-content\/uploads\/2012\/05\/malta_eurovision1-80x40.jpg 80w, https:\/\/kulturbloggen.com\/wp-content\/uploads\/2012\/05\/malta_eurovision1-150x76.jpg 150w, https:\/\/kulturbloggen.com\/wp-content\/uploads\/2012\/05\/malta_eurovision1-590x302.jpg 590w, https:\/\/kulturbloggen.com\/wp-content\/uploads\/2012\/05\/malta_eurovision1.jpg 601w\" sizes=\"auto, (max-width: 300px) 100vw, 300px\" \/><\/a>Men det k\u00e4ndes r\u00e4tt nerv\u00f6st med tanke p\u00e5 att n\u00e4stan alla \u00f6vriga t\u00e4vlande seminfinalen var forna Sovjetstater eller l\u00e4nder som haft t\u00e4ta band till Sovjetunionen.<\/p>\n<p>Egentligen \u00e4r det lite konstigt att l\u00e4nder som bildats f\u00f6r att de varit tvingade att vara en gemensam nation sedan efter\u00e5t \u00e4nd\u00e5 \u00e4r s\u00e5 h\u00e4ngivna varandra att de ofta r\u00f6star p\u00e5 varandra.<\/p>\n<p>Loreens l\u00e5t stack onekligen ut, det var d\u00e4rf\u00f6r jag blev orolig att de andra r\u00f6stande l\u00e4nderna inte skulle uppskatta den typen av musik.<\/p>\n<p>I finalen t\u00e4vlar Loreen som nummer 17, <a href=\"http:\/\/www.expressen.se\/noje\/loreen-startar-som-nummer-17-i-finalen\/\">uppger Expressen.<\/a><\/p>\n<p>Jag fick en ny favorit ocks\u00e5. Maltas sk\u00f6na popg\u00e4ng &#8211; Kurt Calleja med This is the night &#8211; \u00e4r j\u00e4ttebra.<br \/>\nOch samma mina ord: Malta vinner finalen p\u00e5 l\u00f6rdag.<br \/>\nTill skillnad fr\u00e5n \u00f6vriga bidrag \u00e4r det en l\u00e5t som kunde sl\u00f6ppts \u00e4nd\u00e5 och gjort succ\u00e9.<\/p>\n<p>Fast Sverige b\u00f6rjar nog bli r\u00e4tt bra p\u00e5 att skriva schlager. <a href=\"http:\/\/www.expressen.se\/noje\/svensk-dominans-i-arets-eurovision\/\">Expressen<\/a>:<br \/>\n<em>Efter torsdagens andra delfinal st\u00e5r det klart att alla tio svenskskrivna bidrag \u00e4r med i finalen i Baku p\u00e5 l\u00f6rdag.<\/em><\/p>\n<p><iframe loading=\"lazy\" width=\"560\" height=\"315\" src=\"http:\/\/www.youtube.com\/embed\/cjhBsCop3Ys\" frameborder=\"0\" allowfullscreen><\/iframe><\/p>\n<p>Fakta fr\u00e5n Expressen:<br \/>\nTio svenska bidrag i final<br \/>\n\u2022 Sverige. Loreen: &#8221;Euphoria&#8221;. L\u00e5ten \u00e4r skriven av Thomas G:son och Peter Bostr\u00f6m.<br \/>\n\u2022 Irland. Jedward: &#8221;Waterline&#8221;. L\u00e5ten \u00e4r skriven av svenske Nick Jarl och Sharon Vaughn.<br \/>\n\u2022 Italien. Nina Zilli: &#8221;L&#8217;amore \u00e8 femmina&#8221;. L\u00e5ten \u00e4r skriven av Nina Zilli, svenskarna Christian Rabb, Kristoffer Sj\u00f6kvist och Frida Molander och amerikanen Charlie Mason.<br \/>\n\u2022 Norge. Tooji: &#8221;Stay&#8221;. L\u00e5ten \u00e4r skriven av norske Tooji tillsammans med svenskarna Peter Bostr\u00f6m och Figge Bostr\u00f6m.<br \/>\n\u2022 Spanien. Pastora Soler: &#8221;Qu\u00e9date conmigo&#8221;. L\u00e5ten \u00e4r skriven av Thomas G:son, Tony S\u00e1nchez-Ohlsson och Erik Bernholm.<br \/>\n\u2022 Grekland. Eleftheria Eleftheriou: &#8221;Aphrodisiac&#8221; L\u00e5ten \u00e4r skriven av de svenska l\u00e5tskrivarna Dimitri Stassos, Mikaela Stenstr\u00f6m and Dajana L\u00f6\u00f6f.<br \/>\n\u2022 Ivi Adamou: &#8221;La la love&#8221;. L\u00e5ten \u00e4r skriven av Alex Papaconstantinou, Bj\u00f6rn Djupstr\u00f6m, Alexandra Zakka och Viktor Svensson.<br \/>\n\u2022 Malta. Kurt Calleja. &#8221;This is the night&#8221;. L\u00e5ten \u00e4r skriven av Kurt Calleja, Johan J\u00e4mtberg och Mikael Gunner\u00e5s.<br \/>\n\u2022 Storbritannien. Engelbert Humperdinck: &#8221;Love will set your free&#8221;. Svensken Martin Terefe \u00e4r en av l\u00e5tskrivarna.<br \/>\n\u2022 Azerbajdzjan. Sabina Babajeva: &#8221;When the music dies&#8221;. Skriven av svenskarna Anders Bagge, Sandra Bjurman, Stefan \u00d6rn och Johan Kronlund.<\/p>\n<p>Relaterat kring Eurovision: <a href=\"http:\/\/www.svd.se\/kultur\/loreen-var-fantastisk_7228133.svd\">Svenska Dagbladet<\/a><\/p>\n<p>L\u00e4s \u00e4ven andra bloggares \u00e5sikter om <a href=\"http:\/\/bloggar.se\/om\/Loreen\" rel=\"tag\">Loreen<\/a>, <a href=\"http:\/\/bloggar.se\/om\/Eurovision+Song+Contest\" rel=\"tag\">Eurovision Song Contest<\/a>, <a href=\"http:\/\/bloggar.se\/om\/ESC\" rel=\"tag\">ESC<\/a>, <a href=\"http:\/\/bloggar.se\/om\/Malta\" rel=\"tag\">Malta<\/a>, <a href=\"http:\/\/bloggar.se\/om\/Baku\" rel=\"tag\">Baku<\/a><\/p>\n","protected":false},"excerpt":{"rendered":"<p>Puh, vad sk\u00f6nt att Loreen gick vidare till final i Eurovision Song Contest. Svenska medier tror ju alltid att alla gillar oss. Hennes framtr\u00e4dande v\u00e4ckte ganska livlig debatt p\u00e5 Twitter. Fr\u00e5gan var om hon var nerv\u00f6s och sluddrade lite eller om hon hade \u00e4ndrat lite i texten? Men det k\u00e4ndes r\u00e4tt nerv\u00f6st med tanke p\u00e5 [&hellip;]<\/p>\n","protected":false},"author":2,"featured_media":54938,"comment_status":"open","ping_status":"open","sticky":false,"template":"","format":"standard","meta":{"_genesis_hide_title":false,"_genesis_hide_breadcrumbs":false,"_genesis_hide_singular_image":false,"_genesis_hide_footer_widgets":false,"_genesis_custom_body_class":"","_genesis_custom_post_class":"","_genesis_layout":"","footnotes":""},"categories":[7],"tags":[8063,1567,1596,7119,8076],"class_list":{"0":"post-54932","1":"post","2":"type-post","3":"status-publish","4":"format-standard","5":"has-post-thumbnail","7":"category-musik","8":"tag-baku","9":"tag-esc","10":"tag-eurovision-song-contest","11":"tag-loreen","12":"tag-malta","13":"entry"},"_links":{"self":[{"href":"https:\/\/kulturbloggen.com\/index.php?rest_route=\/wp\/v2\/posts\/54932","targetHints":{"allow":["GET"]}}],"collection":[{"href":"https:\/\/kulturbloggen.com\/index.php?rest_route=\/wp\/v2\/posts"}],"about":[{"href":"https:\/\/kulturbloggen.com\/index.php?rest_route=\/wp\/v2\/types\/post"}],"author":[{"embeddable":true,"href":"https:\/\/kulturbloggen.com\/index.php?rest_route=\/wp\/v2\/users\/2"}],"replies":[{"embeddable":true,"href":"https:\/\/kulturbloggen.com\/index.php?rest_route=%2Fwp%2Fv2%2Fcomments&post=54932"}],"version-history":[{"count":5,"href":"https:\/\/kulturbloggen.com\/index.php?rest_route=\/wp\/v2\/posts\/54932\/revisions"}],"predecessor-version":[{"id":54942,"href":"https:\/\/kulturbloggen.com\/index.php?rest_route=\/wp\/v2\/posts\/54932\/revisions\/54942"}],"wp:featuredmedia":[{"embeddable":true,"href":"https:\/\/kulturbloggen.com\/index.php?rest_route=\/wp\/v2\/media\/54938"}],"wp:attachment":[{"href":"https:\/\/kulturbloggen.com\/index.php?rest_route=%2Fwp%2Fv2%2Fmedia&parent=54932"}],"wp:term":[{"taxonomy":"category","embeddable":true,"href":"https:\/\/kulturbloggen.com\/index.php?rest_route=%2Fwp%2Fv2%2Fcategories&post=54932"},{"taxonomy":"post_tag","embeddable":true,"href":"https:\/\/kulturbloggen.com\/index.php?rest_route=%2Fwp%2Fv2%2Ftags&post=54932"}],"curies":[{"name":"wp","href":"https:\/\/api.w.org\/{rel}","templated":true}]}}