{"id":54904,"date":"2012-05-24T16:21:18","date_gmt":"2012-05-24T14:21:18","guid":{"rendered":"http:\/\/kulturbloggen.com\/?p=54904"},"modified":"2012-05-24T16:21:18","modified_gmt":"2012-05-24T14:21:18","slug":"parkteatern-i-stockholm-firar-70-ar-programmet-och-tips","status":"publish","type":"post","link":"https:\/\/kulturbloggen.com\/?p=54904","title":{"rendered":"Parkteatern i Stockholm firar 70 \u00e5r &#8211; programmet och tips"},"content":{"rendered":"<p>Parkteatern i Stockholm fyller 70 \u00e5r i sommar, 2012. Den f\u00f6rsta parkteaterf\u00f6rest\u00e4llningen gav 11 juni 1942 i Gamla Stan.<\/p>\n<p><a href=\"http:\/\/kulturbloggen.com\/wp-content\/uploads\/2012\/05\/parkteatern3.jpg\"><img loading=\"lazy\" decoding=\"async\" src=\"http:\/\/kulturbloggen.com\/wp-content\/uploads\/2012\/05\/parkteatern3-300x225.jpg\" alt=\"\" title=\"parkteatern3\" width=\"300\" height=\"225\" class=\"alignright size-medium wp-image-54911\" srcset=\"https:\/\/kulturbloggen.com\/wp-content\/uploads\/2012\/05\/parkteatern3-300x225.jpg 300w, https:\/\/kulturbloggen.com\/wp-content\/uploads\/2012\/05\/parkteatern3-1024x768.jpg 1024w, https:\/\/kulturbloggen.com\/wp-content\/uploads\/2012\/05\/parkteatern3-200x150.jpg 200w, https:\/\/kulturbloggen.com\/wp-content\/uploads\/2012\/05\/parkteatern3-175x131.jpg 175w, https:\/\/kulturbloggen.com\/wp-content\/uploads\/2012\/05\/parkteatern3-306x230.jpg 306w, https:\/\/kulturbloggen.com\/wp-content\/uploads\/2012\/05\/parkteatern3-86x65.jpg 86w, https:\/\/kulturbloggen.com\/wp-content\/uploads\/2012\/05\/parkteatern3-80x60.jpg 80w, https:\/\/kulturbloggen.com\/wp-content\/uploads\/2012\/05\/parkteatern3-150x112.jpg 150w, https:\/\/kulturbloggen.com\/wp-content\/uploads\/2012\/05\/parkteatern3-590x442.jpg 590w, https:\/\/kulturbloggen.com\/wp-content\/uploads\/2012\/05\/parkteatern3-920x690.jpg 920w, https:\/\/kulturbloggen.com\/wp-content\/uploads\/2012\/05\/parkteatern3.jpg 1632w\" sizes=\"auto, (max-width: 300px) 100vw, 300px\" \/><\/a>70-\u00e5rsjubileet firas rej\u00e4lt med stora satsningar: Mer \u00e4n 160 f\u00f6rst\u00e4llningar och 35 olika programpunkter. Spelplatserna ut\u00f6kas till 56 olika spelplatser och m\u00e5gna av dessa ligger utanf\u00f6r stadstullarna.<br \/>\nAntalet f\u00f6rest\u00e4llningar som visas i f\u00f6romr\u00e5den har mer \u00e4n f\u00f6rdubblats till 91 stycken.<\/p>\n<p>Premi\u00e4ren \u00e4ger traditionsenligt rum i Vitabergsparken den 1 juni. &#8221;Fr\u00f6ken Fleggmans mustasch&#8221; kommer att spela 24 f\u00f6rest\u00e4llningar p\u00e5 10 olika spelplatser runtom i Stockholm under juni, som alltid med fri entr\u00e9.<\/p>\n<p>F\u00f6rest\u00e4llningen \u00e4r regisserad av Niklas Hjulstr\u00f6m och i rollerna Jessica Heribertsson, J\u00f6rgen Thorsson, Tomas Bolme och Ralph Carlsson.<\/p>\n<p>&#8221;Fr\u00f6ken Fleggmans mustasch&#8221; hade premi\u00e4r p\u00e5 G\u00f6ta Lejon 1982 med Lena Nyman, G\u00f6sta Ekman, Hasse Alfredson och Tage Danielsson i rollerna.<\/p>\n<p>Pj\u00e4sen tar plats en vacker dag i b\u00f6rjan av 1930-talet. Den obekymrade \u00e4dlingen Niklas von Sanguin v\u00e4ntar bes\u00f6k av den stenrike surkarten direkt\u00f6r Kurt S. Wresig. Han anl\u00e4nder med sin lojala och f\u00f6rtjusande kammarjungfru Frida Fleggman, samt Alvar Dysterkvist vars namn s\u00e4ger allt. \u00c4dlingen blir snabbt f\u00f6r\u00e4lskad i Frida. Men tyv\u00e4rr ocks\u00e5 ruinerad. Direkt\u00f6r Wresig d\u00f6r pl\u00f6tsligt under oklara omst\u00e4ndigheter. \u00c4r det ett mord? \u00c4r surkarten den skyldige?<br \/>\nNu dyker kommissarie Kolerik Wresig upp f\u00f6r att utreda saken. Kolerik p\u00e5st\u00e5r dessutom att han \u00e4r son till den gamle Wresig! Och att han har r\u00e4tt b\u00e5de till arvet &#8211; och till Frida. Det kan hon v\u00e4l aldrig g\u00e5 med p\u00e5? Jo d\u00e5\u2026<\/p>\n<p>Fr\u00f6ken Fleggmans mustasch \u00e4r skriven av Hans Alfredson och Tage Danielsson och \u00e4r baserad p\u00e5 de gamla grekernas fyra temperament: det sangviniska, det koleriska, det melankoliska och slutligen det flegmatiska temperamentet \u00e5terspeglas b\u00e5de i karakt\u00e4rernas namn och attityder.<\/p>\n<p>&#8211; De tydliga karakt\u00e4rerna g\u00f6r att det \u00e4r en l\u00e4ttarbetad pj\u00e4s, s\u00e4ger Niklas Hjulstr\u00f6m, regiss\u00f6r, vi beh\u00f6ver inte g\u00f6ra det sv\u00e5rt f\u00f6r oss. Samtidigt har ju alltid Hasse\u00e5Tage en djupare tanke och ett alldeles speciellt publiktilltal. Och just att alla roller i Fr\u00f6ken Fleggmans mustasch spelas av bara fyra sk\u00e5despelare g\u00f6r det extra kul att regissera.<\/p>\n<p><strong>Teater p\u00e5 engelska<\/strong><br \/>\nTurister som inte kan svenska kan se &#8221;Shakespeare in the Park&#8221; med The Stockholm English Speaking Theatre. Det \u00e4r premi\u00e4r f\u00f6r teater p\u00e5 engelska i Parkteatern.<\/p>\n<p>Ett program jag inte t\u00e4nker missa \u00e4r Emil Jensens f\u00f6rest\u00e4llning. P\u00e5 en pressvisning visade han upp en bit ur vad han ska framf\u00f6ra. Jag lovar: det blir b\u00e5de roligt, rappt och en hel del att t\u00e4nka p\u00e5.<\/p>\n<p>Gretli och Heidi \u00e4r ocks\u00e5 ett m\u00e5ste. De tv\u00e5 kvinnorna, kl\u00e4dda i tyrolerdr\u00e4kter spelar p\u00e5 glas. Ja glas som \u00e4r fyllda med v\u00e4tska i olika niv\u00e5er och det blir musik som fr\u00e5n en symfoni. Jag lovar.<\/p>\n<p><strong>Ett axplock ur sommarens \u00f6vriga program<\/strong>:<br \/>\nBra \u00e4r inte ordet &#8211; om alla krav p\u00e5 unga m\u00e4nniskor idag att vara unga, vackra och duktiga.<\/p>\n<p>127 med Pablo Leiva Wenger. F\u00f6rest\u00e4llningen gjorde succ\u00e9 n\u00e4r den spelades i Sk\u00e4rholmen i v\u00e5ras. Nu har alla som missat den chansen att se den. Skarpt, roligt och samh\u00e4llskritiskt.<\/p>\n<p><a href=\"http:\/\/kulturbloggen.com\/wp-content\/uploads\/2012\/05\/parkteatern_plask.jpg\"><img loading=\"lazy\" decoding=\"async\" src=\"http:\/\/kulturbloggen.com\/wp-content\/uploads\/2012\/05\/parkteatern_plask-300x225.jpg\" alt=\"\" title=\"parkteatern_plask\" width=\"300\" height=\"225\" class=\"alignright size-medium wp-image-54910\" srcset=\"https:\/\/kulturbloggen.com\/wp-content\/uploads\/2012\/05\/parkteatern_plask-300x225.jpg 300w, https:\/\/kulturbloggen.com\/wp-content\/uploads\/2012\/05\/parkteatern_plask-1024x768.jpg 1024w, https:\/\/kulturbloggen.com\/wp-content\/uploads\/2012\/05\/parkteatern_plask-200x150.jpg 200w, https:\/\/kulturbloggen.com\/wp-content\/uploads\/2012\/05\/parkteatern_plask-175x131.jpg 175w, https:\/\/kulturbloggen.com\/wp-content\/uploads\/2012\/05\/parkteatern_plask-306x230.jpg 306w, https:\/\/kulturbloggen.com\/wp-content\/uploads\/2012\/05\/parkteatern_plask-86x65.jpg 86w, https:\/\/kulturbloggen.com\/wp-content\/uploads\/2012\/05\/parkteatern_plask-80x60.jpg 80w, https:\/\/kulturbloggen.com\/wp-content\/uploads\/2012\/05\/parkteatern_plask-150x112.jpg 150w, https:\/\/kulturbloggen.com\/wp-content\/uploads\/2012\/05\/parkteatern_plask-590x442.jpg 590w, https:\/\/kulturbloggen.com\/wp-content\/uploads\/2012\/05\/parkteatern_plask-920x690.jpg 920w, https:\/\/kulturbloggen.com\/wp-content\/uploads\/2012\/05\/parkteatern_plask.jpg 1632w\" sizes=\"auto, (max-width: 300px) 100vw, 300px\" \/><\/a>Plask med Pantomimteatern visar att scenkonst inte beh\u00f6ver inneh\u00e5lla s\u00e5 m\u00e5nga ord. Pantomimteatern beh\u00e4rskar f\u00f6rm\u00e5gan att s\u00e4ga n\u00e5got med kroppsspr\u00e5k och mimer.<\/p>\n<p>Harlem hot shots &#8211; fantastiska steppdans\u00f6rer.<\/p>\n<p>La Meute bjuder p\u00e5 s\u00e4regen akrobatik.<\/p>\n<p>Dockteatern Tittut har en f\u00f6rest\u00e4llning med tv\u00e5 underbara dockgorillor. Ett m\u00e5ste f\u00f6r barnfamiljer och alla vi som \u00e4lskar dockteater.<\/p>\n<p>Marionetteatern spelar f\u00f6rest\u00e4llningen &#8221;F\u00e5gel, fisk och mittemellan&#8221;<\/p>\n<p>16-mannabandet Club Killers bjuder p\u00e5 helkv\u00e4llar.<\/p>\n<p>Dessutom blir det g\u00e4stspel av Cirkus Cirk\u00f6r, Folkoperan, Cullbergbaletten och Kungliga Operans balett och i \u00e5r som tidigare g\u00e4stspel av Kungliga Operan.<\/p>\n<p><a href=\"http:\/\/www.stadsteatern.stockholm.se\/parkteatern\/parktidning2012\/index.html\">H\u00e4r kan du l\u00e4sa programtidningen f\u00f6r Parkteatern 2012.<\/a><br \/>\n<a href=\"http:\/\/www.stadsteatern.stockholm.se\/media\/Park-stad_l\u00e5g.pdf\">H\u00e4r kan du h\u00e4mta programtidningen som pdf.<\/a><\/p>\n<p><a href=\"http:\/\/kulturbloggen.com\/wp-content\/uploads\/2012\/05\/parkteatern2.jpg\"><img loading=\"lazy\" decoding=\"async\" src=\"http:\/\/kulturbloggen.com\/wp-content\/uploads\/2012\/05\/parkteatern2-300x225.jpg\" alt=\"\" title=\"parkteatern2\" width=\"300\" height=\"225\" class=\"aligncenter size-medium wp-image-54912\" srcset=\"https:\/\/kulturbloggen.com\/wp-content\/uploads\/2012\/05\/parkteatern2-300x225.jpg 300w, https:\/\/kulturbloggen.com\/wp-content\/uploads\/2012\/05\/parkteatern2-1024x768.jpg 1024w, https:\/\/kulturbloggen.com\/wp-content\/uploads\/2012\/05\/parkteatern2-200x150.jpg 200w, https:\/\/kulturbloggen.com\/wp-content\/uploads\/2012\/05\/parkteatern2-175x131.jpg 175w, https:\/\/kulturbloggen.com\/wp-content\/uploads\/2012\/05\/parkteatern2-306x230.jpg 306w, https:\/\/kulturbloggen.com\/wp-content\/uploads\/2012\/05\/parkteatern2-86x65.jpg 86w, https:\/\/kulturbloggen.com\/wp-content\/uploads\/2012\/05\/parkteatern2-80x60.jpg 80w, https:\/\/kulturbloggen.com\/wp-content\/uploads\/2012\/05\/parkteatern2-150x112.jpg 150w, https:\/\/kulturbloggen.com\/wp-content\/uploads\/2012\/05\/parkteatern2-590x442.jpg 590w, https:\/\/kulturbloggen.com\/wp-content\/uploads\/2012\/05\/parkteatern2-920x690.jpg 920w, https:\/\/kulturbloggen.com\/wp-content\/uploads\/2012\/05\/parkteatern2.jpg 1632w\" sizes=\"auto, (max-width: 300px) 100vw, 300px\" \/><\/a><\/p>\n<p>L\u00e4s \u00e4ven andra bloggares \u00e5sikter om <a href=\"http:\/\/bloggar.se\/om\/Parkteatern\" rel=\"tag\">Parkteatern<\/a>, <a href=\"http:\/\/bloggar.se\/om\/teater\" rel=\"tag\">teater<\/a>, <a href=\"http:\/\/bloggar.se\/om\/Hassse%E5tage\" rel=\"tag\">Hassse\u00e5tage<\/a>, <a href=\"http:\/\/bloggar.se\/om\/Stockholms+stadsteater\" rel=\"tag\">Stockholms stadsteater<\/a>, <a href=\"http:\/\/bloggar.se\/om\/teater\" rel=\"tag\">teater<\/a><\/p>\n","protected":false},"excerpt":{"rendered":"<p>Parkteatern i Stockholm fyller 70 \u00e5r i sommar, 2012. Den f\u00f6rsta parkteaterf\u00f6rest\u00e4llningen gav 11 juni 1942 i Gamla Stan. 70-\u00e5rsjubileet firas rej\u00e4lt med stora satsningar: Mer \u00e4n 160 f\u00f6rst\u00e4llningar och 35 olika programpunkter. Spelplatserna ut\u00f6kas till 56 olika spelplatser och m\u00e5gna av dessa ligger utanf\u00f6r stadstullarna. Antalet f\u00f6rest\u00e4llningar som visas i f\u00f6romr\u00e5den har mer \u00e4n [&hellip;]<\/p>\n","protected":false},"author":2,"featured_media":54909,"comment_status":"open","ping_status":"open","sticky":false,"template":"","format":"standard","meta":{"_genesis_hide_title":false,"_genesis_hide_breadcrumbs":false,"_genesis_hide_singular_image":false,"_genesis_hide_footer_widgets":false,"_genesis_custom_body_class":"","_genesis_custom_post_class":"","_genesis_layout":"","footnotes":""},"categories":[20,30],"tags":[8072,4262,5420,12288],"class_list":{"0":"post-54904","1":"post","2":"type-post","3":"status-publish","4":"format-standard","5":"has-post-thumbnail","7":"category-film","8":"category-teater","9":"tag-hassseatage","10":"tag-parkteatern","11":"tag-stockholms-stadsteater","12":"tag-teater","13":"entry"},"_links":{"self":[{"href":"https:\/\/kulturbloggen.com\/index.php?rest_route=\/wp\/v2\/posts\/54904","targetHints":{"allow":["GET"]}}],"collection":[{"href":"https:\/\/kulturbloggen.com\/index.php?rest_route=\/wp\/v2\/posts"}],"about":[{"href":"https:\/\/kulturbloggen.com\/index.php?rest_route=\/wp\/v2\/types\/post"}],"author":[{"embeddable":true,"href":"https:\/\/kulturbloggen.com\/index.php?rest_route=\/wp\/v2\/users\/2"}],"replies":[{"embeddable":true,"href":"https:\/\/kulturbloggen.com\/index.php?rest_route=%2Fwp%2Fv2%2Fcomments&post=54904"}],"version-history":[{"count":5,"href":"https:\/\/kulturbloggen.com\/index.php?rest_route=\/wp\/v2\/posts\/54904\/revisions"}],"predecessor-version":[{"id":54913,"href":"https:\/\/kulturbloggen.com\/index.php?rest_route=\/wp\/v2\/posts\/54904\/revisions\/54913"}],"wp:featuredmedia":[{"embeddable":true,"href":"https:\/\/kulturbloggen.com\/index.php?rest_route=\/wp\/v2\/media\/54909"}],"wp:attachment":[{"href":"https:\/\/kulturbloggen.com\/index.php?rest_route=%2Fwp%2Fv2%2Fmedia&parent=54904"}],"wp:term":[{"taxonomy":"category","embeddable":true,"href":"https:\/\/kulturbloggen.com\/index.php?rest_route=%2Fwp%2Fv2%2Fcategories&post=54904"},{"taxonomy":"post_tag","embeddable":true,"href":"https:\/\/kulturbloggen.com\/index.php?rest_route=%2Fwp%2Fv2%2Ftags&post=54904"}],"curies":[{"name":"wp","href":"https:\/\/api.w.org\/{rel}","templated":true}]}}