{"id":54870,"date":"2012-05-23T21:41:37","date_gmt":"2012-05-23T19:41:37","guid":{"rendered":"http:\/\/kulturbloggen.com\/?p=54870"},"modified":"2012-05-23T21:50:10","modified_gmt":"2012-05-23T19:50:10","slug":"fjaderholmsteatern-storsatsar-med-pirater-barnteater-shakespeare-och-commedia-dellarte","status":"publish","type":"post","link":"https:\/\/kulturbloggen.com\/?p=54870","title":{"rendered":"Fj\u00e4derholmsteatern storsatsar med pirater, barnteater, Shakespeare och Commedia dell&#8217;arte"},"content":{"rendered":"<p>P\u00e5 midsommarafton har Shakespeares &#8221;En midsommarnattsdr\u00f6m&#8221; premi\u00e4r p\u00e5 Stora scenen p\u00e5 Fj\u00e4derholmen i Stockholm.<\/p>\n<p>&#8211; Att s\u00e4tta upp en Shakespearef\u00f6rest\u00e4llning varje sommar kommer att bli tradition p\u00e5 Fj\u00e4derholmsteatern, ber\u00e4ttar Catta Neuding, teaterchef p\u00e5 Fj\u00e4derholmsteatern.<\/p>\n<p><a href=\"http:\/\/kulturbloggen.com\/wp-content\/uploads\/2012\/05\/fjaderholmsteatern3.jpg\"><img loading=\"lazy\" decoding=\"async\" src=\"http:\/\/kulturbloggen.com\/wp-content\/uploads\/2012\/05\/fjaderholmsteatern3-300x225.jpg\" alt=\"\" title=\"fjaderholmsteatern3\" width=\"300\" height=\"225\" class=\"alignright size-medium wp-image-54875\" srcset=\"https:\/\/kulturbloggen.com\/wp-content\/uploads\/2012\/05\/fjaderholmsteatern3-300x225.jpg 300w, https:\/\/kulturbloggen.com\/wp-content\/uploads\/2012\/05\/fjaderholmsteatern3-1024x768.jpg 1024w, https:\/\/kulturbloggen.com\/wp-content\/uploads\/2012\/05\/fjaderholmsteatern3-200x150.jpg 200w, https:\/\/kulturbloggen.com\/wp-content\/uploads\/2012\/05\/fjaderholmsteatern3-175x131.jpg 175w, https:\/\/kulturbloggen.com\/wp-content\/uploads\/2012\/05\/fjaderholmsteatern3-306x230.jpg 306w, https:\/\/kulturbloggen.com\/wp-content\/uploads\/2012\/05\/fjaderholmsteatern3-86x65.jpg 86w, https:\/\/kulturbloggen.com\/wp-content\/uploads\/2012\/05\/fjaderholmsteatern3-80x60.jpg 80w, https:\/\/kulturbloggen.com\/wp-content\/uploads\/2012\/05\/fjaderholmsteatern3-150x112.jpg 150w, https:\/\/kulturbloggen.com\/wp-content\/uploads\/2012\/05\/fjaderholmsteatern3-590x442.jpg 590w, https:\/\/kulturbloggen.com\/wp-content\/uploads\/2012\/05\/fjaderholmsteatern3-920x690.jpg 920w, https:\/\/kulturbloggen.com\/wp-content\/uploads\/2012\/05\/fjaderholmsteatern3.jpg 1632w\" sizes=\"auto, (max-width: 300px) 100vw, 300px\" \/><\/a>Catta Neuding satsar stort p\u00e5 att g\u00f6ra Fj\u00f6derholmsteatern till en aktiv teater under sommaren. Hon regisserar en annan av sommarens premi\u00e4rer p\u00e5 Fj\u00e4derholmen: en Commedia dell&#8217;arte-f\u00f6rest\u00e4llning &#8211; Glimmande Nymf &#8211; om den svenska nationalskalden Carl Michael Bellman och hans \u00e4lskade Ulla Winblad.<\/p>\n<p>Fj\u00e4derholmsteatern kommer att satsa mycket p\u00e5 aktiviteter f\u00f6r barn. De f\u00f6rsta tv\u00e5 veckorna i juni p\u00e5g\u00e5r barnkulturfestivalen p\u00e5 \u00f6n och till den har en knattescen byggt f\u00f6r f\u00f6rest\u00e4llningar b\u00e5de utomhus och inomhus. D\u00e4r blir uppl\u00e4sning av barnb\u00f6cker och en sp\u00e4nnande skattjakt och mycket annat. Under festivalen spelas ocks\u00e5 en f\u00f6rest\u00e4llning med pirater och \u00e4ventur: &#8221;Sindbad &#8211; sj\u00f6fararen&#8221; som baseras p\u00e5 ber\u00e4ttelser ur Tusen och en natt.<\/p>\n<p>Den som gillar pirater och sp\u00e4nnande \u00e4ventyr f\u00e5r fler chanser att uppleva s\u00e5dana ber\u00e4ttelser p\u00e5 scen. I sommar visas familjef\u00f6rest\u00e4llningen &#8221;Skattkammar\u00f6n&#8221; som bygger p\u00e5 den ber\u00f6mda piratboken.<\/p>\n<p>En tv-spelfigur som tr\u00e4der ut ur spelet och in i verkligheten handlar barnf\u00f6rest\u00e4llningen &#8221;Teodor hj\u00e4ltarnas hj\u00e4lte&#8221; om, som visas p\u00e5 den lilla scenen.<\/p>\n<p>&#8221;Kim och Smuggelmysteriet&#8221; \u00e4r en annan f\u00f6rest\u00e4llning i sommar p\u00e5 barnens scen.<\/p>\n<p>Dessutom bjuder Fj\u00f6derholmsteatern p\u00e5 ett g\u00e4stspel med operan Trollfl\u00f6jten i augusti och varje m\u00e5ndagskv\u00e4ll blir det underh\u00e5llning med musik. D\u00e5 blir det alls\u00e5ng, musikfr\u00e5gesport och en blandad repertoat med b\u00e5de schlager, rock, pop och opera.<\/p>\n<p>Ja Fj\u00e4derholmsteatern f\u00e5r onekligen ett nytt liv.<br \/>\n&#8211; Jag \u00e4lskar den h\u00e4r \u00f6n och den h\u00e4r scenen, s\u00e4ger Catta Neuding och ber\u00e4ttar att det h\u00e4r \u00e4r n\u00e5got av en dr\u00f6mutmaning f\u00f6r henne.<\/p>\n<p>\u00d6n ligger s\u00e5 n\u00e4ra Stockholm borde kunna bli ett kulturcentrum under sommaren, menar nye teaterchefen.<\/p>\n<p><a href=\"http:\/\/www.fjaderholmsteatern.se\/\">H\u00e4r kan du l\u00e4sa mer om Fj\u00e4derholmsteatern.<\/a><\/p>\n<p><a href=\"http:\/\/kulturbloggen.com\/wp-content\/uploads\/2012\/05\/fjaderholmsteatern2.jpg\"><img loading=\"lazy\" decoding=\"async\" src=\"http:\/\/kulturbloggen.com\/wp-content\/uploads\/2012\/05\/fjaderholmsteatern2-300x225.jpg\" alt=\"\" title=\"fjaderholmsteatern2\" width=\"300\" height=\"225\" class=\"aligncenter size-medium wp-image-54876\" srcset=\"https:\/\/kulturbloggen.com\/wp-content\/uploads\/2012\/05\/fjaderholmsteatern2-300x225.jpg 300w, https:\/\/kulturbloggen.com\/wp-content\/uploads\/2012\/05\/fjaderholmsteatern2-1024x768.jpg 1024w, https:\/\/kulturbloggen.com\/wp-content\/uploads\/2012\/05\/fjaderholmsteatern2-200x150.jpg 200w, https:\/\/kulturbloggen.com\/wp-content\/uploads\/2012\/05\/fjaderholmsteatern2-175x131.jpg 175w, https:\/\/kulturbloggen.com\/wp-content\/uploads\/2012\/05\/fjaderholmsteatern2-306x230.jpg 306w, https:\/\/kulturbloggen.com\/wp-content\/uploads\/2012\/05\/fjaderholmsteatern2-86x65.jpg 86w, https:\/\/kulturbloggen.com\/wp-content\/uploads\/2012\/05\/fjaderholmsteatern2-80x60.jpg 80w, https:\/\/kulturbloggen.com\/wp-content\/uploads\/2012\/05\/fjaderholmsteatern2-150x112.jpg 150w, https:\/\/kulturbloggen.com\/wp-content\/uploads\/2012\/05\/fjaderholmsteatern2-590x442.jpg 590w, https:\/\/kulturbloggen.com\/wp-content\/uploads\/2012\/05\/fjaderholmsteatern2-920x690.jpg 920w, https:\/\/kulturbloggen.com\/wp-content\/uploads\/2012\/05\/fjaderholmsteatern2.jpg 1632w\" sizes=\"auto, (max-width: 300px) 100vw, 300px\" \/><\/a><\/p>\n<p><a href=\"http:\/\/kulturbloggen.com\/wp-content\/uploads\/2012\/05\/fjaderholmsteatern1.jpg\"><img loading=\"lazy\" decoding=\"async\" src=\"http:\/\/kulturbloggen.com\/wp-content\/uploads\/2012\/05\/fjaderholmsteatern1-300x225.jpg\" alt=\"\" title=\"fjaderholmsteatern1\" width=\"300\" height=\"225\" class=\"aligncenter size-medium wp-image-54877\" srcset=\"https:\/\/kulturbloggen.com\/wp-content\/uploads\/2012\/05\/fjaderholmsteatern1-300x225.jpg 300w, https:\/\/kulturbloggen.com\/wp-content\/uploads\/2012\/05\/fjaderholmsteatern1-1024x768.jpg 1024w, https:\/\/kulturbloggen.com\/wp-content\/uploads\/2012\/05\/fjaderholmsteatern1-200x150.jpg 200w, https:\/\/kulturbloggen.com\/wp-content\/uploads\/2012\/05\/fjaderholmsteatern1-175x131.jpg 175w, https:\/\/kulturbloggen.com\/wp-content\/uploads\/2012\/05\/fjaderholmsteatern1-306x230.jpg 306w, https:\/\/kulturbloggen.com\/wp-content\/uploads\/2012\/05\/fjaderholmsteatern1-86x65.jpg 86w, https:\/\/kulturbloggen.com\/wp-content\/uploads\/2012\/05\/fjaderholmsteatern1-80x60.jpg 80w, https:\/\/kulturbloggen.com\/wp-content\/uploads\/2012\/05\/fjaderholmsteatern1-150x112.jpg 150w, https:\/\/kulturbloggen.com\/wp-content\/uploads\/2012\/05\/fjaderholmsteatern1-590x442.jpg 590w, https:\/\/kulturbloggen.com\/wp-content\/uploads\/2012\/05\/fjaderholmsteatern1-920x690.jpg 920w, https:\/\/kulturbloggen.com\/wp-content\/uploads\/2012\/05\/fjaderholmsteatern1.jpg 1632w\" sizes=\"auto, (max-width: 300px) 100vw, 300px\" \/><\/a><\/p>\n<p><a href=\"http:\/\/kulturbloggen.com\/wp-content\/uploads\/2012\/05\/fjaderholmsteatern4.jpg\"><img loading=\"lazy\" decoding=\"async\" src=\"http:\/\/kulturbloggen.com\/wp-content\/uploads\/2012\/05\/fjaderholmsteatern4-300x225.jpg\" alt=\"\" title=\"fjaderholmsteatern4\" width=\"300\" height=\"225\" class=\"aligncenter size-medium wp-image-54874\" srcset=\"https:\/\/kulturbloggen.com\/wp-content\/uploads\/2012\/05\/fjaderholmsteatern4-300x225.jpg 300w, https:\/\/kulturbloggen.com\/wp-content\/uploads\/2012\/05\/fjaderholmsteatern4-1024x768.jpg 1024w, https:\/\/kulturbloggen.com\/wp-content\/uploads\/2012\/05\/fjaderholmsteatern4-200x150.jpg 200w, https:\/\/kulturbloggen.com\/wp-content\/uploads\/2012\/05\/fjaderholmsteatern4-175x131.jpg 175w, https:\/\/kulturbloggen.com\/wp-content\/uploads\/2012\/05\/fjaderholmsteatern4-306x230.jpg 306w, https:\/\/kulturbloggen.com\/wp-content\/uploads\/2012\/05\/fjaderholmsteatern4-86x65.jpg 86w, https:\/\/kulturbloggen.com\/wp-content\/uploads\/2012\/05\/fjaderholmsteatern4-80x60.jpg 80w, https:\/\/kulturbloggen.com\/wp-content\/uploads\/2012\/05\/fjaderholmsteatern4-150x112.jpg 150w, https:\/\/kulturbloggen.com\/wp-content\/uploads\/2012\/05\/fjaderholmsteatern4-590x442.jpg 590w, https:\/\/kulturbloggen.com\/wp-content\/uploads\/2012\/05\/fjaderholmsteatern4-920x690.jpg 920w, https:\/\/kulturbloggen.com\/wp-content\/uploads\/2012\/05\/fjaderholmsteatern4.jpg 1632w\" sizes=\"auto, (max-width: 300px) 100vw, 300px\" \/><\/a><\/p>\n<p>L\u00e4s \u00e4ven andra bloggares \u00e5sikter om <a href=\"http:\/\/bloggar.se\/om\/Fj%E4derholmsteatern\" rel=\"tag\">Fj\u00e4derholmsteatern<\/a>, <a href=\"http:\/\/bloggar.se\/om\/opera\" rel=\"tag\">opera<\/a>, <a href=\"http:\/\/bloggar.se\/om\/pirater\" rel=\"tag\">pirater<\/a>, <a href=\"http:\/\/bloggar.se\/om\/familjef%F6rest%E4llning\" rel=\"tag\">familjef\u00f6rest\u00e4llning<\/a>, <a href=\"http:\/\/bloggar.se\/om\/Shakespeare\" rel=\"tag\">Shakespeare<\/a><\/p>\n","protected":false},"excerpt":{"rendered":"<p>P\u00e5 midsommarafton har Shakespeares &#8221;En midsommarnattsdr\u00f6m&#8221; premi\u00e4r p\u00e5 Stora scenen p\u00e5 Fj\u00e4derholmen i Stockholm. &#8211; Att s\u00e4tta upp en Shakespearef\u00f6rest\u00e4llning varje sommar kommer att bli tradition p\u00e5 Fj\u00e4derholmsteatern, ber\u00e4ttar Catta Neuding, teaterchef p\u00e5 Fj\u00e4derholmsteatern. Catta Neuding satsar stort p\u00e5 att g\u00f6ra Fj\u00f6derholmsteatern till en aktiv teater under sommaren. Hon regisserar en annan av sommarens premi\u00e4rer [&hellip;]<\/p>\n","protected":false},"author":2,"featured_media":54874,"comment_status":"open","ping_status":"open","sticky":false,"template":"","format":"standard","meta":{"_genesis_hide_title":false,"_genesis_hide_breadcrumbs":false,"_genesis_hide_singular_image":false,"_genesis_hide_footer_widgets":false,"_genesis_custom_body_class":"","_genesis_custom_post_class":"","_genesis_layout":"","footnotes":""},"categories":[20,30],"tags":[1653,8067,4147,4373,5029],"class_list":{"0":"post-54870","1":"post","2":"type-post","3":"status-publish","4":"format-standard","5":"has-post-thumbnail","7":"category-film","8":"category-teater","9":"tag-familjeforestallning","10":"tag-fjaderholmsteatern","11":"tag-opera","12":"tag-pirater","13":"tag-shakespeare","14":"entry"},"_links":{"self":[{"href":"https:\/\/kulturbloggen.com\/index.php?rest_route=\/wp\/v2\/posts\/54870","targetHints":{"allow":["GET"]}}],"collection":[{"href":"https:\/\/kulturbloggen.com\/index.php?rest_route=\/wp\/v2\/posts"}],"about":[{"href":"https:\/\/kulturbloggen.com\/index.php?rest_route=\/wp\/v2\/types\/post"}],"author":[{"embeddable":true,"href":"https:\/\/kulturbloggen.com\/index.php?rest_route=\/wp\/v2\/users\/2"}],"replies":[{"embeddable":true,"href":"https:\/\/kulturbloggen.com\/index.php?rest_route=%2Fwp%2Fv2%2Fcomments&post=54870"}],"version-history":[{"count":6,"href":"https:\/\/kulturbloggen.com\/index.php?rest_route=\/wp\/v2\/posts\/54870\/revisions"}],"predecessor-version":[{"id":54880,"href":"https:\/\/kulturbloggen.com\/index.php?rest_route=\/wp\/v2\/posts\/54870\/revisions\/54880"}],"wp:featuredmedia":[{"embeddable":true,"href":"https:\/\/kulturbloggen.com\/index.php?rest_route=\/wp\/v2\/media\/54874"}],"wp:attachment":[{"href":"https:\/\/kulturbloggen.com\/index.php?rest_route=%2Fwp%2Fv2%2Fmedia&parent=54870"}],"wp:term":[{"taxonomy":"category","embeddable":true,"href":"https:\/\/kulturbloggen.com\/index.php?rest_route=%2Fwp%2Fv2%2Fcategories&post=54870"},{"taxonomy":"post_tag","embeddable":true,"href":"https:\/\/kulturbloggen.com\/index.php?rest_route=%2Fwp%2Fv2%2Ftags&post=54870"}],"curies":[{"name":"wp","href":"https:\/\/api.w.org\/{rel}","templated":true}]}}