{"id":54670,"date":"2012-05-21T07:32:57","date_gmt":"2012-05-21T05:32:57","guid":{"rendered":"http:\/\/kulturbloggen.com\/?p=54670"},"modified":"2012-05-21T08:35:38","modified_gmt":"2012-05-21T06:35:38","slug":"visst-ar-det-sorgligt-att-sverige-inte-langre-tillhor-frontstaterna-i-valfard","status":"publish","type":"post","link":"https:\/\/kulturbloggen.com\/?p=54670","title":{"rendered":"Visst \u00e4r det sorgligt att Sverige inte l\u00e4ngre tillh\u00f6r frontstaterna i v\u00e4lf\u00e4rd"},"content":{"rendered":"<p>Sverige har rasat i den internationella trygghetsligan, <a href=\"http:\/\/www.svd.se\/nyheter\/inrikes\/sverige-faller-i-trygghetsligan_7215601.svd\">ber\u00e4ttar Svenska Dagbladet<\/a>.<\/p>\n<p>Javisst, till och med tidningen som s\u00e5 starkt st\u00f6djer h\u00f6gerregeringens nedsk\u00e4rningar av v\u00e4lf\u00e4rd konstaterar ett faktum som bygger p\u00e5 den f\u00e4rska rapporten Sveriges socialf\u00f6rs\u00e4kringar i j\u00e4mf\u00f6rande perspektiv, d\u00e4r utvecklingen av sjuk-, arbetsskade- och arbetsl\u00f6shetsf\u00f6rs\u00e4kringarna j\u00e4mf\u00f6rs utifr\u00e5n en genomsnittlig industriarbetarl\u00f6n. Rapporten \u00e4r best\u00e4lld av den parlamentariska socialf\u00f6rs\u00e4kringsutredningen.<\/p>\n<p><em>Inom alla de tre f\u00f6rs\u00e4kringarna har flera l\u00e4nder g\u00e5tt om Sverige. Men det \u00e4r a-kassans ers\u00e4ttningsniv\u00e5, d\u00e4r Sverige nu ligger under l\u00e4nder som Belgien, Danmark och Italien, som raset varit st\u00f6rst. Rapportf\u00f6rfattarna kallar nedg\u00e5ngen \u201danm\u00e4rkningsv\u00e4rd\u201d.<\/em><\/p>\n<p>Kanske \u00e4r det s\u00e5 att majoriteten i Sverige vill ha ett samh\u00e4lle d\u00e4r det mer eller mindre betyder katastrof att bli sjuk eller att bli arbetsl\u00f6s. Och kanske ocks\u00e5 majoriteten i Sverige vill ha ett samh\u00e4lle d\u00e4r m\u00e4nniskor med fysiska och psykiska funktionshinder sorteras bort. <\/p>\n<p>Sj\u00e4lv tycker jag det \u00e4r rent ut sagt genomsorgligt och bedr\u00f6vligt om de som har bra jobb med bra inkomster tycker det \u00e4r s\u00e5 f\u00f6rf\u00e4rligt om m\u00e4nniskor med s\u00e4mre f\u00f6ruts\u00e4ttningar kan f\u00e5 st\u00f6d via trygghetssystem f\u00f6r att kunna f\u00e5 utbildning, kunna f\u00e5 jobb, kunna f\u00e5 bostad.<br \/>\nSverige \u00e4r ju ett extremt \u00e5ldersdiskriminerande land d\u00e4r de flesta arbetsgivare n\u00e4stan j\u00e4mt v\u00e4ljer att anst\u00e4lla m\u00e4n i trettio\u00e5rs\u00e5ldern. Yngre och \u00e4ldre och i synnerhet om dessa \u00e4r kvinnor har mycket sv\u00e5rare att f\u00e5 jobb.<\/p>\n<p>Det h\u00e4r ligger i linje med att trygghetssystemen rustas ned. Det \u00e4r som om de styrande makthavarna tror att m\u00e4nniskor blir sjuka eller \u00e5ldras p\u00e5 j\u00e4velskap. <\/p>\n<p>Jag har h\u00f6rt till leda argumentet att m\u00e4nniskor sjukskrev sig f\u00f6r att de hade varit ute och festat och inte orkade g\u00e5 till jobbet.<br \/>\nDet tror jag knappt p\u00e5. Och om det har varit s\u00e5 att n\u00e5gon missbrukade det system vi hade med sjukf\u00f6rs\u00e4kring d\u00e5 \u00e4r det \u00e4nd\u00e5 en liten del. <\/p>\n<p>V\u00e5ra v\u00e4lf\u00e4rdssystem gjorde att ekonomin inte f\u00f6ll ihop totalt vid sjukdom eller arbetsl\u00f6shet. Det gjorde att den som drabbats kunde bo kvar i sin bostad, kunde handla mat &#8230;<br \/>\nN\u00e4r en mindre ort drabbas av nedl\u00e4ggningar blir s\u00e5 m\u00e5nga arbetsl\u00f6sa att det direkt p\u00e5verkar f\u00f6rs\u00e4ljning i ortens butiker. Det blir en ond cirkel.<\/p>\n<p><a href=\"http:\/\/www.dn.se\/ekonomi\/obama-eurokris-hotar-varldsekonomin\">Den b\u00e4sta v\u00e4gen ut ur s\u00e4mre tider \u00e4r trots allt att satsa.<\/a><\/p>\n<p>Relaterat: <a href=\"http:\/\/www.dn.se\/nyheter\/sverige\/sverige-rasar-i-trygghetsligan\">Dagens Nyheter<\/a> och <a href=\"http:\/\/blog.zaramis.se\/2012\/05\/21\/den-svenska-valfardsstaten-ett-minne-blott\/\">Svensson.<\/a><\/p>\n<p>L\u00e4s \u00e4ven andra bloggares \u00e5sikter om <a href=\"http:\/\/bloggar.se\/om\/samh%E4lle\" rel=\"tag\">samh\u00e4lle<\/a>, <a href=\"http:\/\/bloggar.se\/om\/politik\" rel=\"tag\">politik<\/a>, <a href=\"http:\/\/bloggar.se\/om\/v%E4lf%E4rd\" rel=\"tag\">v\u00e4lf\u00e4rd<\/a><\/p>\n","protected":false},"excerpt":{"rendered":"<p>Sverige har rasat i den internationella trygghetsligan, ber\u00e4ttar Svenska Dagbladet. Javisst, till och med tidningen som s\u00e5 starkt st\u00f6djer h\u00f6gerregeringens nedsk\u00e4rningar av v\u00e4lf\u00e4rd konstaterar ett faktum som bygger p\u00e5 den f\u00e4rska rapporten Sveriges socialf\u00f6rs\u00e4kringar i j\u00e4mf\u00f6rande perspektiv, d\u00e4r utvecklingen av sjuk-, arbetsskade- och arbetsl\u00f6shetsf\u00f6rs\u00e4kringarna j\u00e4mf\u00f6rs utifr\u00e5n en genomsnittlig industriarbetarl\u00f6n. Rapporten \u00e4r best\u00e4lld av den parlamentariska [&hellip;]<\/p>\n","protected":false},"author":2,"featured_media":0,"comment_status":"open","ping_status":"open","sticky":false,"template":"","format":"standard","meta":{"_genesis_hide_title":false,"_genesis_hide_breadcrumbs":false,"_genesis_hide_singular_image":false,"_genesis_hide_footer_widgets":false,"_genesis_custom_body_class":"","_genesis_custom_post_class":"","_genesis_layout":"","footnotes":""},"categories":[44],"tags":[12284,4917,6305],"class_list":{"0":"post-54670","1":"post","2":"type-post","3":"status-publish","4":"format-standard","6":"category-chadie","7":"tag-politik","8":"tag-samhalle","9":"tag-valfard","10":"entry"},"_links":{"self":[{"href":"https:\/\/kulturbloggen.com\/index.php?rest_route=\/wp\/v2\/posts\/54670","targetHints":{"allow":["GET"]}}],"collection":[{"href":"https:\/\/kulturbloggen.com\/index.php?rest_route=\/wp\/v2\/posts"}],"about":[{"href":"https:\/\/kulturbloggen.com\/index.php?rest_route=\/wp\/v2\/types\/post"}],"author":[{"embeddable":true,"href":"https:\/\/kulturbloggen.com\/index.php?rest_route=\/wp\/v2\/users\/2"}],"replies":[{"embeddable":true,"href":"https:\/\/kulturbloggen.com\/index.php?rest_route=%2Fwp%2Fv2%2Fcomments&post=54670"}],"version-history":[{"count":3,"href":"https:\/\/kulturbloggen.com\/index.php?rest_route=\/wp\/v2\/posts\/54670\/revisions"}],"predecessor-version":[{"id":54673,"href":"https:\/\/kulturbloggen.com\/index.php?rest_route=\/wp\/v2\/posts\/54670\/revisions\/54673"}],"wp:attachment":[{"href":"https:\/\/kulturbloggen.com\/index.php?rest_route=%2Fwp%2Fv2%2Fmedia&parent=54670"}],"wp:term":[{"taxonomy":"category","embeddable":true,"href":"https:\/\/kulturbloggen.com\/index.php?rest_route=%2Fwp%2Fv2%2Fcategories&post=54670"},{"taxonomy":"post_tag","embeddable":true,"href":"https:\/\/kulturbloggen.com\/index.php?rest_route=%2Fwp%2Fv2%2Ftags&post=54670"}],"curies":[{"name":"wp","href":"https:\/\/api.w.org\/{rel}","templated":true}]}}