{"id":54609,"date":"2012-05-19T16:30:50","date_gmt":"2012-05-19T14:30:50","guid":{"rendered":"http:\/\/kulturbloggen.com\/?p=54609"},"modified":"2012-05-19T16:31:30","modified_gmt":"2012-05-19T14:31:30","slug":"tips-rekommendationer-infor-voltfestivalen-2012","status":"publish","type":"post","link":"https:\/\/kulturbloggen.com\/?p=54609","title":{"rendered":"Tips &#038; rekommendationer inf\u00f6r Voltfestivalen 2012"},"content":{"rendered":"<p>Tips &#038; rekommendationer inf\u00f6r Voltfestivalen 2012<br \/>\n9:e juni Uppsala Konsert och Kongress<\/p>\n<p>Nedr\u00e4kningen till \u00e5rets upplaga av den elektroniska festivalen Volt i Uppsala har startat. Jag har tagit fram n\u00e5gra tips som kanske kan varaen liten \u00f6verblick \u00f6ver utbudet. Det blir en intensiv heldag i Uppsala Konsert och Kongress den 9:e jusi.<br \/>\nKulturbloggen kommer att rapportera fr\u00e5n festivalen n\u00e4r det v\u00e4l beger sig och h\u00e4r \u00e4r n\u00e5gra ,tips och rekommendationer \u00f6ver vad du inte b\u00f6r missa att uppleva.<\/p>\n<p><strong>Wolfgang Fl\u00fcr (DE)<\/strong><br \/>\nSom f\u00f6re detta medlem i det historiska bandet Kraftwerk (1973-1987) utg\u00f6r Wolfgang en exemplarisk m\u00f6jlighet till en nostalgisk resa &#8211; s\u00e5v\u00e4l soundm\u00e4ssigt som bildm\u00e4ssigt, vilket han tar tillvara p\u00e5 genom att agera s\u00e5v\u00e4l DJ som VJ (Visual Jockey) d\u00e4r unika projektioner sammanfl\u00e4tas p\u00e5 ett speciellt s\u00e4tt till tonerna som sipprar ut genom h\u00f6gtalarna. <\/p>\n<p><strong>Andreas Tilliander<\/strong><br \/>\nDen 19:e man spelade  Mokira, mera k\u00e4nd som Andreas Tilliander, p\u00e5 <a href=\"http:\/\/landet.nu\/\">Restaurang Landet<\/a> tillsammans med kollektivet Samlingen och laddar d\u00e4rmed upp inf\u00f6r festivalspelningen d\u00e4r hans musik med tydliga Techno och acid house-influenser kommer skapa sk\u00f6n dansst\u00e4mning. <\/p>\n<p><strong>Plattenbau<\/strong><br \/>\nP\u00e5 tal om kollektivet Samlingen, som gjort sig ett namn p\u00e5 Uppsalas nationer med gedigna klubbar, kommer en av deras samarbetspartners n\u00e4rvara p\u00e5 Voltfestivalen: Plattenbau &#8211; best\u00e5endes av Siri, Oskar och Rico &#8211; som spelar s\u00e5v\u00e4l techno, deep house som mer l\u00e5gm\u00e4ld minimalistic house. <\/p>\n<p><strong>K\u00e4rleksd\u00f6den + Love Suxx<\/strong><br \/>\nStockholmsklubben K\u00e4rleksd\u00f6den kommer, i samarbete med Love Suxx, medverka p\u00e5 Voltfestivalen med (enligt egen utsago) excellent dansmusik som man l\u00e4tt kan sjunga med i och dansgolvsklassiker att dansa vilt till. Allt med ett tema: k\u00e4rleken. <\/p>\n<p><strong>Ikonika (UK)<\/strong><br \/>\nMed en st\u00e4ndig mutation av brittisk undergroundmusik, d\u00e4r inspiration fr\u00e5n 8-bitsmusik blandas med bland annat garage, house och techno, har Ikonika gjort sig ett namn p\u00e5 den elektroniska scenen och p\u00e5 Voltfestivalen kommer hon visa varf\u00f6r. Inte att missa.<\/p>\n<p><a href=\"http:\/\/voltfestivalen.se\/2012\/category\/artists\/\">F\u00f6r mer information om \u00f6vriga artister, se officiella hemsidan<\/a><\/p>\n<p><iframe loading=\"lazy\" width=\"560\" height=\"315\" src=\"http:\/\/www.youtube.com\/embed\/eMoRzewwTdc\" frameborder=\"0\" allowfullscreen><\/iframe><\/p>\n<p><iframe loading=\"lazy\" width=\"560\" height=\"315\" src=\"http:\/\/www.youtube.com\/embed\/vrGjlBmiIgE\" frameborder=\"0\" allowfullscreen><\/iframe><\/p>\n<p><iframe loading=\"lazy\" width=\"560\" height=\"315\" src=\"http:\/\/www.youtube.com\/embed\/TTQ922rMV_A\" frameborder=\"0\" allowfullscreen><\/iframe><\/p>\n<p>Relaterat: <a href=\"http:\/\/www.mynewsdesk.com\/se\/pressroom\/uppsalakonsertkongress\">Pressmeddelande<\/a><\/p>\n<p>L\u00e4s \u00e4ven andra bloggares \u00e5sikter om <a href=\"http:\/\/bloggar.se\/om\/Voltfestivalen\" rel=\"tag\">Voltfestivalen<\/a>, <a href=\"http:\/\/bloggar.se\/om\/Uppsala\" rel=\"tag\">Uppsala<\/a>, <a href=\"http:\/\/bloggar.se\/om\/elektroniskt+musik\" rel=\"tag\">elektroniskt musik<\/a>, <a href=\"http:\/\/bloggar.se\/om\/musikfestival\" rel=\"tag\">musikfestival<\/a><\/p>\n","protected":false},"excerpt":{"rendered":"<p>Tips &#038; rekommendationer inf\u00f6r Voltfestivalen 2012 9:e juni Uppsala Konsert och Kongress Nedr\u00e4kningen till \u00e5rets upplaga av den elektroniska festivalen Volt i Uppsala har startat. Jag har tagit fram n\u00e5gra tips som kanske kan varaen liten \u00f6verblick \u00f6ver utbudet. Det blir en intensiv heldag i Uppsala Konsert och Kongress den 9:e jusi. Kulturbloggen kommer att [&hellip;]<\/p>\n","protected":false},"author":13,"featured_media":54612,"comment_status":"open","ping_status":"open","sticky":false,"template":"","format":"standard","meta":{"_genesis_hide_title":false,"_genesis_hide_breadcrumbs":false,"_genesis_hide_singular_image":false,"_genesis_hide_footer_widgets":false,"_genesis_custom_body_class":"","_genesis_custom_post_class":"","_genesis_layout":"","footnotes":""},"categories":[7],"tags":[3844,6116,8032],"class_list":{"0":"post-54609","1":"post","2":"type-post","3":"status-publish","4":"format-standard","5":"has-post-thumbnail","7":"category-musik","8":"tag-musikfestival","9":"tag-uppsala","10":"tag-voltfestivalen","11":"entry"},"_links":{"self":[{"href":"https:\/\/kulturbloggen.com\/index.php?rest_route=\/wp\/v2\/posts\/54609","targetHints":{"allow":["GET"]}}],"collection":[{"href":"https:\/\/kulturbloggen.com\/index.php?rest_route=\/wp\/v2\/posts"}],"about":[{"href":"https:\/\/kulturbloggen.com\/index.php?rest_route=\/wp\/v2\/types\/post"}],"author":[{"embeddable":true,"href":"https:\/\/kulturbloggen.com\/index.php?rest_route=\/wp\/v2\/users\/13"}],"replies":[{"embeddable":true,"href":"https:\/\/kulturbloggen.com\/index.php?rest_route=%2Fwp%2Fv2%2Fcomments&post=54609"}],"version-history":[{"count":4,"href":"https:\/\/kulturbloggen.com\/index.php?rest_route=\/wp\/v2\/posts\/54609\/revisions"}],"predecessor-version":[{"id":54614,"href":"https:\/\/kulturbloggen.com\/index.php?rest_route=\/wp\/v2\/posts\/54609\/revisions\/54614"}],"wp:featuredmedia":[{"embeddable":true,"href":"https:\/\/kulturbloggen.com\/index.php?rest_route=\/wp\/v2\/media\/54612"}],"wp:attachment":[{"href":"https:\/\/kulturbloggen.com\/index.php?rest_route=%2Fwp%2Fv2%2Fmedia&parent=54609"}],"wp:term":[{"taxonomy":"category","embeddable":true,"href":"https:\/\/kulturbloggen.com\/index.php?rest_route=%2Fwp%2Fv2%2Fcategories&post=54609"},{"taxonomy":"post_tag","embeddable":true,"href":"https:\/\/kulturbloggen.com\/index.php?rest_route=%2Fwp%2Fv2%2Ftags&post=54609"}],"curies":[{"name":"wp","href":"https:\/\/api.w.org\/{rel}","templated":true}]}}