{"id":54370,"date":"2012-05-15T16:12:04","date_gmt":"2012-05-15T14:12:04","guid":{"rendered":"http:\/\/kulturbloggen.com\/?p=54370"},"modified":"2012-05-15T16:12:04","modified_gmt":"2012-05-15T14:12:04","slug":"nu-ar-grunden-anlagd-for-swedish-music-hall-of-fame-rapport-fran-presskonferensen","status":"publish","type":"post","link":"https:\/\/kulturbloggen.com\/?p=54370","title":{"rendered":"Nu \u00e4r grunden anlagd f\u00f6r Swedish Music Hall of Fame, rapport fr\u00e5n presskonferensen"},"content":{"rendered":"<p>Svensk popul\u00e4rmusik ska f\u00e5 ett eget museum med en Hall of Fame. Den ska invigas under v\u00e5ren 2013 och byggs granne med Gr\u00f6na Lund.<br \/>\nStiftelsen bakom popul\u00e4rmusikmuseet och byggf\u00f6retaget bj\u00f6d in p\u00e5 en presstr\u00e4ff tisdagen den 15 maj. P\u00e5 trottoaren framf\u00f6r det stora byggomr\u00e5det, till ackompanjemang av sp\u00e5rvagnarna om stannar till &#8211; hade arrang\u00f6rerna st\u00e4llt upp en liten scen, n\u00e5gra bord d\u00e4r drycken Pucko stod framdukad och en grill d\u00e4r hemmagjorda korvar fr\u00e4ste.<\/p>\n<p><a href=\"http:\/\/kulturbloggen.com\/wp-content\/uploads\/2012\/05\/niklasstromstedtevadahlgrentimbuktu.jpg\"><img loading=\"lazy\" decoding=\"async\" src=\"http:\/\/kulturbloggen.com\/wp-content\/uploads\/2012\/05\/niklasstromstedtevadahlgrentimbuktu-300x225.jpg\" alt=\"\" title=\"niklasstromstedtevadahlgrentimbuktu\" width=\"300\" height=\"225\" class=\"alignright size-medium wp-image-54375\" srcset=\"https:\/\/kulturbloggen.com\/wp-content\/uploads\/2012\/05\/niklasstromstedtevadahlgrentimbuktu-300x225.jpg 300w, https:\/\/kulturbloggen.com\/wp-content\/uploads\/2012\/05\/niklasstromstedtevadahlgrentimbuktu-1024x768.jpg 1024w, https:\/\/kulturbloggen.com\/wp-content\/uploads\/2012\/05\/niklasstromstedtevadahlgrentimbuktu-200x150.jpg 200w, https:\/\/kulturbloggen.com\/wp-content\/uploads\/2012\/05\/niklasstromstedtevadahlgrentimbuktu-175x131.jpg 175w, https:\/\/kulturbloggen.com\/wp-content\/uploads\/2012\/05\/niklasstromstedtevadahlgrentimbuktu-306x230.jpg 306w, https:\/\/kulturbloggen.com\/wp-content\/uploads\/2012\/05\/niklasstromstedtevadahlgrentimbuktu-86x65.jpg 86w, https:\/\/kulturbloggen.com\/wp-content\/uploads\/2012\/05\/niklasstromstedtevadahlgrentimbuktu-80x60.jpg 80w, https:\/\/kulturbloggen.com\/wp-content\/uploads\/2012\/05\/niklasstromstedtevadahlgrentimbuktu-150x112.jpg 150w, https:\/\/kulturbloggen.com\/wp-content\/uploads\/2012\/05\/niklasstromstedtevadahlgrentimbuktu-590x442.jpg 590w, https:\/\/kulturbloggen.com\/wp-content\/uploads\/2012\/05\/niklasstromstedtevadahlgrentimbuktu-920x690.jpg 920w, https:\/\/kulturbloggen.com\/wp-content\/uploads\/2012\/05\/niklasstromstedtevadahlgrentimbuktu.jpg 1632w\" sizes=\"auto, (max-width: 300px) 100vw, 300px\" \/><\/a>I styrelsen f\u00f6r stiftelsen som ska driva popul\u00e4rmusikmuseet finns bland annat de tre artisterna Niklas  Str\u00f6mstedt, Eva Dahlgren och Jason Diakit\u00e9 (k\u00e4nd som Timbuktu). De var p\u00e5 plats och talade om att svensk popul\u00e4rmusik \u00e4r en del av v\u00e5rt kulturarv och en viktig del av bilden av Sverige internationellt.<\/p>\n<p>Niklas Str\u00f6mstedt sade:<br \/>\n&#8211; Att Sverige har s\u00e5 m\u00e5nga stora musiker tror jag beror p\u00e5 att vi haft den kommunala musikskolan. Att f\u00e5 l\u00e4ra sig att spela ett musikinstrument \u00e4r en m\u00e4nsklig r\u00e4ttighet.<\/p>\n<p>Huset kommer att ligga bredvid Gr\u00f6na Lund, granne med restaurang Bl\u00e5 Porten och kommer att best\u00e5 av ett par v\u00e5ningar under marken och tv\u00e5 v\u00e5ningar \u00f6ver marken, totalt ska det f\u00e4rdiga huset rymma 5.000 kvadratmeter. N\u00e4r presskonferensen h\u00f6lls var grunden till k\u00e4llaren precis klar: den \u00e4r byggd efter samma principer som en stor simhall, eftersom den m\u00e5ste h\u00e5lla absolut t\u00e4tt eftersom den ligger under vatten. Att bygga huset kommer att kosta omkring 200 miljoner kronor, ber\u00e4ttade en representant f\u00f6r byggf\u00f6retaget Arcona.<\/p>\n<p>Troligen kommer Swedish Music Hall of Fame att invigas v\u00e5ren 2013. Det \u00e4r planeringen. Den ska d\u00e5 ha tv\u00e5 hyresg\u00e4ster: den ena delen \u00e4r allts\u00e5 popul\u00e4rmusikmuseet som ska ha utst\u00e4llningar, seminarier och kurser, den andra delen ska bli ett hotell med bar och en butik. Hotellet ska heta &#8221;Melody&#8221; och ska drivas av Claes Livijn som \u00e4r vd f\u00f6r Villa K\u00e4llhagen.<\/p>\n<p>Popul\u00e4rmusikmuseet ska samla musik fr\u00e5n 1920-talet fram till nutiden.<br \/>\n&#8211; Det blir ett gigantiskt jobb att samla alla uppgifter, s\u00e4ger Bengt Palmers som \u00e4r producent f\u00f6r utst\u00e4llningarna.<\/p>\n<p>N\u00e4r museet \u00f6ppnas ska d\u00e4r finnas en stor permanent utst\u00e4llning som skildrar popul\u00e4rmusiken fr\u00e5n 1920 fram till dagens musik. Det blir m\u00e5nga sv\u00e5ra avv\u00e4gningar.<br \/>\n&#8211; En hel del musikkategorier faller lite utanf\u00f6r popmusiken som h\u00e5rdrock, punk, visor, jazz, folkmusik och dansmusik, men den musiken ska finnas med ocks\u00e5, ber\u00e4ttar Bengt Palmers. Dessa kategorier kommer att samlas i egna sidoutst\u00e4llningar.<\/p>\n<p>Det \u00e4r h\u00f6ga ambitioner som lyser igenom.<br \/>\n&#8211; Ja d\u00e4r ska finnas m\u00f6jlighet att lyssna p\u00e5 musik fr\u00e5n artisterna, se avsnitt fr\u00e5n tv eller video, ber\u00e4ttar Bengt Palmers.<\/p>\n<p>Bakom satsningen &#8221;Swedish Music Hall of Fame&#8221; st\u00e5r insamlingsstiftelsen Svenska Musikskattens Hus. Dess verksamhet ska finansierar via intr\u00e4desavgifter, donationer och sponsorer. En stor sponsor har stiftelsen redan f\u00e5tt: Postkodlotteriet g\u00e5r in med 25 miljoner kronor. Stiftelsen planerar ocks\u00e5 att f\u00e5 int\u00e4kter via konferenser, kurser och en butik. Om det blir \u00f6verskott ska detta g\u00e5 till utbildningsverksamhet och stipendier.<\/p>\n<p><a href=\"http:\/\/kulturbloggen.com\/wp-content\/uploads\/2012\/05\/musichalloffame.jpg\"><img loading=\"lazy\" decoding=\"async\" src=\"http:\/\/kulturbloggen.com\/wp-content\/uploads\/2012\/05\/musichalloffame-300x225.jpg\" alt=\"\" title=\"musichalloffame\" width=\"300\" height=\"225\" class=\"aligncenter size-medium wp-image-54374\" srcset=\"https:\/\/kulturbloggen.com\/wp-content\/uploads\/2012\/05\/musichalloffame-300x225.jpg 300w, https:\/\/kulturbloggen.com\/wp-content\/uploads\/2012\/05\/musichalloffame-1024x768.jpg 1024w, https:\/\/kulturbloggen.com\/wp-content\/uploads\/2012\/05\/musichalloffame-200x150.jpg 200w, https:\/\/kulturbloggen.com\/wp-content\/uploads\/2012\/05\/musichalloffame-175x131.jpg 175w, https:\/\/kulturbloggen.com\/wp-content\/uploads\/2012\/05\/musichalloffame-306x230.jpg 306w, https:\/\/kulturbloggen.com\/wp-content\/uploads\/2012\/05\/musichalloffame-86x65.jpg 86w, https:\/\/kulturbloggen.com\/wp-content\/uploads\/2012\/05\/musichalloffame-80x60.jpg 80w, https:\/\/kulturbloggen.com\/wp-content\/uploads\/2012\/05\/musichalloffame-150x112.jpg 150w, https:\/\/kulturbloggen.com\/wp-content\/uploads\/2012\/05\/musichalloffame-590x442.jpg 590w, https:\/\/kulturbloggen.com\/wp-content\/uploads\/2012\/05\/musichalloffame-920x690.jpg 920w, https:\/\/kulturbloggen.com\/wp-content\/uploads\/2012\/05\/musichalloffame.jpg 1632w\" sizes=\"auto, (max-width: 300px) 100vw, 300px\" \/><\/a><\/p>\n<p>L\u00e4s \u00e4ven andra bloggares \u00e5sikter om <a href=\"http:\/\/bloggar.se\/om\/Swedish+Music+Hall+of+Fame\" rel=\"tag\">Swedish Music Hall of Fame<\/a>, <a href=\"http:\/\/bloggar.se\/om\/popul%E4rmusik\" rel=\"tag\">popul\u00e4rmusik<\/a>, <a href=\"http:\/\/bloggar.se\/om\/Niklas+Str%F6mstedt\" rel=\"tag\">Niklas Str\u00f6mstedt<\/a>, <a href=\"http:\/\/bloggar.se\/om\/Eva+Dahlgren\" rel=\"tag\">Eva Dahlgren<\/a>, <a href=\"http:\/\/bloggar.se\/om\/Timbuktu\" rel=\"tag\">Timbuktu<\/a>, <a href=\"http:\/\/bloggar.se\/om\/Gr%F6na+Lund\" rel=\"tag\">Gr\u00f6na Lund<\/a><\/p>\n","protected":false},"excerpt":{"rendered":"<p>Svensk popul\u00e4rmusik ska f\u00e5 ett eget museum med en Hall of Fame. Den ska invigas under v\u00e5ren 2013 och byggs granne med Gr\u00f6na Lund. Stiftelsen bakom popul\u00e4rmusikmuseet och byggf\u00f6retaget bj\u00f6d in p\u00e5 en presstr\u00e4ff tisdagen den 15 maj. P\u00e5 trottoaren framf\u00f6r det stora byggomr\u00e5det, till ackompanjemang av sp\u00e5rvagnarna om stannar till &#8211; hade arrang\u00f6rerna st\u00e4llt [&hellip;]<\/p>\n","protected":false},"author":2,"featured_media":54374,"comment_status":"open","ping_status":"open","sticky":false,"template":"","format":"standard","meta":{"_genesis_hide_title":false,"_genesis_hide_breadcrumbs":false,"_genesis_hide_singular_image":false,"_genesis_hide_footer_widgets":false,"_genesis_custom_body_class":"","_genesis_custom_post_class":"","_genesis_layout":"","footnotes":""},"categories":[62,7],"tags":[7619,2110,7988,7986,6978],"class_list":{"0":"post-54370","1":"post","2":"type-post","3":"status-publish","4":"format-standard","5":"has-post-thumbnail","7":"category-medie-och-kulturpolitik","8":"category-musik","9":"tag-eva-dahlgren","10":"tag-grona-lund","11":"tag-niklas-stromstedt","12":"tag-swedish-music-hall-of-fame","13":"tag-timbuktu","14":"entry"},"_links":{"self":[{"href":"https:\/\/kulturbloggen.com\/index.php?rest_route=\/wp\/v2\/posts\/54370","targetHints":{"allow":["GET"]}}],"collection":[{"href":"https:\/\/kulturbloggen.com\/index.php?rest_route=\/wp\/v2\/posts"}],"about":[{"href":"https:\/\/kulturbloggen.com\/index.php?rest_route=\/wp\/v2\/types\/post"}],"author":[{"embeddable":true,"href":"https:\/\/kulturbloggen.com\/index.php?rest_route=\/wp\/v2\/users\/2"}],"replies":[{"embeddable":true,"href":"https:\/\/kulturbloggen.com\/index.php?rest_route=%2Fwp%2Fv2%2Fcomments&post=54370"}],"version-history":[{"count":4,"href":"https:\/\/kulturbloggen.com\/index.php?rest_route=\/wp\/v2\/posts\/54370\/revisions"}],"predecessor-version":[{"id":54376,"href":"https:\/\/kulturbloggen.com\/index.php?rest_route=\/wp\/v2\/posts\/54370\/revisions\/54376"}],"wp:featuredmedia":[{"embeddable":true,"href":"https:\/\/kulturbloggen.com\/index.php?rest_route=\/wp\/v2\/media\/54374"}],"wp:attachment":[{"href":"https:\/\/kulturbloggen.com\/index.php?rest_route=%2Fwp%2Fv2%2Fmedia&parent=54370"}],"wp:term":[{"taxonomy":"category","embeddable":true,"href":"https:\/\/kulturbloggen.com\/index.php?rest_route=%2Fwp%2Fv2%2Fcategories&post=54370"},{"taxonomy":"post_tag","embeddable":true,"href":"https:\/\/kulturbloggen.com\/index.php?rest_route=%2Fwp%2Fv2%2Ftags&post=54370"}],"curies":[{"name":"wp","href":"https:\/\/api.w.org\/{rel}","templated":true}]}}