{"id":54358,"date":"2012-05-15T09:40:19","date_gmt":"2012-05-15T07:40:19","guid":{"rendered":"http:\/\/kulturbloggen.com\/?p=54358"},"modified":"2012-05-15T09:45:52","modified_gmt":"2012-05-15T07:45:52","slug":"lagen-mot-aldersdiskriminering-ska-skarpas-jag-hanskrattar-den-fungerar-ju-inte-ens-nu","status":"publish","type":"post","link":"https:\/\/kulturbloggen.com\/?p=54358","title":{"rendered":"Lagen mot \u00e5ldersdiskriminering ska sk\u00e4rpas &#8211; jag h\u00e5nskrattar: den fungerar ju inte ens nu"},"content":{"rendered":"<p>Sk\u00e4rpt lag mot \u00e5ldersdiskriminering, <a href=\"http:\/\/www.aftonbladet.se\/senastenytt\/ttnyheter\/inrikes\/article14825113.ab\">rapporterar Aftonbladet<\/a>.<br \/>\n<em>Regeringen vill f\u00f6rbjuda \u00e5ldersdiskriminering p\u00e5 alla omr\u00e5den i samh\u00e4llet. I dag g\u00e4ller f\u00f6rbudet mot \u00e5ldersdiskriminering endast arbetslivs- och utbildningsomr\u00e5det.<\/em><\/p>\n<p>Visst \u00e4r det vackert t\u00e4nkt. Men n\u00e4r \u00e5ldersdiskrimineringen i arbetslivet inte minskat p\u00e5 n\u00e5got s\u00e4tt &#8211; hur trov\u00e4rdigt blir det att regeringen vill ta itu med den inom fler omr\u00e5den? Javisst, det \u00e4r bra t\u00e4nkt. M\u00e4nniskor diskrimineras p\u00e5 grund av \u00e5lder i m\u00e5nga sammanhang. <\/p>\n<p>Vad kan g\u00f6ras?<br \/>\nVisst vore en \u00e5tg\u00e4rd troligen hyggligt effektiv: att alla rekryteringsf\u00f6retag som rekryterar p\u00e5 uppdrag inte f\u00e5r ha formul\u00e4r d\u00e4r de som s\u00f6ker jobb ska ange f\u00f6delse\u00e5r. Fast \u00e5 andra sidan visar ju datum p\u00e5 betyg och intyg en hel del. Om en person har tjugo \u00e5rs erfarenhet efter examen p\u00e5 h\u00f6gskolan d\u00e5 \u00e4r han eller hon f\u00f6rmodligen minst 45 \u00e5r.<\/p>\n<p>N\u00e4r vi n\u00e4rmar oss 50 blir vi helt ointressant f\u00f6r de flesta svenska arbetsgivare: och det g\u00e4ller partier som <a href=\"http:\/\/www.socialdemokraterna.se\/\">Socialdemokraterna<\/a> och Moderaterna och de flesta fackf\u00f6rbund likav\u00e4l som medier som Aftonbladet och TT. Alla sorterar bort arbetss\u00f6kande som fyllt 50. <\/p>\n<p>Jag tror det h\u00e4r med \u00e5ldersdiskriminering \u00e4r oerh\u00f6rt sv\u00e5rt att ta itu med, det handlar om attityder och f\u00f6rdomar. Arbetsgivarna har f\u00f6rdomen att det tror att m\u00e4nniskor som jobbat med n\u00e5got i tjugofem \u00e5r har s\u00e4mre erfarenhet och s\u00e4mre f\u00f6rm\u00e5ga att g\u00f6ra bra ifr\u00e5n \u00e4n en som jobbat tre \u00e5r.<br \/>\nVad \u00e4r annars f\u00f6rklaringen till den utbredda \u00e5ldersdiskrimineringen?<\/p>\n<p>M\u00e5nga med invandrarbakgrund reagerade starkt p\u00e5 statsminister Reinfeldts uttalande om att arbetsl\u00f6sheten egentligen inte \u00e4r s\u00e5 h\u00f6g i Sverige, om man tittar p\u00e5 etniska svenskar mitt i livet.<\/p>\n<p><em>TT: Hur l\u00e4nge ska man v\u00e4nta innan man stimulerar ekonomin? Till tio procents arbetsl\u00f6shet? Det \u00e4r nu en arbetsl\u00f6shet som ni beskrev som massarbetsl\u00f6shet 2006.<\/p>\n<p>&#8211; Det \u00e4r inte korrekt att beskriva Sverige som i ett l\u00e4ge med massarbetsl\u00f6shet. Om man tittar p\u00e5 etniska svenskar mitt i livet s\u00e5 har vi mycket l\u00e5g arbetsl\u00f6shet. Vi beskrev d\u00e5 (2006) ett vidare utanf\u00f6rskap som handlade om att en stor del av de som var i arbetsf\u00f6r \u00e5lder, men som inte jobbade, inte beskrevs som arbetsl\u00f6sa. Och utanf\u00f6rskapet har minskat, s\u00e4ger Reinfeldt.<\/em><\/p>\n<p>Lika nonchalant som Reinfeldt \u00e4r mot m\u00e4nniskor med annan etnisk bakgrund \u00e4n svensk, lika nonchalant \u00e4r han h\u00e4r mot m\u00e4nniskor under 30 och \u00f6ver 50. Att unga inte f\u00e5r jobb \u00e4r en katastrof f\u00f6r samh\u00e4llet och f\u00f6r den enskilda, precis som det \u00e4r illa f\u00f6r samh\u00e4llet att vi som \u00e4r 50 sorteras bort om vi inte vara smarta nog att h\u00e4nga oss stenh\u00e5rt fast vid tidigare jobb eller av n\u00e5got sk\u00e4l blivit arbetsl\u00f6sa efter 45.<\/p>\n<p>S\u00e5 som sagt: med en s\u00e5dan statsminister har jag inte stort hopp om att lagen mot \u00e5ldersdiskriminering ska sk\u00e4rpas p\u00e5 allvar.<\/p>\n<p>PS: Ett bevis f\u00f6r hur djupt f\u00f6rdomar mot m\u00e4nniskors \u00e5lder sitter: se hur lite som skrivs om \u00e5ldersdiskrimineringen.<\/p>\n<p>PS2: Reinfeldts uttalande betyder allts\u00e5 att han erk\u00e4nner att <a href=\"http:\/\/www.moderat.se\/web\/Jobbskatteavdragets_effekter.aspx\">jobbskatteavdragen<\/a> varit en vinst f\u00f6r vit m\u00e4n mellan 30-40 \u00e5r. F\u00f6r alla som inte \u00e4r etniska svenska mitt i livet \u00e4r andelen som inte har den typ av arbete som ger jobbskatteavdrag \u00f6kat &#8211; och d\u00e4rmed har dessa m\u00e4nniskor f\u00f6rlorat \u00e4nnu mer under alliansregeringens \u00e5r vid makten.<\/p>\n<p>PS3: F\u00f6r \u00f6vrigt undrar jag vad som \u00e4r statsministerns definition av etnisk svensk. Min mamma var fr\u00e5n ett annat europeiskt land, \u00e4r jag d\u00e4rmed oetnisk svensk? <\/p>\n<p>Relaterat:<br \/>\n<a href=\"http:\/\/www.alliansfrittsverige.nu\/2012\/05\/reinfeldt-definerar-arbetsloshet-efter.html\">Alliansfritt<\/a><\/p>\n<p>L\u00e4s \u00e4ven andra bloggares \u00e5sikter om <a href=\"http:\/\/bloggar.se\/om\/samh%E4lle\" rel=\"tag\">samh\u00e4lle<\/a>, <a href=\"http:\/\/bloggar.se\/om\/socialdemokraterna\" rel=\"tag\">socialdemokraterna<\/a>, <a href=\"http:\/\/bloggar.se\/om\/moderaterna\" rel=\"tag\">moderaterna<\/a>, <a href=\"http:\/\/bloggar.se\/om\/Reinfeldt\" rel=\"tag\">Reinfeldt<\/a>, <a href=\"http:\/\/bloggar.se\/om\/arbetslivet\" rel=\"tag\">arbetslivet<\/a>, <a href=\"http:\/\/bloggar.se\/om\/arbetsmarknad\" rel=\"tag\">arbetsmarknad<\/a>, <a href=\"http:\/\/bloggar.se\/om\/f%F6rdomar\" rel=\"tag\">f\u00f6rdomar<\/a>, <a href=\"http:\/\/bloggar.se\/om\/diskriminering\" rel=\"tag\">diskriminering<\/a><\/p>\n","protected":false},"excerpt":{"rendered":"<p>Sk\u00e4rpt lag mot \u00e5ldersdiskriminering, rapporterar Aftonbladet. Regeringen vill f\u00f6rbjuda \u00e5ldersdiskriminering p\u00e5 alla omr\u00e5den i samh\u00e4llet. I dag g\u00e4ller f\u00f6rbudet mot \u00e5ldersdiskriminering endast arbetslivs- och utbildningsomr\u00e5det. Visst \u00e4r det vackert t\u00e4nkt. Men n\u00e4r \u00e5ldersdiskrimineringen i arbetslivet inte minskat p\u00e5 n\u00e5got s\u00e4tt &#8211; hur trov\u00e4rdigt blir det att regeringen vill ta itu med den inom fler omr\u00e5den? [&hellip;]<\/p>\n","protected":false},"author":2,"featured_media":54361,"comment_status":"open","ping_status":"open","sticky":false,"template":"","format":"standard","meta":{"_genesis_hide_title":false,"_genesis_hide_breadcrumbs":false,"_genesis_hide_singular_image":false,"_genesis_hide_footer_widgets":false,"_genesis_custom_body_class":"","_genesis_custom_post_class":"","_genesis_layout":"","footnotes":""},"categories":[44],"tags":[7984,381,1300,1914,4693,4917,5229],"class_list":{"0":"post-54358","1":"post","2":"type-post","3":"status-publish","4":"format-standard","5":"has-post-thumbnail","7":"category-chadie","8":"tag-arbetslivet","9":"tag-arbetsmarknad","10":"tag-diskriminering","11":"tag-fordomar","12":"tag-reinfeldt","13":"tag-samhalle","14":"tag-socialdemokraterna","15":"entry"},"_links":{"self":[{"href":"https:\/\/kulturbloggen.com\/index.php?rest_route=\/wp\/v2\/posts\/54358","targetHints":{"allow":["GET"]}}],"collection":[{"href":"https:\/\/kulturbloggen.com\/index.php?rest_route=\/wp\/v2\/posts"}],"about":[{"href":"https:\/\/kulturbloggen.com\/index.php?rest_route=\/wp\/v2\/types\/post"}],"author":[{"embeddable":true,"href":"https:\/\/kulturbloggen.com\/index.php?rest_route=\/wp\/v2\/users\/2"}],"replies":[{"embeddable":true,"href":"https:\/\/kulturbloggen.com\/index.php?rest_route=%2Fwp%2Fv2%2Fcomments&post=54358"}],"version-history":[{"count":5,"href":"https:\/\/kulturbloggen.com\/index.php?rest_route=\/wp\/v2\/posts\/54358\/revisions"}],"predecessor-version":[{"id":54363,"href":"https:\/\/kulturbloggen.com\/index.php?rest_route=\/wp\/v2\/posts\/54358\/revisions\/54363"}],"wp:featuredmedia":[{"embeddable":true,"href":"https:\/\/kulturbloggen.com\/index.php?rest_route=\/wp\/v2\/media\/54361"}],"wp:attachment":[{"href":"https:\/\/kulturbloggen.com\/index.php?rest_route=%2Fwp%2Fv2%2Fmedia&parent=54358"}],"wp:term":[{"taxonomy":"category","embeddable":true,"href":"https:\/\/kulturbloggen.com\/index.php?rest_route=%2Fwp%2Fv2%2Fcategories&post=54358"},{"taxonomy":"post_tag","embeddable":true,"href":"https:\/\/kulturbloggen.com\/index.php?rest_route=%2Fwp%2Fv2%2Ftags&post=54358"}],"curies":[{"name":"wp","href":"https:\/\/api.w.org\/{rel}","templated":true}]}}