{"id":54319,"date":"2012-05-13T10:44:29","date_gmt":"2012-05-13T08:44:29","guid":{"rendered":"http:\/\/kulturbloggen.com\/?p=54319"},"modified":"2012-05-13T10:44:29","modified_gmt":"2012-05-13T08:44:29","slug":"avdelning-q-loser-aterigen-ett-gammalt-fall-i-adler-olsens-journal-64","status":"publish","type":"post","link":"https:\/\/kulturbloggen.com\/?p=54319","title":{"rendered":"Avdelning Q l\u00f6ser \u00e5terigen ett gammalt fall i Adler-Olsens Journal 64"},"content":{"rendered":"<p>Titel: <a href=\"http:\/\/www.bokus.com\/bok\/9789170029547\/journal-64\/\" target=\"_blank\">Journal 64<\/a><br \/>\nF\u00f6rfattare: Jussi Adler-Olsen<br \/>\nF\u00f6rlag: <a href=\"http:\/\/www.bbb.se\/bok\/journal-64\" target=\"_blank\">Bra b\u00f6cker<\/a><br \/>\nUtgiven: 201203<br \/>\nISBN: 9789170029547 <\/p>\n<p>Det \u00e4r n\u00e5gra deckarserier jag fastnar f\u00f6r och Jussi Adler-Olsens serie om avdelning Q \u00e4r en av dessa just nu. Kriminalinspekt\u00f6r Carl M\u00f8rk och hans assistenter p\u00e5 Avdelning Q har f\u00e5tt ett nytt fall p\u00e5 sitt bord. Eller r\u00e4ttare sagt ett gammalt fall, f\u00f6r p\u00e5 avdelningen arbetar man med ouppl\u00f6sta brottsfall. N\u00e5gra sp\u00e5r leder till en kvinna som heter Mete Hermansen och hennes tid p\u00e5 en anstalt. Avdelning Q \u00e4r placerad i den ruffiga k\u00e4llaren p\u00e5 polishuset och till sin hj\u00e4lp har Carl tv\u00e5 assistenter, Assad och Rose. Tv\u00e5 mycket engagerade medarbetare, men ocks\u00e5 speciella personligheter, Hafez el- Assad med sitt mystiska f\u00f6rflutna och Rose som byter skepnad och styr och st\u00e4ller \u00f6ver sin chef och sin kollega. <\/p>\n<p>Fr\u00e5n 1920-talet fram till 1960-talet fanns det i verkligheten ett hem f\u00f6r sinnessl\u00f6a och omyndigf\u00f6rklarade kvinnor p\u00e5 Sprog\u00f8, en liten \u00f6 utanf\u00f6r Stora B\u00e4lt. Med utg\u00e5ngspunkt fr\u00e5n denna anstalt har f\u00f6rfattaren byggt upp en sp\u00e4nnande kriminalroman. I ber\u00e4ttelsen var det till denna \u00f6 som Nete Hermansson skickades i sin ungdom. Hon ans\u00e5gs leva ett sedesl\u00f6st liv och kunde d\u00e4rf\u00f6r inte klara sig sj\u00e4lv. P\u00e5 hemmet h\u00e4rskade v\u00e5ld och h\u00e5rdhet, kvinnorna blev f\u00f6rnedrade och det var n\u00e4stan om\u00f6jligt att komma d\u00e4rifr\u00e5n. Fast Nete lyckades och hon lyckades \u00e4ven f\u00e5 lite lycka i sitt liv. Men efter m\u00e5nga \u00e5r h\u00e4nder n\u00e5got som f\u00f6rst\u00f6r hennes liv igen.<\/p>\n<p>Det \u00e4r allts\u00e5 detta fall avdelning Q b\u00f6rjar forska i och det leder till n\u00e5got mycket st\u00f6rre, en hemlig organisation d\u00e4r m\u00e4n och kvinnor i makten utnyttjar sin position f\u00f6r att f\u00f6lja sin ondskefulla ideologi. Samtidigt med Sprog\u00f8fallet dyker ett annat gammalt fall upp p\u00e5 avdelning Q, ett d\u00e4r Carl \u00e4r personligt inblandad, ett d\u00f6dsfall som skedde i hans ungdom och d\u00e4r han blir misst\u00e4nkt f\u00f6r deltagande i mord. <\/p>\n<p><a href=\"http:\/\/www.adlibris.com\/se\/product.aspx?isbn=9170029547\" target=\"_blank\">Journal 64<\/a> \u00e4r den fj\u00e4rde boken om Avdelning Q som blivit \u00f6versatt till svenska. De tre f\u00f6rsta kom i svensk \u00f6vers\u00e4ttning 2011. Flera av ber\u00e4ttelserna \u00e4r ruskiga historier precis som denna, men samtidigt finns det en humor och v\u00e4rme i beskrivningen av den lilla tremannaavdelningen som k\u00e4mpar p\u00e5 f\u00f6r att l\u00f6sa dessa fall. Det \u00e4r beh\u00e5llningen med romanerna, b\u00e5de en ber\u00e4ttelse om huvudpersonernas arbete och liv och skickliga intriger. \u00c4ven om b\u00f6ckerna i serien \u00e4r frist\u00e5ende \u00e4r det b\u00e4sta \u00e4r att l\u00e4sa dem i ordningsf\u00f6ljd eftersom man f\u00f6r varje bok f\u00e5r veta mer och mer om Carl M\u00f8rk och hans assistenter.<\/p>\n<p>Arbetet som chef p\u00e5 avdelning Q fick Carl M\u00f8rk efter ett tragiskt skottdrama d\u00e4r en av hans kolleger blev d\u00f6dad och en annan blev helt f\u00f6rlamad. \u00c4nnu ett brottsm\u00e5lsfall som inte \u00e4r l\u00f6st och som p\u00e5verkar kriminalinspekt\u00f6ren v\u00e4ldigt mycket rent mentalt. Hans f\u00f6rlamade kollega och v\u00e4n Hardy bor hemma hos honom och d\u00e4r bor ocks\u00e5 sonen till hans ex-fru samt den inneboende Morten, Carl kallar dem f\u00f6r sin plastfamilj.<\/p>\n<p>Lite om f\u00f6rfattaren: Jussi Adler-Olsen \u00e4r en dansk f\u00f6rfattare och dramatiker, f\u00f6dd 1950 i K\u00f6penhamn. Hans politiska studier, utbildning i filmvetenskap och en pappa som var \u00f6verl\u00e4kare inom psykiatrin har gjort att han har kunnat skriva b\u00f6cker om allt fr\u00e5n sinnesjukdom till internationella konspirationer. Hans b\u00f6cker har blivit \u00f6versatta till m\u00e5nga spr\u00e5k och \u201dFlaskpost fr\u00e5n P\u201d fick \u00e5r 2010 Glasnyckelns pris f\u00f6r \u00e5rets b\u00e4sta skandinaviska kriminalroman. <\/p>\n<p><strong>Text: \u00c0slaug Myhrberg<\/strong><\/p>\n","protected":false},"excerpt":{"rendered":"<p>Titel: Journal 64 F\u00f6rfattare: Jussi Adler-Olsen F\u00f6rlag: Bra b\u00f6cker Utgiven: 201203 ISBN: 9789170029547 Det \u00e4r n\u00e5gra deckarserier jag fastnar f\u00f6r och Jussi Adler-Olsens serie om avdelning Q \u00e4r en av dessa just nu. Kriminalinspekt\u00f6r Carl M\u00f8rk och hans assistenter p\u00e5 Avdelning Q har f\u00e5tt ett nytt fall p\u00e5 sitt bord. Eller r\u00e4ttare sagt ett gammalt [&hellip;]<\/p>\n","protected":false},"author":13,"featured_media":54321,"comment_status":"open","ping_status":"open","sticky":false,"template":"","format":"standard","meta":{"_genesis_hide_title":false,"_genesis_hide_breadcrumbs":false,"_genesis_hide_singular_image":false,"_genesis_hide_footer_widgets":false,"_genesis_custom_body_class":"","_genesis_custom_post_class":"","_genesis_layout":"","footnotes":""},"categories":[43,3],"tags":[1125,1197],"class_list":{"0":"post-54319","1":"post","2":"type-post","3":"status-publish","4":"format-standard","5":"has-post-thumbnail","7":"category-bokrecension","8":"category-litteratur","9":"tag-danmark","10":"tag-deckare","11":"entry"},"_links":{"self":[{"href":"https:\/\/kulturbloggen.com\/index.php?rest_route=\/wp\/v2\/posts\/54319","targetHints":{"allow":["GET"]}}],"collection":[{"href":"https:\/\/kulturbloggen.com\/index.php?rest_route=\/wp\/v2\/posts"}],"about":[{"href":"https:\/\/kulturbloggen.com\/index.php?rest_route=\/wp\/v2\/types\/post"}],"author":[{"embeddable":true,"href":"https:\/\/kulturbloggen.com\/index.php?rest_route=\/wp\/v2\/users\/13"}],"replies":[{"embeddable":true,"href":"https:\/\/kulturbloggen.com\/index.php?rest_route=%2Fwp%2Fv2%2Fcomments&post=54319"}],"version-history":[{"count":3,"href":"https:\/\/kulturbloggen.com\/index.php?rest_route=\/wp\/v2\/posts\/54319\/revisions"}],"predecessor-version":[{"id":54323,"href":"https:\/\/kulturbloggen.com\/index.php?rest_route=\/wp\/v2\/posts\/54319\/revisions\/54323"}],"wp:featuredmedia":[{"embeddable":true,"href":"https:\/\/kulturbloggen.com\/index.php?rest_route=\/wp\/v2\/media\/54321"}],"wp:attachment":[{"href":"https:\/\/kulturbloggen.com\/index.php?rest_route=%2Fwp%2Fv2%2Fmedia&parent=54319"}],"wp:term":[{"taxonomy":"category","embeddable":true,"href":"https:\/\/kulturbloggen.com\/index.php?rest_route=%2Fwp%2Fv2%2Fcategories&post=54319"},{"taxonomy":"post_tag","embeddable":true,"href":"https:\/\/kulturbloggen.com\/index.php?rest_route=%2Fwp%2Fv2%2Ftags&post=54319"}],"curies":[{"name":"wp","href":"https:\/\/api.w.org\/{rel}","templated":true}]}}