{"id":54246,"date":"2012-05-11T22:56:39","date_gmt":"2012-05-11T20:56:39","guid":{"rendered":"http:\/\/kulturbloggen.com\/?p=54246"},"modified":"2012-05-11T22:56:39","modified_gmt":"2012-05-11T20:56:39","slug":"neels-lou-bocker-en-glad-serie-med-akta-djup","status":"publish","type":"post","link":"https:\/\/kulturbloggen.com\/?p=54246","title":{"rendered":"Neels Lou-b\u00f6cker &#8211; en glad serie med \u00e4kta djup"},"content":{"rendered":"<p>Titel: Lou &#8211; <a href=\"http:\/\/www.adlibris.com\/se\/product.aspx?isbn=9197821306\" target=\"_blank\">Dagboksdagar<\/a> och <a href=\"http:\/\/www.bokus.com\/cgi-bin\/product_search.cgi?search_word=lou%20sommarblues&amp;language=&amp;dym=all\" target=\"_blank\">Sommarblues<\/a><br \/>\nF\u00f6rfattare\/illustrat\u00f6r: Julien Neel<br \/>\nF\u00f6rlag: <a href=\"http:\/\/www.wibombooks.se\/node\/16\" target=\"_blank\">Wibom Books<\/a><br \/>\nISBN10: 9197821306 \/ 9197821314<br \/>\nISBN13: 9789197821308 \/ 9789197821315<\/p>\n<p>Julien Neel \u00e4r designern som fick en dotter och ins\u00e5g att det fanns en lucka i serieutbudet. Jag har l\u00e4st del ett och tv\u00e5 i serien om Lou. \u00c5tta delar \u00e4r planerade och de f\u00f6rsta fem finns \u00f6versatta till svenska. B\u00f6ckerna har blivit en megasucc\u00e9, s\u00e4rskilt i hemlandet Frankrike, och finns \u00e4ven som animerade filmer som g\u00e5tt p\u00e5 SVT.<\/p>\n<p>Lou \u00e4r 12 \u00e5r och b\u00f6ckerna v\u00e4nder sig till barn i hennes egen \u00e5lder, popul\u00e4rt kallade tweenies. Tack vare de tecknade filmerna har hon dock fans i alla \u00e5ldrar fr\u00e5n tre och upp\u00e5t vilket egentligen \u00e4r m\u00e4rkligt med tanke p\u00e5 att historierna \u00e4r s\u00e5 tydligt kopplade till den prepubertala livssituationen.<\/p>\n<p>Lou bor ensam med sin mamma och vi f\u00e5r f\u00f6lja deras vardag med allehanda viktiga problem och h\u00e4ndelser. Lou blir k\u00e4r i grannpojken, mamman ska ta k\u00f6rkort och de m\u00e5ste tillbringa sommaren p\u00e5 tr\u00e5kiga landet. Mormor och mamma br\u00e5kar och komplexa f\u00f6rh\u00e5llanden mellan barn och f\u00f6r\u00e4ldrar skildras p\u00e5 ett snyggt s\u00e4tt. Detta sk\u00e4nker l\u00e4sv\u00e4rde \u00e4ven f\u00f6r den vuxne och skapar bra samtalsunderlag mellan den l\u00e4sande ungen och mig som f\u00f6r\u00e4lder.<\/p>\n<p><a href=\"http:\/\/kulturbloggen.com\/wp-content\/uploads\/2012\/05\/Lov2.jpg\"><img loading=\"lazy\" decoding=\"async\" class=\"alignright size-full wp-image-54248\" title=\"Lov2\" src=\"http:\/\/kulturbloggen.com\/wp-content\/uploads\/2012\/05\/Lov2.jpg\" alt=\"\" width=\"200\" height=\"272\" srcset=\"https:\/\/kulturbloggen.com\/wp-content\/uploads\/2012\/05\/Lov2.jpg 200w, https:\/\/kulturbloggen.com\/wp-content\/uploads\/2012\/05\/Lov2-165x225.jpg 165w, https:\/\/kulturbloggen.com\/wp-content\/uploads\/2012\/05\/Lov2-110x150.jpg 110w, https:\/\/kulturbloggen.com\/wp-content\/uploads\/2012\/05\/Lov2-169x230.jpg 169w, https:\/\/kulturbloggen.com\/wp-content\/uploads\/2012\/05\/Lov2-47x65.jpg 47w, https:\/\/kulturbloggen.com\/wp-content\/uploads\/2012\/05\/Lov2-58x80.jpg 58w\" sizes=\"auto, (max-width: 200px) 100vw, 200px\" \/><\/a><\/p>\n<p>Tyv\u00e4rr beskrivs b\u00f6ckerna med utropet \u201d\u00e4ntligen en serie f\u00f6r tjejer!\u201d p\u00e5 n\u00e4tbokhandelns hemsida. Att man fortfarande vill dela upp l\u00e4sning i k\u00f6n g\u00f6r mig matt. Tjejer har i alla tider l\u00e4st b\u00f6cker med killar i nyckelroller. Det har g\u00e5tt alldeles utm\u00e4rkt. Det finns n\u00e5got som kallas allm\u00e4nm\u00e4nskligt. Hit h\u00f6r mycket av det Lou \u00e4r med om. Vi har alla varit olyckligt k\u00e4ra. De flesta minns l\u00e5nga somrar d\u00e5 vi tvingats med till ett tr\u00e5kigt lantst\u00e4lle d\u00e4r absolut ingenting h\u00e4nder. Varf\u00f6r g\u00f6ra detta till n\u00e5got som har med tjejer att g\u00f6ra?<\/p>\n<p>\u00c4nnu en del av f\u00f6rklaringen (f\u00f6rutom det faktum att huvudpersonen \u00e4r en flicka) \u00e4r den grafiska formen. F\u00e4rgerna \u00e4r starka med mycket rosa Bildspr\u00e5ket \u00e4r t\u00e4mligen \u201dtjejigt\u201d vilket sm\u00e5pojkar i min n\u00e4rhet snabbt l\u00e4ser in. Det \u00e4r synd att det ser ut s\u00e5 h\u00e4r. Men om du \u00e4nd\u00e5 kan f\u00e5 dina tweenies, oavsett k\u00f6n, att l\u00e4sa om Lou kommer de att f\u00e5 ta del av en glad serie med \u00e4kta djup. N\u00e5got som inte \u00e4r alltf\u00f6r vanligt f\u00f6rekommande.<\/p>\n<p><strong>Text: Elin Lucassi<\/strong><\/p>\n","protected":false},"excerpt":{"rendered":"<p>Titel: Lou &#8211; Dagboksdagar och Sommarblues F\u00f6rfattare\/illustrat\u00f6r: Julien Neel F\u00f6rlag: Wibom Books ISBN10: 9197821306 \/ 9197821314 ISBN13: 9789197821308 \/ 9789197821315 Julien Neel \u00e4r designern som fick en dotter och ins\u00e5g att det fanns en lucka i serieutbudet. Jag har l\u00e4st del ett och tv\u00e5 i serien om Lou. \u00c5tta delar \u00e4r planerade och de f\u00f6rsta [&hellip;]<\/p>\n","protected":false},"author":13,"featured_media":54248,"comment_status":"open","ping_status":"open","sticky":false,"template":"","format":"standard","meta":{"_genesis_hide_title":false,"_genesis_hide_breadcrumbs":false,"_genesis_hide_singular_image":false,"_genesis_hide_footer_widgets":false,"_genesis_custom_body_class":"","_genesis_custom_post_class":"","_genesis_layout":"","footnotes":""},"categories":[43,3,16],"tags":[533,5008,7965],"class_list":{"0":"post-54246","1":"post","2":"type-post","3":"status-publish","4":"format-standard","5":"has-post-thumbnail","7":"category-bokrecension","8":"category-litteratur","9":"category-recension","10":"tag-barnbocker","11":"tag-serier","12":"tag-tweenies","13":"entry"},"_links":{"self":[{"href":"https:\/\/kulturbloggen.com\/index.php?rest_route=\/wp\/v2\/posts\/54246","targetHints":{"allow":["GET"]}}],"collection":[{"href":"https:\/\/kulturbloggen.com\/index.php?rest_route=\/wp\/v2\/posts"}],"about":[{"href":"https:\/\/kulturbloggen.com\/index.php?rest_route=\/wp\/v2\/types\/post"}],"author":[{"embeddable":true,"href":"https:\/\/kulturbloggen.com\/index.php?rest_route=\/wp\/v2\/users\/13"}],"replies":[{"embeddable":true,"href":"https:\/\/kulturbloggen.com\/index.php?rest_route=%2Fwp%2Fv2%2Fcomments&post=54246"}],"version-history":[{"count":3,"href":"https:\/\/kulturbloggen.com\/index.php?rest_route=\/wp\/v2\/posts\/54246\/revisions"}],"predecessor-version":[{"id":54251,"href":"https:\/\/kulturbloggen.com\/index.php?rest_route=\/wp\/v2\/posts\/54246\/revisions\/54251"}],"wp:featuredmedia":[{"embeddable":true,"href":"https:\/\/kulturbloggen.com\/index.php?rest_route=\/wp\/v2\/media\/54248"}],"wp:attachment":[{"href":"https:\/\/kulturbloggen.com\/index.php?rest_route=%2Fwp%2Fv2%2Fmedia&parent=54246"}],"wp:term":[{"taxonomy":"category","embeddable":true,"href":"https:\/\/kulturbloggen.com\/index.php?rest_route=%2Fwp%2Fv2%2Fcategories&post=54246"},{"taxonomy":"post_tag","embeddable":true,"href":"https:\/\/kulturbloggen.com\/index.php?rest_route=%2Fwp%2Fv2%2Ftags&post=54246"}],"curies":[{"name":"wp","href":"https:\/\/api.w.org\/{rel}","templated":true}]}}