{"id":54242,"date":"2012-05-11T22:40:15","date_gmt":"2012-05-11T20:40:15","guid":{"rendered":"http:\/\/kulturbloggen.com\/?p=54242"},"modified":"2012-05-11T22:40:15","modified_gmt":"2012-05-11T20:40:15","slug":"ny-bok-om-libyen-ett-framtida-turistmal","status":"publish","type":"post","link":"https:\/\/kulturbloggen.com\/?p=54242","title":{"rendered":"Ny bok om Libyen \u2013 ett framtida turistm\u00e5l?"},"content":{"rendered":"<p>Den 10 maj presenterade Eva Hernb\u00e4ck och G\u00f6ran Johnson sin nya bok, <a href=\"http:\/\/www.adlibris.com\/se\/product.aspx?isbn=9113041045\" target=\"_blank\">Libyen \u2013 Fr\u00e5n Tripolitanien till Ghaddafis sista dagar<\/a>, f\u00f6r en fullsatt h\u00f6rsal p\u00e5 Medelhavsmuseet.<\/p>\n<p>F\u00e5 l\u00e4nder har varit s\u00e5 slutna som Libyen. Deras mytomspunne ledare Muammar Ghaddafi styrde landet med j\u00e4rnhand i \u00f6ver fyrtio \u00e5r med hj\u00e4lp av en stenh\u00e5rd regim. Idag st\u00e5r Libyen inf\u00f6r en v\u00e4ndpunkt d\u00e4r ingen vet vad framtiden b\u00e4r med sig. F\u00f6rfattarna Eva Hernb\u00e4ck, journalist p\u00e5 DN med inriktning p\u00e5 globala fr\u00e5gor och G\u00f6ran Johnson, arkeolog och samh\u00e4llsplanerare ger i sin nyutkomna bok Libyen &#8211; Fr\u00e5n Tripolitanien till Ghaddafis sista dagar, en helt\u00e4ckande bild av landets m\u00e5ngtusen\u00e5riga historia, kulturhistoriskt och maktpolitiskt \u2013 fr\u00e5n Acacusbergens klippm\u00e5lningar f\u00f6r mer \u00e4n tiotusen \u00e5r sedan till Ghaddafis v\u00e5ldsamma d\u00f6d oktober 2011.<\/p>\n<p>Kristian G\u00f6ransson, Libyenk\u00e4nnare och intendent p\u00e5 Medelhavsmuseet inledde. D\u00e4refter ber\u00e4ttade f\u00f6rfattarna om sin bok. De har levt och arbetat i Libyen en l\u00e4ngre tid och studerat dess l\u00e5nga och komplicerade historia. Libyen har varit ok\u00e4nt i Sverige, i stort sett var diktatorn det enda man visste n\u00e5got om \u2013 att han var n\u00e5got av en lustigkurre. Mindre k\u00e4nt var det h\u00e5rdf\u00f6rda styret, den tuffa diktaturen och terrorismen runt om i v\u00e4rlden.<\/p>\n<p>Ghaddafi hade utformat en egen samh\u00e4llsteori vid sidan om kapitalism och kommunism, som han redovisar i \u201dDen gr\u00f6na boken\u201d. Den innefattar en slutgiltig utformning av samh\u00e4llet d\u00e4r ingen privat f\u00f6retagsamhet ska finnas och inga anst\u00e4llda, som likst\u00e4lls med slavar. Allt ska vara statligt.<\/p>\n<p>Vid Ghaddafis revolution \u00e5r 1969 \u00f6verlevde religionen och den pr\u00e4glar landet. Det finns m\u00e5nga mosk\u00e9er och man h\u00e5ller h\u00e5rt p\u00e5 ramadan. Ghaddafi satsade p\u00e5 bost\u00e4der med en bebyggelse influerad av \u00d6ststaterna, sjukv\u00e5rd och utbildning, som skiljer sig fr\u00e5n andra arabl\u00e4nders med en stor andel kvinnor. Men p\u00e5 caf\u00e9erna syns bara m\u00e4n, man dricker te, alkohol \u00e4r inte till\u00e5tet i Libyen. <\/p>\n<p>Libyen var l\u00e4nge isolerat och avst\u00e4ngt fr\u00e5n handel, av USA f\u00f6rst sedan av FN. Men fr\u00e5n 9\/11 sv\u00e4ngde Ghaddafi och blev USA:s v\u00e4n. Landet b\u00f6rjade \u00e5terigen n\u00e4rma sig v\u00e4st. V\u00e4rldens ledare ville d\u00e5 \u00e5teruppr\u00e4tta de ekonomiska f\u00f6rbindelserna. <\/p>\n<p>Libyen \u00e4r ett till ytan stort land, fyra g\u00e5nger st\u00f6rre \u00e4n Sverige men med bara 6,5 miljoner inv\u00e5nare. Stora ytor \u00e4r \u00f6ken. Man det finns mycket vatten, det \u00e4r en viktig naturresurs. Man anv\u00e4nder mycket vatten, fyra g\u00e5nger mer per inv\u00e5nare \u00e4n i Sverige. Mest g\u00e5r till konstbevattning. En annan viktigt naturresurs \u00e4r den rena oljan. Bensinen \u00e4r subventionerad, full tank kan man f\u00e5 f\u00f6r 30 kronor. Detta g\u00f6r att biltrafiken \u00e4r livlig i st\u00e4derna och kollektivtrafiken d\u00e5ligt utbyggd.<\/p>\n<p>P\u00e5 1980-talet b\u00f6rjade ett stort antal arbetare komma fr\u00e5n Gambia till Libyen. De \u00e4r nu miljontals och arbetar h\u00e5rt i landet. I publiken h\u00e4lsade vi p\u00e5 Eric, som ska vara i Sverige i en m\u00e5nad.<\/p>\n<p>I juni sker val om Libyens kommande konstitution. Det finns m\u00e5nga problem p\u00e5 v\u00e4gen. Man har ingen erfarenhet av demokrati och pressfrihet eller m\u00e4nskliga r\u00e4ttigheter. Det finns mycket vapen i omlopp. Men hoppet om en bra utveckling finns \u00e4nd\u00e5.<\/p>\n<p>En t\u00e4nkbar n\u00e4ring som skulle kunna utvecklas \u00e4r kulturturismen, som det finns stor potential f\u00f6r. Libyen har m\u00e5nga kulturl\u00e4mningar och fem v\u00e4rldsarv. Dessutom finns 2000 km outnyttjad strand vid Medelhavet!<\/p>\n<p><a href=\"http:\/\/www.bokus.com\/bok\/9789113041049\/libyen-fran-tripolitanien-till-ghaddafis-sista-dagar\/\" target=\"_blank\">Libyen \u2013 Fr\u00e5n Tripolitanien till Ghaddafis sista dagar<\/a> \u00e4r utgiven i samarbete med <a href=\"http:\/\/www.norstedts.se\/bocker\/utgiven\/2012\/Var\/hernback_eva-libyen-inbunden\/\" target=\"_blank\">Norstedts f\u00f6rlag<\/a>.<\/p>\n<p><strong>Text: Vivian Gustin<\/strong><\/p>\n","protected":false},"excerpt":{"rendered":"<p>Den 10 maj presenterade Eva Hernb\u00e4ck och G\u00f6ran Johnson sin nya bok, Libyen \u2013 Fr\u00e5n Tripolitanien till Ghaddafis sista dagar, f\u00f6r en fullsatt h\u00f6rsal p\u00e5 Medelhavsmuseet. F\u00e5 l\u00e4nder har varit s\u00e5 slutna som Libyen. Deras mytomspunne ledare Muammar Ghaddafi styrde landet med j\u00e4rnhand i \u00f6ver fyrtio \u00e5r med hj\u00e4lp av en stenh\u00e5rd regim. Idag st\u00e5r [&hellip;]<\/p>\n","protected":false},"author":13,"featured_media":54243,"comment_status":"open","ping_status":"open","sticky":false,"template":"","format":"standard","meta":{"_genesis_hide_title":false,"_genesis_hide_breadcrumbs":false,"_genesis_hide_singular_image":false,"_genesis_hide_footer_widgets":false,"_genesis_custom_body_class":"","_genesis_custom_post_class":"","_genesis_layout":"","footnotes":""},"categories":[3],"tags":[790,3282,7964],"class_list":{"0":"post-54242","1":"post","2":"type-post","3":"status-publish","4":"format-standard","5":"has-post-thumbnail","7":"category-litteratur","8":"tag-bokrelease","9":"tag-libyen","10":"tag-medelhavsmuseet","11":"entry"},"_links":{"self":[{"href":"https:\/\/kulturbloggen.com\/index.php?rest_route=\/wp\/v2\/posts\/54242","targetHints":{"allow":["GET"]}}],"collection":[{"href":"https:\/\/kulturbloggen.com\/index.php?rest_route=\/wp\/v2\/posts"}],"about":[{"href":"https:\/\/kulturbloggen.com\/index.php?rest_route=\/wp\/v2\/types\/post"}],"author":[{"embeddable":true,"href":"https:\/\/kulturbloggen.com\/index.php?rest_route=\/wp\/v2\/users\/13"}],"replies":[{"embeddable":true,"href":"https:\/\/kulturbloggen.com\/index.php?rest_route=%2Fwp%2Fv2%2Fcomments&post=54242"}],"version-history":[{"count":2,"href":"https:\/\/kulturbloggen.com\/index.php?rest_route=\/wp\/v2\/posts\/54242\/revisions"}],"predecessor-version":[{"id":54245,"href":"https:\/\/kulturbloggen.com\/index.php?rest_route=\/wp\/v2\/posts\/54242\/revisions\/54245"}],"wp:featuredmedia":[{"embeddable":true,"href":"https:\/\/kulturbloggen.com\/index.php?rest_route=\/wp\/v2\/media\/54243"}],"wp:attachment":[{"href":"https:\/\/kulturbloggen.com\/index.php?rest_route=%2Fwp%2Fv2%2Fmedia&parent=54242"}],"wp:term":[{"taxonomy":"category","embeddable":true,"href":"https:\/\/kulturbloggen.com\/index.php?rest_route=%2Fwp%2Fv2%2Fcategories&post=54242"},{"taxonomy":"post_tag","embeddable":true,"href":"https:\/\/kulturbloggen.com\/index.php?rest_route=%2Fwp%2Fv2%2Ftags&post=54242"}],"curies":[{"name":"wp","href":"https:\/\/api.w.org\/{rel}","templated":true}]}}