{"id":54202,"date":"2012-05-11T08:37:23","date_gmt":"2012-05-11T06:37:23","guid":{"rendered":"http:\/\/kulturbloggen.com\/?p=54202"},"modified":"2012-05-11T08:37:23","modified_gmt":"2012-05-11T06:37:23","slug":"det-vore-nog-smart-av-regeringen-att-ge-pirate-bays-peter-sunde-nad","status":"publish","type":"post","link":"https:\/\/kulturbloggen.com\/?p=54202","title":{"rendered":"Det vore nog smart av regeringen att ge Pirate Bays Peter Sunde n\u00e5d"},"content":{"rendered":"<p>I november 2010 d\u00f6mdes Peter Sunde, en av m\u00e4nnen bakom Pirate Bay, till \u00e5tta m\u00e5naders f\u00e4ngelse av Svea hovr\u00e4tt f\u00f6r medhj\u00e4lp till upphovsr\u00e4ttsbrott.<\/p>\n<p>Nu har han ans\u00f6kt om n\u00e5d av regeringen, ber\u00e4ttar <a href=\"http:\/\/svt.se\/2.27170\/1.2799183\/pirate_bay-grundare_vill_ha_nad\">SVT Kulturnyheterna<\/a> och Nyheter24:<br \/>\n<em>Som sk\u00e4l anges arbetet med sajten Flattr och h\u00e4lsosk\u00e4l.<br \/>\nOm Sunde inte f\u00e5r n\u00e5d vill han i st\u00e4llet f\u00e5 uppskov med att avtj\u00e4na sitt straff.<\/em><\/p>\n<p>Det kanske vore ett smart drag av regeringen att ge honom n\u00e5d, eller \u00e5tminstone skjuta upp f\u00e4ngelsevistelsen.<\/p>\n<p>Om Sunde lyckas med sitt entrepren\u00f6rskap med FlattR \u00f6kar m\u00f6jligheterna att han ska kunna betala av n\u00e5got av det skyh\u00f6ga skadest\u00e5nd.<\/p>\n<p>Skadest\u00e5ndet som Peter Sunde och \u00f6vriga d\u00f6mda sk betala fastst\u00e4lldes till 30 miljoner kronor.<\/p>\n<p><a href=\"http:\/\/sv.wikipedia.org\/wiki\/Pirate_Bay-m\u00e5let#Skadest.C3.A5ndet\">Enligt Wikipedia<\/a>:<\/p>\n<blockquote><p>Ber\u00e4kningsgrunden f\u00f6r skadest\u00e5ndet best\u00e5r bland annat av en antagen f\u00f6rlust p\u00e5 \u20ac6.50 per nedladdad skiva och \u20ac0.70 per nedladdad l\u00e5t, i enlighet med skivbolagens yrkanden. Ber\u00e4kningsgrunden f\u00f6r de nordiska filmerna best\u00e5r av f\u00f6rlorad licensavgift p\u00e5 700.000 SEK f\u00f6r distributionsr\u00e4ttigheten av varje Wallanderfilm samt 150.000 SEK f\u00f6r distributionsr\u00e4ttigheten av Pusher-filmen i enlighet med de nordiska filmbolagens yrkanden. Baserat p\u00e5 nedladdningsr\u00e4knarna, motsvarar det cirka 73 SEK per p\u00e5st\u00e5dd nedladdning, vilket ligger relativt n\u00e4ra filmbolagens andrahandsyrkande p\u00e5 66:70 SEK per nedladdning. F\u00f6r de amerikanska filmbolagen ber\u00e4knas den antagna f\u00f6rlusten till 150 SEK f\u00f6r varje nedladdad film och 300 SEK f\u00f6r varje nedladdad TV-serie, vilket \u00e4r l\u00e4gre \u00e4n deras yrkanden p\u00e5 255 SEK respektive 261 SEK per nedladdad film och 415 SEK f\u00f6r varje nedladdad TV-serie. De amerikanska filmbolagen hade yrkat att marknadspriset skulle anv\u00e4ndas som ber\u00e4kningsgrund men tingsr\u00e4tten har genomg\u00e5ende anv\u00e4nt den faktiska f\u00f6rlorade int\u00e4kten f\u00f6r bolagen som ber\u00e4kningsgrund.<br \/>\nR\u00e4tten har dock valt att ta viss h\u00e4nsyn till os\u00e4kerheten i den omdebatterade nedladdningsr\u00e4knaren, och bed\u00f6mer h\u00e4lften av de p\u00e5st\u00e5dda nedladdningarna skall ifr\u00e5gas\u00e4ttas.<br \/>\nUt\u00f6ver den ovan n\u00e4mnda ers\u00e4ttningen, tillkommer h\u00e4lften av summan som &#8221;ers\u00e4ttning f\u00f6r andra f\u00f6rluster&#8221;. Detta \u00e4r kraftigt l\u00e4gre \u00e4n bolagens yrkanden.<br \/>\nKritiken av skadest\u00e5ndet \u00e4r fr\u00e4mst grundad p\u00e5 att en nedladdad kopia ej kan anses vara en f\u00f6rlorad inkomst f\u00f6r skivbolagen d\u00e5 varje nedladdning knappast motsvarar ett f\u00f6rlorad inkomst. Om man multplicerar antalet filer (ca 1 miljon) vid tillslagstillf\u00e4llet 2006 med vad skiv och filmbranschen anser sig f\u00f6rlorat per &#8221;verk&#8221; s\u00e5 kommer man fram till att Stockholms Tingsr\u00e4tt anser de f\u00f6rlorat mer \u00e4n hela v\u00e4rldens samlade BNP \u00e5r 2006. De f\u00f6refaller (enligt kritikerna) orimligt.<\/p><\/blockquote>\n<p>F\u00f6r min del tycker jag fortfarande det \u00e4r oerh\u00f6rt osmakligt att ett skadest\u00e5nd kan fastst\u00e4llas p\u00e5 den niv\u00e5n n\u00e4r det inte ens \u00e4r s\u00e4kert att musik- och filmbolagen lider n\u00e5gon men av fildelningen, kanske det ist\u00e4llet \u00e4r ren gratisreklam de f\u00e5r och den som laddat ner en film kanske blir sugen att se den och andra filmer p\u00e5 bio ocks\u00e5.<\/p>\n<p>I vilket fall som helst: Ge Peter Sunde chansen att f\u00e5 sitt f\u00f6retagande stabilt.<br \/>\nVad har samh\u00e4llet att f\u00f6rlora p\u00e5 det?<\/p>\n<p><a href=\"http:\/\/flattr.com\/\">FlattR<\/a> kan, om det utvecklas, vara en l\u00f6sning f\u00f6r hur den som skapar inneh\u00e5ll p\u00e5 Internet kan f\u00e5 int\u00e4kter. Alla initiativ d\u00e4r v\u00e4lkomnas.<\/p>\n<p>L\u00e4s \u00e4ven andra bloggares \u00e5sikter om <a href=\"http:\/\/bloggar.se\/om\/Peter+Sunde\" rel=\"tag\">Peter Sunde<\/a>, <a href=\"http:\/\/bloggar.se\/om\/Flattr\" rel=\"tag\">Flattr<\/a>, <a href=\"http:\/\/bloggar.se\/om\/juridik\" rel=\"tag\">juridik<\/a>, <a href=\"http:\/\/bloggar.se\/om\/n%E5d\" rel=\"tag\">n\u00e5d<\/a>, <a href=\"http:\/\/bloggar.se\/om\/Pirate+Bay\" rel=\"tag\">Pirate Bay<\/a><a href=\"http:\/\/kulturbloggen.com\/wp-content\/uploads\/2012\/05\/flattr1.jpg\"><img loading=\"lazy\" decoding=\"async\" src=\"http:\/\/kulturbloggen.com\/wp-content\/uploads\/2012\/05\/flattr1-300x153.jpg\" alt=\"\" title=\"flattr\" width=\"300\" height=\"153\" class=\"aligncenter size-medium wp-image-54204\" srcset=\"https:\/\/kulturbloggen.com\/wp-content\/uploads\/2012\/05\/flattr1-300x153.jpg 300w, https:\/\/kulturbloggen.com\/wp-content\/uploads\/2012\/05\/flattr1-1024x522.jpg 1024w, https:\/\/kulturbloggen.com\/wp-content\/uploads\/2012\/05\/flattr1-200x102.jpg 200w, https:\/\/kulturbloggen.com\/wp-content\/uploads\/2012\/05\/flattr1-175x89.jpg 175w, https:\/\/kulturbloggen.com\/wp-content\/uploads\/2012\/05\/flattr1-450x230.jpg 450w, https:\/\/kulturbloggen.com\/wp-content\/uploads\/2012\/05\/flattr1-100x51.jpg 100w, https:\/\/kulturbloggen.com\/wp-content\/uploads\/2012\/05\/flattr1-80x40.jpg 80w, https:\/\/kulturbloggen.com\/wp-content\/uploads\/2012\/05\/flattr1-150x76.jpg 150w, https:\/\/kulturbloggen.com\/wp-content\/uploads\/2012\/05\/flattr1-590x301.jpg 590w, https:\/\/kulturbloggen.com\/wp-content\/uploads\/2012\/05\/flattr1-920x469.jpg 920w, https:\/\/kulturbloggen.com\/wp-content\/uploads\/2012\/05\/flattr1.jpg 1138w\" sizes=\"auto, (max-width: 300px) 100vw, 300px\" \/><\/a><\/p>\n","protected":false},"excerpt":{"rendered":"<p>I november 2010 d\u00f6mdes Peter Sunde, en av m\u00e4nnen bakom Pirate Bay, till \u00e5tta m\u00e5naders f\u00e4ngelse av Svea hovr\u00e4tt f\u00f6r medhj\u00e4lp till upphovsr\u00e4ttsbrott. Nu har han ans\u00f6kt om n\u00e5d av regeringen, ber\u00e4ttar SVT Kulturnyheterna och Nyheter24: Som sk\u00e4l anges arbetet med sajten Flattr och h\u00e4lsosk\u00e4l. Om Sunde inte f\u00e5r n\u00e5d vill han i st\u00e4llet f\u00e5 [&hellip;]<\/p>\n","protected":false},"author":2,"featured_media":54204,"comment_status":"open","ping_status":"open","sticky":false,"template":"","format":"standard","meta":{"_genesis_hide_title":false,"_genesis_hide_breadcrumbs":false,"_genesis_hide_singular_image":false,"_genesis_hide_footer_widgets":false,"_genesis_custom_body_class":"","_genesis_custom_post_class":"","_genesis_layout":"","footnotes":""},"categories":[44,62],"tags":[1773,2811,7961,7960,4372],"class_list":{"0":"post-54202","1":"post","2":"type-post","3":"status-publish","4":"format-standard","5":"has-post-thumbnail","7":"category-chadie","8":"category-medie-och-kulturpolitik","9":"tag-flattr","10":"tag-juridik","11":"tag-nad","12":"tag-peter-sunde","13":"tag-pirate-bay","14":"entry"},"_links":{"self":[{"href":"https:\/\/kulturbloggen.com\/index.php?rest_route=\/wp\/v2\/posts\/54202","targetHints":{"allow":["GET"]}}],"collection":[{"href":"https:\/\/kulturbloggen.com\/index.php?rest_route=\/wp\/v2\/posts"}],"about":[{"href":"https:\/\/kulturbloggen.com\/index.php?rest_route=\/wp\/v2\/types\/post"}],"author":[{"embeddable":true,"href":"https:\/\/kulturbloggen.com\/index.php?rest_route=\/wp\/v2\/users\/2"}],"replies":[{"embeddable":true,"href":"https:\/\/kulturbloggen.com\/index.php?rest_route=%2Fwp%2Fv2%2Fcomments&post=54202"}],"version-history":[{"count":1,"href":"https:\/\/kulturbloggen.com\/index.php?rest_route=\/wp\/v2\/posts\/54202\/revisions"}],"predecessor-version":[{"id":54205,"href":"https:\/\/kulturbloggen.com\/index.php?rest_route=\/wp\/v2\/posts\/54202\/revisions\/54205"}],"wp:featuredmedia":[{"embeddable":true,"href":"https:\/\/kulturbloggen.com\/index.php?rest_route=\/wp\/v2\/media\/54204"}],"wp:attachment":[{"href":"https:\/\/kulturbloggen.com\/index.php?rest_route=%2Fwp%2Fv2%2Fmedia&parent=54202"}],"wp:term":[{"taxonomy":"category","embeddable":true,"href":"https:\/\/kulturbloggen.com\/index.php?rest_route=%2Fwp%2Fv2%2Fcategories&post=54202"},{"taxonomy":"post_tag","embeddable":true,"href":"https:\/\/kulturbloggen.com\/index.php?rest_route=%2Fwp%2Fv2%2Ftags&post=54202"}],"curies":[{"name":"wp","href":"https:\/\/api.w.org\/{rel}","templated":true}]}}