{"id":53995,"date":"2012-05-07T19:22:22","date_gmt":"2012-05-07T17:22:22","guid":{"rendered":"http:\/\/kulturbloggen.com\/?p=53995"},"modified":"2012-05-07T19:24:52","modified_gmt":"2012-05-07T17:24:52","slug":"sverige-har-en-hel-del-att-lara-av-frankrike-och-de-viktiga-fragorna-som-inte-togs-upp-i-partiledardebatten","status":"publish","type":"post","link":"https:\/\/kulturbloggen.com\/?p=53995","title":{"rendered":"Sverige har en hel del att l\u00e4ra av Frankrike &#8211; och de viktiga fr\u00e5gorna som inte togs upp i partiledardebatten"},"content":{"rendered":"<p>Frankrike har valt bort den sittande presidenten <a href=\"http:\/\/sv.wikipedia.org\/wiki\/Nicolas_Sarkozy\">Nicolas Sarkozy<\/a>, kickat honom och ist\u00e4llet valt <a href=\"http:\/\/sv.wikipedia.org\/wiki\/Fran\u00e7ois_Hollande\">Fran\u00e7ois Hollande.<\/a><br \/>\nM\u00e5nga socialdemokrater \u00e4r glada idag, bytet av president kan betyda att det europeiska samarbetet sv\u00e4nger in p\u00e5 en mindre h\u00f6gerstyrd v\u00e4g &#8211; och att de som ska betala finanskrisen inte bara blir de m\u00e4nniskor som redan har det s\u00e4mst.<\/p>\n<p>Vem som helst som inte \u00e4r helt blind eller d\u00f6v vet att <a href=\"http:\/\/www.svd.se\/nyheter\/idagsidan\/inkomstklyftorna-for-stora-tycker-de-flesta_7177853.svd\">en hel del rika personer forts\u00e4tter att \u00f6sa in bra med inkomster<\/a> &#8211; vem som helst som f\u00f6ljt utvecklingen i Europa har sett hur alla \u00e5tg\u00e4rder f\u00f6r att stoppa finanskrisen har drabbat de m\u00e4nniskor som redan har det s\u00e4mst. Det kan finnas en annan v\u00e4g ut ur krisen. Det \u00e4r absolut v\u00e4rt ett f\u00f6rs\u00f6k.<\/p>\n<p>Men det jag gl\u00e4der mig \u00e5t n\u00e4r det g\u00e4ller det franska presidentvalet \u00e4r tv\u00e5 andra saker.<\/p>\n<p>Hollande \u00e4r 57 \u00e5r &#8211; han \u00e4r f\u00f6dd 1954 och om han hade s\u00f6kt jobb i Sverige hade han garanterat rensats bort redan i f\u00f6rsta sorteringen. I Sverige r\u00e5der stenh\u00e5rd \u00e5ldersdiskriminering.<\/p>\n<p>Jag kan ge ett konkret exempel ur mitt eget liv. Jag \u00e4r ett \u00e5r yngre \u00e4n Hollande och f\u00f6rra sommaren skickade jag in en ans\u00f6kan om sommarvikariat till TT, Tidningarnas Telegrambyr\u00e5. Jag arbetade d\u00e4r f\u00f6r lite drygt tjugo \u00e5r sedan och vet att jag ans\u00e5gs duktig och att jag var omtyckt.<br \/>\nNu s\u00f6kte jag allts\u00e5 sommarvikariat tjugo \u00e5r senare och med tjugo \u00e5rs mer erfarenhet och en hel del f\u00f6r arbetet mycket passande utbildningar i bagaget. Jag blev inte ens kallad till intervju f\u00f6r vikariat.<br \/>\nDet \u00e4r helt uppenbart att jag rensats bort av ett sk\u00e4l: \u00e5ldern.<br \/>\nMedief\u00f6retag vill inte ha sommarvikarier som \u00e4r \u00f6ver 35, helst ska de f\u00f6rst\u00e5s vara \u00e4nnu yngre.<\/p>\n<p>Svenska arbetsgivare \u00e4r extrema i hur de diskriminerar p\u00e5 grund av \u00e5lder. Vi har massor att l\u00e4ra av Frankrike p\u00e5 den punkten.<\/p>\n<p>Under stort media-st\u00e5hej var det dags f\u00f6r den f\u00f6rsta partiledardebatten inf\u00f6r valet om tv\u00e5 \u00e5r. Den f\u00f6rsta d\u00e4r nya S-ledaren Stefan L\u00f6fven skulle m\u00f6ta statsminister Fredrik Reinfeldt i debatt. Delvis m\u00e5ste Reinfeldt ha varit skakad, jag undrar om vi sett honom fara med s\u00e5 mycket klyschor och dessutom <a href=\"http:\/\/www.aftonbladet.se\/nyheter\/article14791680.ab\">l\u00f6gner<\/a> n\u00e5gonsin tidigare? Vi flera tillf\u00e4llen svarade han inte p\u00e5 fr\u00e5gor utan for ut i traditionella klyschiga angrepp p\u00e5 &#8221;de r\u00f6dgr\u00f6na&#8221; ist\u00e4llet.<\/p>\n<p>M\u00e5nga medieorakel har gett L\u00f6fven ber\u00f6m f\u00f6r sin insats och Metro utropar p\u00e5 sin f\u00f6rstasida att S-ledaren vann partiledardebatten. Det var intressant f\u00f6r L\u00f6fven var lugn och utstr\u00e5lade alla de \u00e5r han arbetat fackligt och haft kontakt med Svenskt n\u00e4ringsliv.<\/p>\n<p>Det slog mig att Stefan L\u00f6fven \u00e4r f\u00f6dd 1957 och d\u00e4rf\u00f6r \u00e4r ett par \u00e5r yngre \u00e4n den blivande franske presidenten. Om jag inte missminner mig \u00e4r L\u00f6fven \u00e5ldersmannen i s\u00e4llskapet. S\u00e5 \u00e5lderfixerat \u00e4r det svenska samh\u00e4llet att inte ens partiledare f\u00e5r ha uppn\u00e5tt femtio\u00e5rs\u00e5ldern.<\/p>\n<p>Nej. det \u00e4r inget fel att unga m\u00e4nniskor f\u00e5r chansen, Gustav Fridolen som \u00e4r f\u00f6dd 1983 \u00e4r v\u00e4l ett utm\u00e4rkt exempel p\u00e5 en ung m\u00e4nniska som \u00e4r j\u00e4tteduktig.<\/p>\n<p>Det sorgliga med det svenska samh\u00e4llet \u00e4r d\u00e4remot att m\u00e4nniskor \u00f6ver femtio s\u00e5 medvetet sorteras bort i de flesta sammanhang i arbetslivet. Det var inget som diskuterades under partiledardebatten. \u00c5ldersdiskrimineringen \u00e4r samh\u00e4llsproblem som tystas ned totalt. \u00c5ldersdiskriminering \u00e4r ett tecken p\u00e5 de f\u00f6rdomar som r\u00e5der i samh\u00e4llet. F\u00f6rdomar som frodas kraftigt. F\u00f6rdomar och of\u00f6rm\u00e5ga att se individer f\u00f6r att den som ska anst\u00e4lla inte kan se f\u00f6rbi \u00e5lder, k\u00f6n, kulturell bakgrund med mera, med mera.<\/p>\n<p>Ungdomsarbetsl\u00f6sheten \u00e4r ocks\u00e5 ett stort problem &#8211; men den fick \u00e5tminstone rej\u00e4lt utrymme under partiledardebatten &#8211; och det \u00e4r sorgligt att Reinfeldt med kamrater p\u00e5 h\u00f6gersidan inte ens kan erk\u00e4nna att deras politik f\u00f6rs\u00e4mrat \u00e4nnu mer f\u00f6r ungdomar.<\/p>\n<p>Ett annat omr\u00e5de d\u00e4r Frankrike \u00e4r mycket b\u00e4ttre \u00e4n Sverige \u00e4r kulturpolitiken. I Frankrike satsar mycket p\u00e5 kulturpolitik och det \u00e4r till och med s\u00e5 att vartenda departement m\u00e5ste ta h\u00e4nsyn till kulturfr\u00e5gorna.<\/p>\n<p>Lite, lite ber\u00f6rdes kulturfr\u00e5gor indirekt genom att sm\u00e5f\u00f6retagarnas situationen som allra hastigast ber\u00f6rdes. Det \u00e4r den verkligen som g\u00e4ller f\u00f6r de flesta inom kultursektorn: att vara mycket d\u00e5ligt betalt sm\u00e5f\u00f6retagare.<\/p>\n<p>Det n\u00e4mndes f\u00f6rst\u00e5s inte. Det var inget parti som p\u00e5 allvar tog upp sm\u00e5f\u00f6retagarnas eller kulturens villkor. <\/p>\n<p>\u00c4nd\u00e5 undrar: vill n\u00e5gon p\u00e5 fullt allvar leva i en v\u00e4rld utan kultur?<\/p>\n<p>Mer om det franska valet:<br \/>\n<a href=\"http:\/\/www.dn.se\/nyheter\/varlden\/exsambo-far-ett-av-de-mest-prestigefyllda-uppdragen\">Dagens Nyheter 1<\/a> och <a href=\"http:\/\/www.dn.se\/nyheter\/varlden\/manegen-ar-krattad-for-en-ny-tysk-fransk-allians\">Dagens Nyheter 2<\/a> och <a href=\"http:\/\/svt.se\/2.22584\/1.2795454\/hollande_och_merkel_kanske_gar_battre_ihop_an_merkel_och_sarkozy?lid=puff_2795454&amp;lpos=rubrik\">SVT Nyheter<\/a> och <a href=\"http:\/\/www.expressen.se\/nyheter\/forlorade-valet--kan-stallas-infor-ratta\/\">Expressen<\/a>.<\/p>\n<p>Mer om partiledardebatten:<br \/>\n<a href=\"http:\/\/anneskaner.wordpress.com\/2012\/05\/06\/vilka-politiker-bryr-sig-om-barn-o-ungdomar-agenda-ser-inga-barn\/\">Anne Skaner p\u00e5pekar att barns och ungdomars situation inte heller togs upp.<\/a><br \/>\n<a href=\"http:\/\/www.svd.se\/nyheter\/inrikes\/reinfeldt-kunnigast-enligt-svds-lasare_7179443.svd\">Svenska Dagbladet<\/a> och <a href=\"http:\/\/www.expressen.se\/nyheter\/forlorade-valet--kan-stallas-infor-ratta\/\">Martin Mobergs blogg<\/a>.<\/p>\n<p>&nbsp;<\/p>\n<p>Och mer relaterat:<\/p>\n<p><a href=\"http:\/\/www.jamlikhetsanden.se\/2012\/05\/fanns-inga-skillnader-vart-skulle-man.html\">Staffan Lindstr\u00f6m<\/a>\u00a0om fanns inga skillnader, vart skulle man str\u00e4va d\u00e5?,\u00a0<a href=\"http:\/\/socialaktion.nu\/de-flesta-ogillar-att-inkomstskillnaderna-okar\/\">Social Aktion Nu<\/a>\u00a0om att de flesta ogillar att inkomstklyftorna \u00f6kar,\u00a0<a href=\"http:\/\/mitt-i-steget.blogspot.se\/2012\/05\/kohandel-vanster-eller-hoger.html\">Johan Westerholm<\/a>\u00a0om kohandel v\u00e4nster eller h\u00f6ger,<a href=\"http:\/\/annarkia.se\/politik\/vad-har-vi-att-vanta.htm\">Annarkia<\/a>\u00a0om vad har vi att v\u00e4nta?,\u00a0<a href=\"http:\/\/enn.kokk.se\/?p=20639\">Enn Kokk<\/a>\u00a0om att L\u00f6fven gav Reinfeldt en match.<\/p>\n<p>L\u00e4s \u00e4ven andra bloggares \u00e5sikter om <a href=\"http:\/\/bloggar.se\/om\/partiledardebatt.+Hollande\" rel=\"tag\">partiledardebatt. Hollande<\/a>, <a href=\"http:\/\/bloggar.se\/om\/Reinfeldt\" rel=\"tag\">Reinfeldt<\/a>, <a href=\"http:\/\/bloggar.se\/om\/arbetsmarknad\" rel=\"tag\">arbetsmarknad<\/a>, <a href=\"http:\/\/bloggar.se\/om\/%E5ldersdiskriminering\" rel=\"tag\">\u00e5ldersdiskriminering<\/a><\/p>\n","protected":false},"excerpt":{"rendered":"<p>Frankrike har valt bort den sittande presidenten Nicolas Sarkozy, kickat honom och ist\u00e4llet valt Fran\u00e7ois Hollande. M\u00e5nga socialdemokrater \u00e4r glada idag, bytet av president kan betyda att det europeiska samarbetet sv\u00e4nger in p\u00e5 en mindre h\u00f6gerstyrd v\u00e4g &#8211; och att de som ska betala finanskrisen inte bara blir de m\u00e4nniskor som redan har det s\u00e4mst. [&hellip;]<\/p>\n","protected":false},"author":2,"featured_media":53997,"comment_status":"open","ping_status":"open","sticky":false,"template":"","format":"standard","meta":{"_genesis_hide_title":false,"_genesis_hide_breadcrumbs":false,"_genesis_hide_singular_image":false,"_genesis_hide_footer_widgets":false,"_genesis_custom_body_class":"","_genesis_custom_post_class":"","_genesis_layout":"","footnotes":""},"categories":[44,62],"tags":[6503,381,7934,4693],"class_list":{"0":"post-53995","1":"post","2":"type-post","3":"status-publish","4":"format-standard","5":"has-post-thumbnail","7":"category-chadie","8":"category-medie-och-kulturpolitik","9":"tag-aldersdiskriminering","10":"tag-arbetsmarknad","11":"tag-partiledardebatt-hollande","12":"tag-reinfeldt","13":"entry"},"_links":{"self":[{"href":"https:\/\/kulturbloggen.com\/index.php?rest_route=\/wp\/v2\/posts\/53995","targetHints":{"allow":["GET"]}}],"collection":[{"href":"https:\/\/kulturbloggen.com\/index.php?rest_route=\/wp\/v2\/posts"}],"about":[{"href":"https:\/\/kulturbloggen.com\/index.php?rest_route=\/wp\/v2\/types\/post"}],"author":[{"embeddable":true,"href":"https:\/\/kulturbloggen.com\/index.php?rest_route=\/wp\/v2\/users\/2"}],"replies":[{"embeddable":true,"href":"https:\/\/kulturbloggen.com\/index.php?rest_route=%2Fwp%2Fv2%2Fcomments&post=53995"}],"version-history":[{"count":3,"href":"https:\/\/kulturbloggen.com\/index.php?rest_route=\/wp\/v2\/posts\/53995\/revisions"}],"predecessor-version":[{"id":53999,"href":"https:\/\/kulturbloggen.com\/index.php?rest_route=\/wp\/v2\/posts\/53995\/revisions\/53999"}],"wp:featuredmedia":[{"embeddable":true,"href":"https:\/\/kulturbloggen.com\/index.php?rest_route=\/wp\/v2\/media\/53997"}],"wp:attachment":[{"href":"https:\/\/kulturbloggen.com\/index.php?rest_route=%2Fwp%2Fv2%2Fmedia&parent=53995"}],"wp:term":[{"taxonomy":"category","embeddable":true,"href":"https:\/\/kulturbloggen.com\/index.php?rest_route=%2Fwp%2Fv2%2Fcategories&post=53995"},{"taxonomy":"post_tag","embeddable":true,"href":"https:\/\/kulturbloggen.com\/index.php?rest_route=%2Fwp%2Fv2%2Ftags&post=53995"}],"curies":[{"name":"wp","href":"https:\/\/api.w.org\/{rel}","templated":true}]}}