{"id":53926,"date":"2012-05-06T10:50:57","date_gmt":"2012-05-06T08:50:57","guid":{"rendered":"http:\/\/kulturbloggen.com\/?p=53926"},"modified":"2012-05-06T10:55:42","modified_gmt":"2012-05-06T08:55:42","slug":"neds-en-diskbanksrealistisk-kaftsmall","status":"publish","type":"post","link":"https:\/\/kulturbloggen.com\/?p=53926","title":{"rendered":"Neds  &#8211; en diskb\u00e4nksrealistisk k\u00e4ftsm\u00e4ll"},"content":{"rendered":"<p>Titel: <a href=\"http:\/\/www.imdb.com\/title\/tt1560970\/\">Neds<\/a><br \/>\nBetyg 4<br \/>\nSl\u00e4pps p\u00e5 dvd och bluray 9 maj 2012<\/p>\n<p><a href=\"http:\/\/kulturbloggen.com\/wp-content\/uploads\/2012\/05\/neds_omslag.jpg\"><img loading=\"lazy\" decoding=\"async\" src=\"http:\/\/kulturbloggen.com\/wp-content\/uploads\/2012\/05\/neds_omslag.jpg\" alt=\"\" title=\"neds_omslag\" width=\"147\" height=\"181\" class=\"alignright size-full wp-image-53950\" srcset=\"https:\/\/kulturbloggen.com\/wp-content\/uploads\/2012\/05\/neds_omslag.jpg 147w, https:\/\/kulturbloggen.com\/wp-content\/uploads\/2012\/05\/neds_omslag-121x150.jpg 121w, https:\/\/kulturbloggen.com\/wp-content\/uploads\/2012\/05\/neds_omslag-52x65.jpg 52w, https:\/\/kulturbloggen.com\/wp-content\/uploads\/2012\/05\/neds_omslag-64x80.jpg 64w\" sizes=\"auto, (max-width: 147px) 100vw, 147px\" \/><\/a>&#8221;Neds&#8221; \u00e4r en h\u00e5rd skildring av klass-samh\u00e4llet och det n\u00e4stintill om\u00f6jliga att ta sig ur socialt utanf\u00f6rskap och \u00e4r skrivet och regisserat av den brittiske samh\u00e4llskritiske regiss\u00f6ren och sk\u00e5despelaren Peter Mullan som sj\u00e4lv spelar rollen som den f\u00f6rsupne v\u00e5ldsamma fadern.<\/p>\n<p>Handlingen utspelar sig i 1970-talets Glasgow, i Skottland. Skolpojken John \u00e4r huvudkarakt\u00e4ren och filmen b\u00f6rjar med att han hyllas p\u00e5 skolavslutningen, han \u00e4r en av de elever som gjort b\u00e4st ifr\u00e5n sig och f\u00e5r ett pris f\u00f6r att han varit duktigast i sin klass. Han mamma, lillasyster och moster \u00e4r med honom p\u00e5 skolavslutningen. De strosar omkring p\u00e5 skolg\u00e5rden tillsammans med John, tar en bild tillsammans med skolans rektor. John har en str\u00e5lande framtid, eller? Under ytan anar vi n\u00e5got, vi k\u00e4nner att det \u00e4r n\u00e5got som inte st\u00e4mmer i alla fall. Pl\u00f6tsligt, n\u00e4r John st\u00e5r ensam en stund, kommer en ung man med tr\u00f6ja med luva \u00f6ver huvudet och lutar sig mot John och viskar \u00e5t honom att han ska f\u00e5 stryk, han ska bli d\u00f6dad n\u00e4r han kommer till den nya skolan i h\u00f6st.<\/p>\n<p>John ber\u00e4ttar inte om hotet f\u00f6r sin mamma eller moster, men han blev r\u00e4dd. N\u00e4r han sitter hemma i l\u00e4genheten och mostern talar med honom om hans framtid, om att han kanske borde bli journalist och mostern \u00f6ser \u00f6ver honom argument om att han kan bli vad han vill, d\u00e5 svarar han v\u00e4ldigt buttert, enstavigt.<br \/>\nDet \u00e4r en suver\u00e4n scen som k\u00e4nns i magen. Mosterns p\u00e5 gr\u00e4nsen till hysteriska f\u00f6rs\u00f6k att indoktrinera sj\u00e4lvf\u00f6rtroende i John f\u00e5r oss att k\u00e4nna att d\u00e4r finns mycket under ytan. Johns pappa kommer in i rummet f\u00f6r att h\u00e4mta n\u00e5got. Fadern s\u00e4ger inget, \u00e4r bara d\u00e4r en kort stund, men han p\u00e5verkar hela atmosf\u00e4ren, allt blir tyst den stunden.<\/p>\n<p>Scenen f\u00f6reb\u00e5dar det vi senare f\u00e5r veta, att pappan \u00e4r sv\u00e5rt alkoholiserad och dessutom misshandlar han sin fru, Johns mamma. Det \u00e4r ett tungt socialt arv John b\u00e4r med sig. Dessutom har han en \u00e4ldre bror, Benny, som sporadiskt \u00e4r hemma. Benny \u00e4r en gangster och \u00e4r ute och sl\u00e5ss.<\/p>\n<p>Benny \u00e4r den person John v\u00e4nder sig till f\u00f6r att f\u00e5 hj\u00e4lp mot hotet att bli slagen n\u00e4r han b\u00f6rjar i den nya skolan. Benny och en av hans g\u00e4ngkamrater misshandlar den hotande unge mannen medan John f\u00e5r se p\u00e5.<\/p>\n<p>Det \u00e4r dock inte bara en f\u00f6rdel att ha en gangster till storebror. N\u00e4r John b\u00f6rjar i nya skolan blir han inte placerad i klassen med de b\u00e4sta eleverna, trots att han har toppenbetyg. Rektorn litar inte p\u00e5 John, eftersom han \u00e4r bror till Benny som relegerats fr\u00e5n skolan.<\/p>\n<p>Kan John bryta det sociala arvet n\u00e4r klass-klyftorna \u00e4r s\u00e5 starkt fixerade i det skotska samh\u00e4llet? Han bor i ett fattigt omr\u00e5det med en alkoholiserad far, en kriminell bror och med v\u00e5ldsamma ungdomsg\u00e4ng i omr\u00e5det. John sliter h\u00e5rt f\u00f6r att g\u00f6ra bra ifr\u00e5n sig i skolan, tar sig upp i den b\u00e4sta klassen och under ett sommarlov blir John v\u00e4n med en ung man fr\u00e5n \u00f6verklassbakgrund. Den rike unge mannens mamma uppskattar dock inte v\u00e4nskapen och st\u00e4nger d\u00f6rren f\u00f6r den. D\u00e4r n\u00e5gonstans brister det f\u00f6r John.<\/p>\n<p>Neds \u00e4r en f\u00f6rkortningar av \u201dNon-Educated Delinquents\u201d &#8211; vilket s\u00e4ger en hel del. N\u00e4r v\u00e5ldet, g\u00e4ngmentaliteten, drogerna och kriminaliteten hugger tag i ungdomarna h\u00e4nger de inte med i skolan l\u00e4ngre. Utbildning \u00e4r v\u00e4gen till en b\u00e4ttre framtid. Att h\u00e5lla fast vid att utbilda sig n\u00e4r alla krafter motarbetar de unga fr\u00e5n de socialt utsatta omr\u00e5dena &#8211; det kr\u00e4ver en om\u00e4nsklig styrka, n\u00e4stan.<\/p>\n<p><a href=\"http:\/\/kulturbloggen.com\/wp-content\/uploads\/2012\/05\/nedshotad.jpg\"><img loading=\"lazy\" decoding=\"async\" src=\"http:\/\/kulturbloggen.com\/wp-content\/uploads\/2012\/05\/nedshotad-300x200.jpg\" alt=\"\" title=\"nedshotad\" width=\"300\" height=\"200\" class=\"alignright size-medium wp-image-53951\" srcset=\"https:\/\/kulturbloggen.com\/wp-content\/uploads\/2012\/05\/nedshotad-300x200.jpg 300w, https:\/\/kulturbloggen.com\/wp-content\/uploads\/2012\/05\/nedshotad-1024x682.jpg 1024w, https:\/\/kulturbloggen.com\/wp-content\/uploads\/2012\/05\/nedshotad-200x133.jpg 200w, https:\/\/kulturbloggen.com\/wp-content\/uploads\/2012\/05\/nedshotad-175x116.jpg 175w, https:\/\/kulturbloggen.com\/wp-content\/uploads\/2012\/05\/nedshotad-345x230.jpg 345w, https:\/\/kulturbloggen.com\/wp-content\/uploads\/2012\/05\/nedshotad-97x65.jpg 97w, https:\/\/kulturbloggen.com\/wp-content\/uploads\/2012\/05\/nedshotad-80x53.jpg 80w, https:\/\/kulturbloggen.com\/wp-content\/uploads\/2012\/05\/nedshotad-150x100.jpg 150w, https:\/\/kulturbloggen.com\/wp-content\/uploads\/2012\/05\/nedshotad-590x393.jpg 590w, https:\/\/kulturbloggen.com\/wp-content\/uploads\/2012\/05\/nedshotad-920x613.jpg 920w, https:\/\/kulturbloggen.com\/wp-content\/uploads\/2012\/05\/nedshotad.jpg 1200w\" sizes=\"auto, (max-width: 300px) 100vw, 300px\" \/><\/a>&#8221;Neds&#8221; har beskrivits som &#8221;en diskb\u00e4nksrealistisk k\u00e4ftsm\u00e4ll&#8221; och den har bel\u00f6nats med BAFTA f\u00f6r B\u00e4sta manus och B\u00e4sta regi. Utan tvekan \u00e4r det en stark film som jag tror ingen kan se utan att bli ber\u00f6rd. John \u00e4r inte n\u00e5gon \u00e4ngel, som tittare kan jag k\u00e4nna ilska mot honom redan i b\u00f6rjan n\u00e4r han l\u00e5ter sin bror misshandla den unge mannen som hotat honom. Samtidigt f\u00f6rst\u00e5r jag varf\u00f6r han g\u00f6r s\u00e5. Ur hans synvinkel \u00e4r det enda v\u00e4gen att g\u00e5. Vem av de vuxna skulle kunna skydda honom b\u00e4ttre?<\/p>\n<p>Filmens styrka ligger ocks\u00e5 i att John \u00e4r m\u00e4nsklig, han g\u00f6r dumheter, han tappar sugen &#8211; och \u00e4nd\u00e5 finns d\u00e4r lite hopp. D\u00e4r finns en kraft i honom som vill n\u00e5got mer.<\/p>\n<p><a href=\"http:\/\/kulturbloggen.com\/wp-content\/uploads\/2012\/05\/neds_Conor-McCarron.jpg\"><img loading=\"lazy\" decoding=\"async\" src=\"http:\/\/kulturbloggen.com\/wp-content\/uploads\/2012\/05\/neds_Conor-McCarron-300x225.jpg\" alt=\"\" title=\"neds_Conor-McCarron\" width=\"300\" height=\"225\" class=\"aligncenter size-medium wp-image-53952\" srcset=\"https:\/\/kulturbloggen.com\/wp-content\/uploads\/2012\/05\/neds_Conor-McCarron-300x225.jpg 300w, https:\/\/kulturbloggen.com\/wp-content\/uploads\/2012\/05\/neds_Conor-McCarron-200x150.jpg 200w, https:\/\/kulturbloggen.com\/wp-content\/uploads\/2012\/05\/neds_Conor-McCarron-175x131.jpg 175w, https:\/\/kulturbloggen.com\/wp-content\/uploads\/2012\/05\/neds_Conor-McCarron-306x230.jpg 306w, https:\/\/kulturbloggen.com\/wp-content\/uploads\/2012\/05\/neds_Conor-McCarron-86x65.jpg 86w, https:\/\/kulturbloggen.com\/wp-content\/uploads\/2012\/05\/neds_Conor-McCarron-80x60.jpg 80w, https:\/\/kulturbloggen.com\/wp-content\/uploads\/2012\/05\/neds_Conor-McCarron-150x112.jpg 150w, https:\/\/kulturbloggen.com\/wp-content\/uploads\/2012\/05\/neds_Conor-McCarron.jpg 400w\" sizes=\"auto, (max-width: 300px) 100vw, 300px\" \/><\/a><\/p>\n<p>L\u00e4s \u00e4ven andra bloggares \u00e5sikter om <a href=\"http:\/\/bloggar.se\/om\/film\" rel=\"tag\">film<\/a>, <a href=\"http:\/\/bloggar.se\/om\/Peter+Mullan\" rel=\"tag\">Peter Mullan<\/a>, <a href=\"http:\/\/bloggar.se\/om\/diskb%E4nksrealism\" rel=\"tag\">diskb\u00e4nksrealism<\/a>, <a href=\"http:\/\/bloggar.se\/om\/Glasgow\" rel=\"tag\">Glasgow<\/a>, <a href=\"http:\/\/bloggar.se\/om\/klassklyftor\" rel=\"tag\">klassklyftor<\/a>, <a href=\"http:\/\/bloggar.se\/om\/ungdomsg%E4ng\" rel=\"tag\">ungdomsg\u00e4ng<\/a>, <a href=\"http:\/\/bloggar.se\/om\/samh%E4lle\" rel=\"tag\">samh\u00e4lle<\/a><\/p>\n","protected":false},"excerpt":{"rendered":"<p>Titel: Neds Betyg 4 Sl\u00e4pps p\u00e5 dvd och bluray 9 maj 2012 &#8221;Neds&#8221; \u00e4r en h\u00e5rd skildring av klass-samh\u00e4llet och det n\u00e4stintill om\u00f6jliga att ta sig ur socialt utanf\u00f6rskap och \u00e4r skrivet och regisserat av den brittiske samh\u00e4llskritiske regiss\u00f6ren och sk\u00e5despelaren Peter Mullan som sj\u00e4lv spelar rollen som den f\u00f6rsupne v\u00e5ldsamma fadern. Handlingen utspelar sig [&hellip;]<\/p>\n","protected":false},"author":2,"featured_media":53949,"comment_status":"open","ping_status":"open","sticky":false,"template":"","format":"standard","meta":{"_genesis_hide_title":false,"_genesis_hide_breadcrumbs":false,"_genesis_hide_singular_image":false,"_genesis_hide_footer_widgets":false,"_genesis_custom_body_class":"","_genesis_custom_post_class":"","_genesis_layout":"","footnotes":""},"categories":[50,51,16,20],"tags":[7923,2013,2948,6905,4917,12286,7924],"class_list":{"0":"post-53926","1":"post","2":"type-post","3":"status-publish","4":"format-standard","5":"has-post-thumbnail","7":"category-filmfilm","8":"category-filmer","9":"category-recension","10":"category-film","11":"tag-diskbanksrealism","12":"tag-glasgow","13":"tag-klassklyftor","14":"tag-peter-mullan","15":"tag-samhalle","16":"tag-film","17":"tag-ungdomsgang","18":"entry"},"_links":{"self":[{"href":"https:\/\/kulturbloggen.com\/index.php?rest_route=\/wp\/v2\/posts\/53926","targetHints":{"allow":["GET"]}}],"collection":[{"href":"https:\/\/kulturbloggen.com\/index.php?rest_route=\/wp\/v2\/posts"}],"about":[{"href":"https:\/\/kulturbloggen.com\/index.php?rest_route=\/wp\/v2\/types\/post"}],"author":[{"embeddable":true,"href":"https:\/\/kulturbloggen.com\/index.php?rest_route=\/wp\/v2\/users\/2"}],"replies":[{"embeddable":true,"href":"https:\/\/kulturbloggen.com\/index.php?rest_route=%2Fwp%2Fv2%2Fcomments&post=53926"}],"version-history":[{"count":10,"href":"https:\/\/kulturbloggen.com\/index.php?rest_route=\/wp\/v2\/posts\/53926\/revisions"}],"predecessor-version":[{"id":53955,"href":"https:\/\/kulturbloggen.com\/index.php?rest_route=\/wp\/v2\/posts\/53926\/revisions\/53955"}],"wp:featuredmedia":[{"embeddable":true,"href":"https:\/\/kulturbloggen.com\/index.php?rest_route=\/wp\/v2\/media\/53949"}],"wp:attachment":[{"href":"https:\/\/kulturbloggen.com\/index.php?rest_route=%2Fwp%2Fv2%2Fmedia&parent=53926"}],"wp:term":[{"taxonomy":"category","embeddable":true,"href":"https:\/\/kulturbloggen.com\/index.php?rest_route=%2Fwp%2Fv2%2Fcategories&post=53926"},{"taxonomy":"post_tag","embeddable":true,"href":"https:\/\/kulturbloggen.com\/index.php?rest_route=%2Fwp%2Fv2%2Ftags&post=53926"}],"curies":[{"name":"wp","href":"https:\/\/api.w.org\/{rel}","templated":true}]}}