{"id":53922,"date":"2012-05-05T10:50:52","date_gmt":"2012-05-05T08:50:52","guid":{"rendered":"http:\/\/kulturbloggen.com\/?p=53922"},"modified":"2012-05-05T10:50:52","modified_gmt":"2012-05-05T08:50:52","slug":"recension-valfard-bortom-staten-och-kapitalet-civila-samhallets-narvaro-och-forutsattningar-i-valfarden","status":"publish","type":"post","link":"https:\/\/kulturbloggen.com\/?p=53922","title":{"rendered":"Recension: V\u00e4lf\u00e4rd bortom staten och kapitalet &#8211; Civila samh\u00e4llets n\u00e4rvaro och f\u00f6ruts\u00e4ttningar i v\u00e4lf\u00e4rden"},"content":{"rendered":"<p>Titel:<a href=\"http:\/\/www.sektor3.se\/2012\/05\/valfard-bortom-staten-och-kapitalet-2\/\"> V\u00e4lf\u00e4rd bortom staten och kapitalet &#8211;<br \/>\nCivila samh\u00e4llets n\u00e4rvaro och f\u00f6ruts\u00e4ttningar i v\u00e4lf\u00e4rden<\/a><br \/>\nF\u00f6rfattare:  Andreas Linderyd, Anna Ardin och Johanna Rickne<br \/>\nF\u00f6rlag: <a href=\"http:\/\/www.sektor3.se\/ \">Sektor3 \u2013 tankesmedjan f\u00f6r det civila samh\u00e4llet<\/a><br \/>\nGrafisk form: Rebecka Andersen<br \/>\nOmslag: Rebecka Andersen<br \/>\nStockholm, 2012<\/p>\n<p>Tankesmedjan Sektor Tre har gett ut en bok som diskuterar den ideella sektorns roll som utf\u00f6rare av v\u00e4lf\u00e4rdstj\u00e4nster. Jag vill po\u00e4ngtera att detta \u00e4r ingen neutral studie, utan en partsinlaga gjord av en organisation som vill se mer inslag av den ideella sektorn i v\u00e4lf\u00e4rden. L\u00e4s g\u00e4rna f\u00f6rfattarnas debattartikel i Svenska Dagbladet.<\/p>\n<p>Boken inleds med en grundlig genomg\u00e5ng av den ideella sektorn. Definitioner preciseringar och syfte. Det m\u00e4rks att f\u00f6rfattarna  \u00e4r akademiker. Formen \u00e4r mer den akademiska uppsatsen \u00e4n den klassiska debattbokens. Boken \u00e4r dock l\u00e4ttl\u00e4st och ger en bra grund f\u00f6r den som \u00e4r nyb\u00f6rjare i \u00e4mnet.<br \/>\nJag vill g\u00f6ra tv\u00e5 observationer.<\/p>\n<p>F\u00f6rfattarna redog\u00f6r f\u00f6r associationsformer, men inte \u00e4garf\u00f6rh\u00e5llandena, vilket jag anser \u00e4r en brist. Aktiebolagsformen \u00e4r trots allt bara en associationsform, inte ett ideologiskt st\u00e4llningstagande. Om en ideell akt\u00f6r v\u00e4ljer att bilda ett hel\u00e4gt AB, enbart f\u00f6r att den  associationsformen helt enkelt \u00e4r mer praktisk, \u00e4r det inte samma sak som att just detta AB m\u00e5ste vinstmaximera. \u00c4garna skriver bolagsordningen, \u00e4garna best\u00e4mmer hur verksamheten ska styras.<\/p>\n<p>Om det \u00e4r s\u00e5 att den ideella sektorn anser att det \u00e4r opraktiskt att \u00e4ga och driva en f\u00f6rskola inon den ideella f\u00f6reningens ram \u00e4r det mer effektivt att starta ett hel\u00e4gt AB \u00e4n att v\u00e4nta p\u00e5 en lag\u00e4ndring.<br \/>\nDet \u00e4r synd att f\u00f6rfattarna avst\u00e5r fr\u00e5n att problematisera frivilliga insatser i ett generellt v\u00e4lf\u00e4rdssystem. V\u00e5r v\u00e4lf\u00e4rd bygger p\u00e5 att medborgarna har av lag garanterade r\u00e4ttigheter. Vad h\u00e4nder om delar av dessa r\u00e4ttigheter f\u00f6rv\u00e4ntas utf\u00f6ras av frivilliga krafter?<\/p>\n<p>S\u00e5 l\u00e4nge som den frivilliga arbetskraften \u00e4r stor. Kompetent och villig g\u00e5r det bra, men vad h\u00e4nder den dag d\u00e5 de frivilligas skara glesnar? Kommer den otrevlige och besv\u00e4rliges r\u00e4ttigheter att urholkas, eftersom de frivilla f\u00f6redrar att hj\u00e4lpa trevliga personer?<\/p>\n<p>De n\u00e4mner \u00e4ven personal som utf\u00f6r obetalt arbete, utan att problematisera det.<br \/>\nJag anser att det finns mer i \u00e4mnet som beh\u00f6ver penetreras, men det kanske kommer en uppf\u00f6ljare.<\/p>\n<p><strong>Text: Peter Johansson<\/strong><\/p>\n<p>L\u00e4s \u00e4ven andra bloggares \u00e5sikter om <a href=\"http:\/\/bloggar.se\/om\/bok\" rel=\"tag\">bok<\/a>, <a href=\"http:\/\/bloggar.se\/om\/v%E4lf%E4rd\" rel=\"tag\">v\u00e4lf\u00e4rd<\/a>, <a href=\"http:\/\/bloggar.se\/om\/bokrecension\" rel=\"tag\">bokrecension<\/a><\/p>\n","protected":false},"excerpt":{"rendered":"<p>Titel: V\u00e4lf\u00e4rd bortom staten och kapitalet &#8211; Civila samh\u00e4llets n\u00e4rvaro och f\u00f6ruts\u00e4ttningar i v\u00e4lf\u00e4rden F\u00f6rfattare: Andreas Linderyd, Anna Ardin och Johanna Rickne F\u00f6rlag: Sektor3 \u2013 tankesmedjan f\u00f6r det civila samh\u00e4llet Grafisk form: Rebecka Andersen Omslag: Rebecka Andersen Stockholm, 2012 Tankesmedjan Sektor Tre har gett ut en bok som diskuterar den ideella sektorns roll som utf\u00f6rare [&hellip;]<\/p>\n","protected":false},"author":13,"featured_media":53923,"comment_status":"open","ping_status":"open","sticky":false,"template":"","format":"standard","meta":{"_genesis_hide_title":false,"_genesis_hide_breadcrumbs":false,"_genesis_hide_singular_image":false,"_genesis_hide_footer_widgets":false,"_genesis_custom_body_class":"","_genesis_custom_post_class":"","_genesis_layout":"","footnotes":""},"categories":[43,3,16],"tags":[12280,788,6305],"class_list":{"0":"post-53922","1":"post","2":"type-post","3":"status-publish","4":"format-standard","5":"has-post-thumbnail","7":"category-bokrecension","8":"category-litteratur","9":"category-recension","10":"tag-litteratur","11":"tag-bokrecension-2","12":"tag-valfard","13":"entry"},"_links":{"self":[{"href":"https:\/\/kulturbloggen.com\/index.php?rest_route=\/wp\/v2\/posts\/53922","targetHints":{"allow":["GET"]}}],"collection":[{"href":"https:\/\/kulturbloggen.com\/index.php?rest_route=\/wp\/v2\/posts"}],"about":[{"href":"https:\/\/kulturbloggen.com\/index.php?rest_route=\/wp\/v2\/types\/post"}],"author":[{"embeddable":true,"href":"https:\/\/kulturbloggen.com\/index.php?rest_route=\/wp\/v2\/users\/13"}],"replies":[{"embeddable":true,"href":"https:\/\/kulturbloggen.com\/index.php?rest_route=%2Fwp%2Fv2%2Fcomments&post=53922"}],"version-history":[{"count":1,"href":"https:\/\/kulturbloggen.com\/index.php?rest_route=\/wp\/v2\/posts\/53922\/revisions"}],"predecessor-version":[{"id":53924,"href":"https:\/\/kulturbloggen.com\/index.php?rest_route=\/wp\/v2\/posts\/53922\/revisions\/53924"}],"wp:featuredmedia":[{"embeddable":true,"href":"https:\/\/kulturbloggen.com\/index.php?rest_route=\/wp\/v2\/media\/53923"}],"wp:attachment":[{"href":"https:\/\/kulturbloggen.com\/index.php?rest_route=%2Fwp%2Fv2%2Fmedia&parent=53922"}],"wp:term":[{"taxonomy":"category","embeddable":true,"href":"https:\/\/kulturbloggen.com\/index.php?rest_route=%2Fwp%2Fv2%2Fcategories&post=53922"},{"taxonomy":"post_tag","embeddable":true,"href":"https:\/\/kulturbloggen.com\/index.php?rest_route=%2Fwp%2Fv2%2Ftags&post=53922"}],"curies":[{"name":"wp","href":"https:\/\/api.w.org\/{rel}","templated":true}]}}