{"id":537,"date":"2008-07-12T07:00:26","date_gmt":"2008-07-12T07:00:26","guid":{"rendered":"http:\/\/kulturbloggen.com\/?p=537"},"modified":"2008-07-12T07:00:26","modified_gmt":"2008-07-12T07:00:26","slug":"bloggare-far-ta-over-expressens-kultursida","status":"publish","type":"post","link":"https:\/\/kulturbloggen.com\/?p=537","title":{"rendered":"Bloggare f\u00e5r ta \u00f6ver Expressens Kultursida"},"content":{"rendered":"<p><a href=\"http:\/\/sodergren.com\/kulturbloggen\/wp-content\/uploads\/2008\/07\/expressenkultur300.jpg\"><img loading=\"lazy\" decoding=\"async\" class=\"alignright size-full wp-image-538\" title=\"expressenkultur300\" src=\"http:\/\/sodergren.com\/kulturbloggen\/wp-content\/uploads\/2008\/07\/expressenkultur300.jpg\" alt=\"\" width=\"300\" height=\"403\" \/><\/a><\/p>\n<blockquote><p>Expressen Kultur l\u00e5ter i sommar tre n\u00e4tkollektiv visa oss hur en modern kultursida b\u00f6r redigeras.<\/p><\/blockquote>\n<p><a href=\"http:\/\/www.expressen.se\/kultur\/1.1227718\/sa-redigeras-en-modern-kutursida\">Fr\u00e5n Expressen Kultur<\/a> som l\u00e5ter n\u00e4taktiva grupper g\u00f6ra kultursidan i sommar.<\/p>\n<p>F\u00f6rst ut var Weird Science, <a href=\"http:\/\/extra.expressen.se\/pdf\/weirdscience.pdf\">h\u00e4r kan du h\u00e4mta deras uppslag som pdf<\/a>.<\/p>\n<p><a href=\"http:\/\/www.resume.se\/nyheter\/2008\/07\/11\/expressen-ger-bort-kulturs\/index.xml\">Till Resum\u00e9 f\u00f6rklarar Bj\u00f6rn af Kleen, vikarierande kulturredakt\u00f6r p\u00e5 Expressen:<\/a><\/p>\n<blockquote><p>\u2013 Det finns idag en ganska stark kritik bland bloggare och andra till hur journalistik g\u00f6rs p\u00e5 dagstidningar. Det h\u00e4r \u00e4r ett experiment d\u00e4r vi bjuder in n\u00e5gra av kritikerna och l\u00e5ter dem jobba under samma f\u00f6ruts\u00e4ttningar.<\/p><\/blockquote>\n<p>Sp\u00e4nnande och intressant, men \u00e4nd\u00e5: vad s\u00e4ger att det ett n\u00e4tkollektiv g\u00f6r \u00e4r mer modernt?<\/p>\n<p>N\u00e4r jag \u00f6gnar igenom resultatet av det f\u00f6rsta g\u00e4nget ser jag en r\u00e4tt juste redigerad kultursida med ungef\u00e4r det inneh\u00e5ll och den design som flera kultursidor har. Men det \u00e4r mitt intryck utan att ha tr\u00e4ngt in p\u00e5 djupet.<\/p>\n<p>Det har varit mer intressant om Expressen hade bjudit in bloggare genom att anv\u00e4nda Twinglyfunktionen eller n\u00e5got liknande och l\u00e5tit bloggl\u00e4nkar synas vid alla artiklar. Det hade varit intressant om Expressen hade v\u00e5gat l\u00e5ta bes\u00f6kare kommentera artiklar och \u00f6ppna upp f\u00f6r mer interaktion.<br \/>\nAndra bloggar om: <a href=\"http:\/\/bloggar.se\/om\/kultursidor\" rel=\"tag\">kultursidor<\/a>, <a href=\"http:\/\/bloggar.se\/om\/Expressen\" rel=\"tag\">Expressen<\/a>, <a href=\"http:\/\/bloggar.se\/om\/Expressen+kultur\" rel=\"tag\">Expressen kultur<\/a>, <a href=\"http:\/\/bloggar.se\/om\/medier\" rel=\"tag\">medier<\/a>, <a href=\"http:\/\/bloggar.se\/om\/interaktivitet\" rel=\"tag\">interaktivitet<\/a>, <a href=\"http:\/\/bloggar.se\/om\/Weird+Science\" rel=\"tag\">Weird Science<\/a><\/p>\n","protected":false},"excerpt":{"rendered":"<p>Expressen Kultur l\u00e5ter i sommar tre n\u00e4tkollektiv visa oss hur en modern kultursida b\u00f6r redigeras. Fr\u00e5n Expressen Kultur som l\u00e5ter n\u00e4taktiva grupper g\u00f6ra kultursidan i sommar. F\u00f6rst ut var Weird Science, h\u00e4r kan du h\u00e4mta deras uppslag som pdf. Till Resum\u00e9 f\u00f6rklarar Bj\u00f6rn af Kleen, vikarierande kulturredakt\u00f6r p\u00e5 Expressen: \u2013 Det finns idag en ganska [&hellip;]<\/p>\n","protected":false},"author":2,"featured_media":0,"comment_status":"open","ping_status":"open","sticky":false,"template":"","format":"standard","meta":{"_genesis_hide_title":false,"_genesis_hide_breadcrumbs":false,"_genesis_hide_singular_image":false,"_genesis_hide_footer_widgets":false,"_genesis_custom_body_class":"","_genesis_custom_post_class":"","_genesis_layout":"","footnotes":""},"categories":[20],"tags":[1620,3114],"class_list":{"0":"post-537","1":"post","2":"type-post","3":"status-publish","4":"format-standard","6":"category-film","7":"tag-expressen","8":"tag-kultursidor","9":"entry"},"_links":{"self":[{"href":"https:\/\/kulturbloggen.com\/index.php?rest_route=\/wp\/v2\/posts\/537","targetHints":{"allow":["GET"]}}],"collection":[{"href":"https:\/\/kulturbloggen.com\/index.php?rest_route=\/wp\/v2\/posts"}],"about":[{"href":"https:\/\/kulturbloggen.com\/index.php?rest_route=\/wp\/v2\/types\/post"}],"author":[{"embeddable":true,"href":"https:\/\/kulturbloggen.com\/index.php?rest_route=\/wp\/v2\/users\/2"}],"replies":[{"embeddable":true,"href":"https:\/\/kulturbloggen.com\/index.php?rest_route=%2Fwp%2Fv2%2Fcomments&post=537"}],"version-history":[{"count":0,"href":"https:\/\/kulturbloggen.com\/index.php?rest_route=\/wp\/v2\/posts\/537\/revisions"}],"wp:attachment":[{"href":"https:\/\/kulturbloggen.com\/index.php?rest_route=%2Fwp%2Fv2%2Fmedia&parent=537"}],"wp:term":[{"taxonomy":"category","embeddable":true,"href":"https:\/\/kulturbloggen.com\/index.php?rest_route=%2Fwp%2Fv2%2Fcategories&post=537"},{"taxonomy":"post_tag","embeddable":true,"href":"https:\/\/kulturbloggen.com\/index.php?rest_route=%2Fwp%2Fv2%2Ftags&post=537"}],"curies":[{"name":"wp","href":"https:\/\/api.w.org\/{rel}","templated":true}]}}