{"id":53417,"date":"2012-04-25T10:25:02","date_gmt":"2012-04-25T08:25:02","guid":{"rendered":"http:\/\/kulturbloggen.com\/?p=53417"},"modified":"2012-04-25T10:25:02","modified_gmt":"2012-04-25T08:25:02","slug":"patrick-wolf-deportees-little-dragon-med-flera-klara-till-popaganda-2012","status":"publish","type":"post","link":"https:\/\/kulturbloggen.com\/?p=53417","title":{"rendered":"Patrick Wolf, Deportees, Little Dragon med flera klara till Popaganda 2012"},"content":{"rendered":"<p>Ingen festivalintresserad har v\u00e4l missat att den underbara musikfestivalen p\u00e5 Eriksdalsbadet i Stockholm \u00e5terkommer i augusti. <strong><a href=\"http:\/\/www.popaganda.se\">Popaganda 2012<\/a<\/strong>> arrangeras 24-25 augusti. Nu har de flesta artistsl\u00e4ppen avsl\u00f6jats. Ett pressmeddelande ber\u00e4ttar:<\/p>\n<p>Tidpunkten \u00e4r nu april 2012, och det betyder att det \u00e4r dags att presentera de f\u00f6rsta klara banden till den nu tio\u00e5rsjubilerande festivalen. Bokade och klara f\u00f6r Eriksdalsbadets utomhusomr\u00e5de 24-25 augusti \u00e4r inga mindre \u00e4n: <\/p>\n<p>Patrick Wolf, Deportees, Little Dragon, Hooray For Earth, Love Antell och Vulkano. <\/p>\n<p>Under v\u00e5ren och sommaren kommer vi att presentera ytterligare 14 band till Eriksdalsbadets tv\u00e5 scener. Det kan bli precis hur bra som helst. <\/p>\n<p>Som alltid serveras popkavalkaden med m\u00f6jlighet till bad och lek i utomhuspool, med bara n\u00e5gra f\u00e5 minuters g\u00e5ngavst\u00e5nd till innerstaden. Med tio \u00e5rs erfarenhet kan vi ocks\u00e5 garantera att st\u00e4mningen kommer vara all over the place. <\/p>\n<p>L\u00e4s \u00e4ven andra bloggares \u00e5sikter om <a href=\"http:\/\/bloggar.se\/om\/Popaganda\" rel=\"tag\">Popaganda<\/a>, <a href=\"http:\/\/bloggar.se\/om\/Deportees\" rel=\"tag\">Deportees<\/a>, <a href=\"http:\/\/bloggar.se\/om\/Love+Antell\" rel=\"tag\">Love Antell<\/a><\/p>\n","protected":false},"excerpt":{"rendered":"<p>Ingen festivalintresserad har v\u00e4l missat att den underbara musikfestivalen p\u00e5 Eriksdalsbadet i Stockholm \u00e5terkommer i augusti. Popaganda 2012 arrangeras 24-25 augusti. Nu har de flesta artistsl\u00e4ppen avsl\u00f6jats. Ett pressmeddelande ber\u00e4ttar: Tidpunkten \u00e4r nu april 2012, och det betyder att det \u00e4r dags att presentera de f\u00f6rsta klara banden till den nu tio\u00e5rsjubilerande festivalen. Bokade och [&hellip;]<\/p>\n","protected":false},"author":13,"featured_media":53418,"comment_status":"open","ping_status":"open","sticky":false,"template":"","format":"standard","meta":{"_genesis_hide_title":false,"_genesis_hide_breadcrumbs":false,"_genesis_hide_singular_image":false,"_genesis_hide_footer_widgets":false,"_genesis_custom_body_class":"","_genesis_custom_post_class":"","_genesis_layout":"","footnotes":""},"categories":[7],"tags":[1236,3364,4430],"class_list":{"0":"post-53417","1":"post","2":"type-post","3":"status-publish","4":"format-standard","5":"has-post-thumbnail","7":"category-musik","8":"tag-deportees","9":"tag-love-antell","10":"tag-popaganda","11":"entry"},"_links":{"self":[{"href":"https:\/\/kulturbloggen.com\/index.php?rest_route=\/wp\/v2\/posts\/53417","targetHints":{"allow":["GET"]}}],"collection":[{"href":"https:\/\/kulturbloggen.com\/index.php?rest_route=\/wp\/v2\/posts"}],"about":[{"href":"https:\/\/kulturbloggen.com\/index.php?rest_route=\/wp\/v2\/types\/post"}],"author":[{"embeddable":true,"href":"https:\/\/kulturbloggen.com\/index.php?rest_route=\/wp\/v2\/users\/13"}],"replies":[{"embeddable":true,"href":"https:\/\/kulturbloggen.com\/index.php?rest_route=%2Fwp%2Fv2%2Fcomments&post=53417"}],"version-history":[{"count":1,"href":"https:\/\/kulturbloggen.com\/index.php?rest_route=\/wp\/v2\/posts\/53417\/revisions"}],"predecessor-version":[{"id":53419,"href":"https:\/\/kulturbloggen.com\/index.php?rest_route=\/wp\/v2\/posts\/53417\/revisions\/53419"}],"wp:featuredmedia":[{"embeddable":true,"href":"https:\/\/kulturbloggen.com\/index.php?rest_route=\/wp\/v2\/media\/53418"}],"wp:attachment":[{"href":"https:\/\/kulturbloggen.com\/index.php?rest_route=%2Fwp%2Fv2%2Fmedia&parent=53417"}],"wp:term":[{"taxonomy":"category","embeddable":true,"href":"https:\/\/kulturbloggen.com\/index.php?rest_route=%2Fwp%2Fv2%2Fcategories&post=53417"},{"taxonomy":"post_tag","embeddable":true,"href":"https:\/\/kulturbloggen.com\/index.php?rest_route=%2Fwp%2Fv2%2Ftags&post=53417"}],"curies":[{"name":"wp","href":"https:\/\/api.w.org\/{rel}","templated":true}]}}