{"id":53405,"date":"2012-04-24T21:43:40","date_gmt":"2012-04-24T19:43:40","guid":{"rendered":"http:\/\/kulturbloggen.com\/?p=53405"},"modified":"2012-04-24T21:51:48","modified_gmt":"2012-04-24T19:51:48","slug":"kulturbloggen-moter-kent","status":"publish","type":"post","link":"https:\/\/kulturbloggen.com\/?p=53405","title":{"rendered":"Kulturbloggen m\u00f6ter Kent"},"content":{"rendered":"<p>I november f\u00f6rra \u00e5ret \u00e5kte Kent till Studios la Fabrique i Saint R\u00e9my de Provence f\u00f6r att spela in sitt tionde studioalbum <em>Jag \u00e4r inte r\u00e4dd f\u00f6r m\u00f6rkret<\/em>. Resultatet blev bandets mest l\u00e5torienterade skiva sedan <em>Du och jag d\u00f6den<\/em>. Inf\u00f6r sl\u00e4ppet kallade Sveriges mest &#8221;mediefientliga&#8221; band in till presskonferens p\u00e5 Berns i Stockholm.<\/p>\n<p>Efter tre skivor som g\u00e5tt i en mer elektronisk linje, d\u00e4r ljudet f\u00e5tt st\u00e5 i fokus, \u00e4r <em>Jag \u00e4r inte r\u00e4dd f\u00f6r m\u00f6rkret<\/em> en mer l\u00e5torienterad historia. Skivans tio l\u00e5tar spelades in p\u00e5 sjutton dagar och processen beskrivs av Martin Sk\u00f6ld, bandets basist, som den l\u00e4ttaste inspelningen de gjort.<\/p>\n<p>Kent \u00e4r inte bara aktuella med den nya skivan som sl\u00e4pps den 25:e april. I maj sl\u00e4pper Kent \u00e4ven tre egna viner i samarbete med den italienska producenten Tua Rita. Vinserien kallas Kent Edizione och omfattar ett r\u00f6tt bordsvin, ett b\u00e4ttre vitt och ett r\u00f6t prestigevin. I samma veva ges trekilosboken <em>Kent Waldersten &#8211; L\u00e4gg er inte i!<\/em>, som \u00e4r ett samarbete med illustrat\u00f6ren Jesper Waldersten, ut.<\/p>\n<p>Det st\u00e4lls en hel del fr\u00e5gor om vad olika l\u00e5tar handlar om, m\u00e5nga tycker sig till exempel kunna se ett samband mellan n\u00e5gra rader ur <em>999<\/em> och Jocke Bergs stigande \u00e5lder, men svaren f\u00f6rblir kryptiska.<\/p>\n<p>&#8211; N\u00e4r man pratar om texter f\u00f6rringar man dem. Texten finns ju redan d\u00e4r, det finns egentligen inget mer jag kan s\u00e4ga om den, s\u00e4ger Jocke Berg.<\/p>\n<p>Vi f\u00e5r veta att <em>999<\/em> inneh\u00e5ller ett uns av sj\u00e4lvbiografi men att det till stor del handlade om att f\u00e5 texten att passa in i melodin.<\/p>\n<p>&#8211; <em>999<\/em> tillkom under ett rep. Det var faktiskt en av de sista l\u00e5tarna vi skrev innan vi p\u00e5b\u00f6rjade inspelningen. Sami hade en gitarrslinga och jag b\u00f6rjade sjunga \u00f6ver den, ber\u00e4ttar Jocke Berg.<\/p>\n<p>Under 2006 d\u00f6df\u00f6rklarades <em>Kr\u00e4m<\/em>, en av bandets mest \u00e4lskade l\u00e5tar, men nu \u00f6ppnar bandet f\u00f6r att l\u00e5ten kan komma att \u00e5terupplivas.<\/p>\n<p>&#8211; F\u00f6rut n\u00e4r vi spelade den p\u00e5 varenda j\u00e4vla spelning blev den tradig men nu har jag b\u00f6rjat gilla den igen, s\u00e4ger Martin Sk\u00f6ld.<\/p>\n<p>Under v\u00e5ren ger Kent en rad exklusiva gig p\u00e5 f\u00f6ljande st\u00e4llen:<\/p>\n<p>24 maj K\u00f6penhamn, Vega<br \/>\n25 maj Oslo, Rockefeller<br \/>\n26 maj Stockholm, Cirkus<br \/>\n30 maj G\u00f6teborg, Tr\u00e4dg\u00e5r&#8217;n<br \/>\n31 maj Eskilstuna, Lokomotivet<br \/>\n2 juni Malm\u00f6, KB<\/p>\n<p><iframe loading=\"lazy\" width=\"560\" height=\"315\" src=\"http:\/\/www.youtube.com\/embed\/VB12iCO8MkU\" frameborder=\"0\" allowfullscreen><\/iframe><\/p>\n<p>Foto: Emma Andersson<\/p>\n","protected":false},"excerpt":{"rendered":"<p>I november f\u00f6rra \u00e5ret \u00e5kte Kent till Studios la Fabrique i Saint R\u00e9my de Provence f\u00f6r att spela in sitt tionde studioalbum Jag \u00e4r inte r\u00e4dd f\u00f6r m\u00f6rkret. Resultatet blev bandets mest l\u00e5torienterade skiva sedan Du och jag d\u00f6den. Inf\u00f6r sl\u00e4ppet kallade Sveriges mest &#8221;mediefientliga&#8221; band in till presskonferens p\u00e5 Berns i Stockholm. Efter tre [&hellip;]<\/p>\n","protected":false},"author":3,"featured_media":53406,"comment_status":"open","ping_status":"open","sticky":false,"template":"","format":"standard","meta":{"_genesis_hide_title":false,"_genesis_hide_breadcrumbs":false,"_genesis_hide_singular_image":false,"_genesis_hide_footer_widgets":false,"_genesis_custom_body_class":"","_genesis_custom_post_class":"","_genesis_layout":"","footnotes":""},"categories":[5,7],"tags":[7677,7866,2688,2909],"class_list":{"0":"post-53405","1":"post","2":"type-post","3":"status-publish","4":"format-standard","5":"has-post-thumbnail","7":"category-intervju","8":"category-musik","9":"tag-7677","10":"tag-jag-ar-inte-radd-for-morkret","11":"tag-jocke-berg","12":"tag-kent","13":"entry"},"_links":{"self":[{"href":"https:\/\/kulturbloggen.com\/index.php?rest_route=\/wp\/v2\/posts\/53405","targetHints":{"allow":["GET"]}}],"collection":[{"href":"https:\/\/kulturbloggen.com\/index.php?rest_route=\/wp\/v2\/posts"}],"about":[{"href":"https:\/\/kulturbloggen.com\/index.php?rest_route=\/wp\/v2\/types\/post"}],"author":[{"embeddable":true,"href":"https:\/\/kulturbloggen.com\/index.php?rest_route=\/wp\/v2\/users\/3"}],"replies":[{"embeddable":true,"href":"https:\/\/kulturbloggen.com\/index.php?rest_route=%2Fwp%2Fv2%2Fcomments&post=53405"}],"version-history":[{"count":2,"href":"https:\/\/kulturbloggen.com\/index.php?rest_route=\/wp\/v2\/posts\/53405\/revisions"}],"predecessor-version":[{"id":53408,"href":"https:\/\/kulturbloggen.com\/index.php?rest_route=\/wp\/v2\/posts\/53405\/revisions\/53408"}],"wp:featuredmedia":[{"embeddable":true,"href":"https:\/\/kulturbloggen.com\/index.php?rest_route=\/wp\/v2\/media\/53406"}],"wp:attachment":[{"href":"https:\/\/kulturbloggen.com\/index.php?rest_route=%2Fwp%2Fv2%2Fmedia&parent=53405"}],"wp:term":[{"taxonomy":"category","embeddable":true,"href":"https:\/\/kulturbloggen.com\/index.php?rest_route=%2Fwp%2Fv2%2Fcategories&post=53405"},{"taxonomy":"post_tag","embeddable":true,"href":"https:\/\/kulturbloggen.com\/index.php?rest_route=%2Fwp%2Fv2%2Ftags&post=53405"}],"curies":[{"name":"wp","href":"https:\/\/api.w.org\/{rel}","templated":true}]}}