{"id":534,"date":"2008-07-12T06:33:07","date_gmt":"2008-07-12T06:33:07","guid":{"rendered":"http:\/\/kulturbloggen.com\/?p=534"},"modified":"2012-02-09T23:05:14","modified_gmt":"2012-02-09T22:05:14","slug":"mannens-strid-mot-alderns-tecken-lemmy-ron-wood-och-lars-ohly","status":"publish","type":"post","link":"https:\/\/kulturbloggen.com\/?p=534","title":{"rendered":"M\u00e4nnens strid mot \u00e5lderns tecken (Lemmy, Ron Wood och Lars Ohly)"},"content":{"rendered":"<p>Ig\u00e5r kv\u00e4ll s\u00e5g jag Lemmy i Mot\u00f6rhead spela live. Allts\u00e5 via tv:n. Det var MTV 2 som s\u00e4nde Tysklands st\u00f6rsta rockfestival Rock Am Ring.<\/p>\n<p>Chemical Romance, Linkin Park och Kid Rock var n\u00e5gra andra som MTV 2 visade fr\u00e5n deras spelningar.<\/p>\n<p>Men n\u00e4r Lemmy och Mot\u00f6rhead spelade s\u00e5g det verkligen inte fr\u00e4scht ut, det var gamla gubbar som inte l\u00e4ngre \u00f6verlevt sig sj\u00e4lva. S\u00e5 n\u00e4r de spelade passade vi p\u00e5 att fylla p\u00e5 glasen och g\u00e5 p\u00e5 toa.<\/p>\n<p>Det \u00e4r lite tragiskt men en del klarar inte av att \u00e5ldras med behag, precis, av de d\u00e4r gigantiska storstj\u00e4rnorna. <a href=\"http:\/\/www.aftonbladet.se\/nojesliv\/musik\/article2888046.ab\">Aftonbladet ber\u00e4ttar<\/a> om att Lemmy haft den d\u00e5liga smaken att g\u00e5 kl\u00e4dd i hatt med en nazist-symbol p\u00e5 n\u00e4r han blev fotograferad f\u00f6r en tysk tidning:<\/p>\n<blockquote><p>\u2013 \u00c4nda sedan begynnelsen har elakingarna alltid haft de snyggaste uniformerna, exempelvis Napoleon och nazisterna. De hade skith\u00e4ftiga uniformer. SS-uniformen \u00e4r ju briljant! De var den tidens rockstj\u00e4rnor, kommenterade Lemmy sin besatthet av nazi-Tyskland i en f\u00e4rsk intervju enligt Female First.<\/p><\/blockquote>\n<p>Okey, kl\u00e4der \u00e4r bara kl\u00e4der och det som \u00e4r viktigt \u00e4r vad som finns d\u00e4runder, hurdan m\u00e4nniskan \u00e4r. Men att ha p\u00e5 sig nazisymboler i Tyskland \u00e4r v\u00e4l \u00e4nd\u00e5 lite osmakligt?<\/p>\n<p>En annan stj\u00e4rna som verkar flippat ut 61:\u00e5rige Ron Woods fr\u00e5n Rolling Stones som nu l\u00e4mnat sin fru f\u00f6r en 18-\u00e5rig tjej. Han kunde ju varit hennes farfar, <a href=\"http:\/\/www.aftonbladet.se\/nojesliv\/klick\/article2881256.ab\">ocks\u00e5 fr\u00e5n Aftonbladet:<\/a><\/p>\n<blockquote><p>Rolling Stones-stj\u00e4rnan har l\u00e4mnat sin fru Jo Wood, som han varit gift med i 23 \u00e5r, f\u00f6r en 18-\u00e5rig servitris skull.<\/p>\n<p>Det ska Ekaterina Ivanova sj\u00e4lv ha sagt till sina v\u00e4nner. Ronnie Wood tr\u00e4ffade 18-\u00e5ringen p\u00e5 en fest och tog sedan med henne till Irland.<\/p><\/blockquote>\n<p><a href=\"http:\/\/www.text.nu\/nyheter-trender\/bild-sa-ser-hon-ut-ekaterina-ivanova-ron-woods-nya-dejt.html\">Jack Hansen har en bild p\u00e5 Rons flickv\u00e4n.<\/a><\/p>\n<p>Okey, k\u00e4rleken kanske \u00e4r blind. Man ska inte d\u00f6ma andra. Men det m\u00e5ste k\u00e4nnas lite tr\u00e5kigt f\u00f6r Rons barn. Utifr\u00e5n, utan att k\u00e4nna Ron Wood eller ha tr\u00e4ffat honom, ser det ut som ett desperat f\u00f6rs\u00f6k att inte inse att tiden g\u00e5r och att han \u00e5ldras. Att liksom inte acceptera sin \u00e5lder.<\/p>\n<p>Men nu ska jag avsluta med det tredje skvallret f\u00f6r idag: v\u00e4nsterledaren Lars Ohly klarar sig ju inte s\u00e5 bra i opinionsunders\u00f6kningar, men han verkar ha tagit tag i sitt liv f\u00f6r egen del och har slutat r\u00f6ka och skaffat hund.<\/p>\n<blockquote><p>Ohly lovade fimpa efter valet. Det gjorde han ocks\u00e5, men inte utan besv\u00e4r. Enligt uppgifter till Politikerbloggen gick v\u00e4nsterledaren upp tio kilo och blev dessutom ilsk.<\/p>\n<p>\u2013 Han har genomg\u00e5tt en stor personlighetsf\u00f6r\u00e4ndring, sa en k\u00e4lla till bloggen.<\/p>\n<p>Han b\u00f6rjade tr\u00e4na och f\u00f6rs\u00f6kte dra av Friskis &#038; Svettis-avgiften p\u00e5 skatten. Skatteverket sa nej. <\/p><\/blockquote>\n<p>(<a href=\"http:\/\/www.aftonbladet.se\/nyheter\/article2818220.ab\">Fr\u00e5n AB<\/a>)<\/p>\n<p>Jag tycker det var lite kul att han f\u00f6rs\u00f6kte dra av avgiften f\u00f6r Friskis &#038; Svettis p\u00e5 skatten. Det s\u00e4ger mig att h\u00f6g skatt inte alltid \u00e4r s\u00e5 d\u00e4r j\u00e4tteh\u00e4ftigt, eller att politiker kanske borde fundera lite p\u00e5 om de borde l\u00e4ra ut s\u00e5dant de inte sj\u00e4lva lever.<\/p>\n<p>H\u00e4r \u00e4r ett filmklipp med Mot\u00f6rheads spelning p\u00e5 festivalen Rock Am Ring i \u00e5r:<\/p>\n<p><embed src=\"http:\/\/www.youtube.com\/v\/0vY09amat6U&#038;hl=en&#038;fs=1\" type=\"application\/x-shockwave-flash\" allowfullscreen=\"true\" width=\"425\" height=\"344\"><\/embed><\/p>\n<p>Ron Wood n\u00e5gra \u00e5r yngre \u00e4n nu:<\/p>\n<p><embed src=\"http:\/\/www.youtube.com\/v\/Fkn5nr_84pA&#038;hl=en&#038;fs=1\" type=\"application\/x-shockwave-flash\" allowfullscreen=\"true\" width=\"425\" height=\"344\"><\/embed><\/p>\n<p>Lars Ohly lyfter fingret<\/p>\n<p><embed src=\"http:\/\/www.youtube.com\/v\/CjmLgUYS0H0&#038;hl=en&#038;fs=1\" type=\"application\/x-shockwave-flash\" allowfullscreen=\"true\" width=\"425\" height=\"344\"><\/embed><\/p>\n<p>Andra bloggar om: <a href=\"http:\/\/bloggar.se\/om\/video\" rel=\"tag\">video<\/a>, <a href=\"http:\/\/bloggar.se\/om\/musikfestival\" rel=\"tag\">musikfestival<\/a>, <a href=\"http:\/\/bloggar.se\/om\/tv\" rel=\"tag\">tv<\/a>, <a href=\"http:\/\/bloggar.se\/om\/Rock+am+Ring\" rel=\"tag\">Rock am Ring<\/a>, <a href=\"http:\/\/bloggar.se\/om\/Ron+Wood\" rel=\"tag\">Ron Wood<\/a>, <a href=\"http:\/\/bloggar.se\/om\/Lemmy\" rel=\"tag\">Lemmy<\/a>, <a href=\"http:\/\/bloggar.se\/om\/Mot%F6rhead\" rel=\"tag\">Mot\u00f6rhead<\/a>, <a href=\"http:\/\/bloggar.se\/om\/Lars+Ohly\" rel=\"tag\">Lars Ohly<\/a>, <a href=\"http:\/\/bloggar.se\/om\/fimpa\" rel=\"tag\">fimpa<\/a>, <a href=\"http:\/\/bloggar.se\/om\/Friskis+%26+Svettis\" rel=\"tag\">Friskis &#038; Svettis<\/a>, <a href=\"http:\/\/bloggar.se\/om\/cigarett\" rel=\"tag\">cigarett<\/a>, <a href=\"http:\/\/bloggar.se\/om\/hund\" rel=\"tag\">hund<\/a>, <a href=\"http:\/\/bloggar.se\/om\/h%E4lsa\" rel=\"tag\">h\u00e4lsa<\/a><\/p>\n","protected":false},"excerpt":{"rendered":"<p>Ig\u00e5r kv\u00e4ll s\u00e5g jag Lemmy i Mot\u00f6rhead spela live. Allts\u00e5 via tv:n. Det var MTV 2 som s\u00e4nde Tysklands st\u00f6rsta rockfestival Rock Am Ring. Chemical Romance, Linkin Park och Kid Rock var n\u00e5gra andra som MTV 2 visade fr\u00e5n deras spelningar. Men n\u00e4r Lemmy och Mot\u00f6rhead spelade s\u00e5g det verkligen inte fr\u00e4scht ut, det var [&hellip;]<\/p>\n","protected":false},"author":2,"featured_media":0,"comment_status":"open","ping_status":"open","sticky":false,"template":"","format":"standard","meta":{"_genesis_hide_title":false,"_genesis_hide_breadcrumbs":false,"_genesis_hide_singular_image":false,"_genesis_hide_footer_widgets":false,"_genesis_custom_body_class":"","_genesis_custom_post_class":"","_genesis_layout":"","footnotes":""},"categories":[7],"tags":[3894,3844,6012,6230],"class_list":{"0":"post-534","1":"post","2":"type-post","3":"status-publish","4":"format-standard","6":"category-musik","7":"tag-man","8":"tag-musikfestival","9":"tag-tv","10":"tag-video","11":"entry"},"_links":{"self":[{"href":"https:\/\/kulturbloggen.com\/index.php?rest_route=\/wp\/v2\/posts\/534","targetHints":{"allow":["GET"]}}],"collection":[{"href":"https:\/\/kulturbloggen.com\/index.php?rest_route=\/wp\/v2\/posts"}],"about":[{"href":"https:\/\/kulturbloggen.com\/index.php?rest_route=\/wp\/v2\/types\/post"}],"author":[{"embeddable":true,"href":"https:\/\/kulturbloggen.com\/index.php?rest_route=\/wp\/v2\/users\/2"}],"replies":[{"embeddable":true,"href":"https:\/\/kulturbloggen.com\/index.php?rest_route=%2Fwp%2Fv2%2Fcomments&post=534"}],"version-history":[{"count":1,"href":"https:\/\/kulturbloggen.com\/index.php?rest_route=\/wp\/v2\/posts\/534\/revisions"}],"predecessor-version":[{"id":48232,"href":"https:\/\/kulturbloggen.com\/index.php?rest_route=\/wp\/v2\/posts\/534\/revisions\/48232"}],"wp:attachment":[{"href":"https:\/\/kulturbloggen.com\/index.php?rest_route=%2Fwp%2Fv2%2Fmedia&parent=534"}],"wp:term":[{"taxonomy":"category","embeddable":true,"href":"https:\/\/kulturbloggen.com\/index.php?rest_route=%2Fwp%2Fv2%2Fcategories&post=534"},{"taxonomy":"post_tag","embeddable":true,"href":"https:\/\/kulturbloggen.com\/index.php?rest_route=%2Fwp%2Fv2%2Ftags&post=534"}],"curies":[{"name":"wp","href":"https:\/\/api.w.org\/{rel}","templated":true}]}}