{"id":53378,"date":"2012-04-24T10:53:46","date_gmt":"2012-04-24T08:53:46","guid":{"rendered":"http:\/\/kulturbloggen.com\/?p=53378"},"modified":"2012-04-24T10:53:46","modified_gmt":"2012-04-24T08:53:46","slug":"folkoperan-soker-damer-som-fyllt-80-ar","status":"publish","type":"post","link":"https:\/\/kulturbloggen.com\/?p=53378","title":{"rendered":"Folkoperan s\u00f6ker damer som fyllt 80 \u00e5r"},"content":{"rendered":"<p>DAMER I 80-\u00c5RS\u00c5LDERN F\u00c5R JOBB P\u00c5 FOLKOPERAN, skriver Folkoperan i ett pressmeddelande:<\/p>\n<p>Folkoperan anordnar en audition f\u00f6r damer i 80-\u00e5rs\u00e5ldern inf\u00f6r h\u00f6stens stora k\u00f6rverk Carmina Burana av Carl Orff. Damerna ska dela scenen med den k\u00e4nda operas\u00e5ngaren Olle Persson, Folkoperans k\u00f6r och orkester, g\u00e4stande k\u00f6rer och barn.<\/p>\n<p>\u2013 De \u00e4ldre kvinnorna spelar en central roll i Carmina Burana. Deras ber\u00e4ttelser v\u00e4vs in i verket och deras skira livstr\u00e5dar st\u00e5r i kontrast till Carl Orffs bombastiska och starka musik, s\u00e4ger Folkoperans konstn\u00e4rliga chef och regiss\u00f6r Mellika Melouani Melani.<\/p>\n<p>Solist \u00e4r Olle Persson, som tidigare gjort ett flertal roller p\u00e5 Folkoperan, bland andra Scarpia i Tosca, Axel von Fersen i Marie Antoinette, titelrollen i Jeppe och Florian i operan Zarah. Han har sjungit roller p\u00e5 Malm\u00f6opera, G\u00f6teborgsOperan, Drottningholmsteatern och Kungliga Operan. V\u00e5ren 2012 har Olle varit aktuell som Escamillo i Carmen p\u00e5 Norrlandsoperan. Han verkar \u00e4ven som g\u00e4stprofessor i s\u00e5ng p\u00e5 Kungliga Musikh\u00f6gskolan i Stockholm.<\/p>\n<p>Carmina Burana, som bygger p\u00e5 dikter fr\u00e5n 1100- och 1200-talen, handlar om livets f\u00f6rg\u00e4nglighet. H\u00e4r lovsjungs naturen, l\u00e4ngtan, vinet, k\u00e4rlekens ljuvlighet och den k\u00f6ttsliga driften. Man sjunger \u00e4ven om hur h\u00e4rligt det \u00e4r och ont det g\u00f6r att leva.<\/p>\n<p>Carmina Burana har premi\u00e4r den 19 oktober och spelas till och med slutet av november med m\u00f6jlighet till f\u00f6rl\u00e4ngning.<\/p>\n<p>Foto: Mats B\u00e4cker<\/p>\n<p>L\u00e4s \u00e4ven andra bloggares \u00e5sikter om <a href=\"http:\/\/bloggar.se\/om\/Folkoperan\" rel=\"tag\">Folkoperan<\/a>, <a href=\"http:\/\/bloggar.se\/om\/80+%E5r\" rel=\"tag\">80 \u00e5r<\/a>, <a href=\"http:\/\/bloggar.se\/om\/jobb\" rel=\"tag\">jobb<\/a>, <a href=\"http:\/\/bloggar.se\/om\/damer\" rel=\"tag\">damer<\/a><\/p>\n","protected":false},"excerpt":{"rendered":"<p>DAMER I 80-\u00c5RS\u00c5LDERN F\u00c5R JOBB P\u00c5 FOLKOPERAN, skriver Folkoperan i ett pressmeddelande: Folkoperan anordnar en audition f\u00f6r damer i 80-\u00e5rs\u00e5ldern inf\u00f6r h\u00f6stens stora k\u00f6rverk Carmina Burana av Carl Orff. Damerna ska dela scenen med den k\u00e4nda operas\u00e5ngaren Olle Persson, Folkoperans k\u00f6r och orkester, g\u00e4stande k\u00f6rer och barn. \u2013 De \u00e4ldre kvinnorna spelar en central roll [&hellip;]<\/p>\n","protected":false},"author":13,"featured_media":53379,"comment_status":"open","ping_status":"open","sticky":false,"template":"","format":"standard","meta":{"_genesis_hide_title":false,"_genesis_hide_breadcrumbs":false,"_genesis_hide_singular_image":false,"_genesis_hide_footer_widgets":false,"_genesis_custom_body_class":"","_genesis_custom_post_class":"","_genesis_layout":"","footnotes":""},"categories":[20,30],"tags":[7863,1103,1811,2680],"class_list":{"0":"post-53378","1":"post","2":"type-post","3":"status-publish","4":"format-standard","5":"has-post-thumbnail","7":"category-film","8":"category-teater","9":"tag-80-ar","10":"tag-damer","11":"tag-folkoperan","12":"tag-jobb","13":"entry"},"_links":{"self":[{"href":"https:\/\/kulturbloggen.com\/index.php?rest_route=\/wp\/v2\/posts\/53378","targetHints":{"allow":["GET"]}}],"collection":[{"href":"https:\/\/kulturbloggen.com\/index.php?rest_route=\/wp\/v2\/posts"}],"about":[{"href":"https:\/\/kulturbloggen.com\/index.php?rest_route=\/wp\/v2\/types\/post"}],"author":[{"embeddable":true,"href":"https:\/\/kulturbloggen.com\/index.php?rest_route=\/wp\/v2\/users\/13"}],"replies":[{"embeddable":true,"href":"https:\/\/kulturbloggen.com\/index.php?rest_route=%2Fwp%2Fv2%2Fcomments&post=53378"}],"version-history":[{"count":1,"href":"https:\/\/kulturbloggen.com\/index.php?rest_route=\/wp\/v2\/posts\/53378\/revisions"}],"predecessor-version":[{"id":53380,"href":"https:\/\/kulturbloggen.com\/index.php?rest_route=\/wp\/v2\/posts\/53378\/revisions\/53380"}],"wp:featuredmedia":[{"embeddable":true,"href":"https:\/\/kulturbloggen.com\/index.php?rest_route=\/wp\/v2\/media\/53379"}],"wp:attachment":[{"href":"https:\/\/kulturbloggen.com\/index.php?rest_route=%2Fwp%2Fv2%2Fmedia&parent=53378"}],"wp:term":[{"taxonomy":"category","embeddable":true,"href":"https:\/\/kulturbloggen.com\/index.php?rest_route=%2Fwp%2Fv2%2Fcategories&post=53378"},{"taxonomy":"post_tag","embeddable":true,"href":"https:\/\/kulturbloggen.com\/index.php?rest_route=%2Fwp%2Fv2%2Ftags&post=53378"}],"curies":[{"name":"wp","href":"https:\/\/api.w.org\/{rel}","templated":true}]}}