{"id":52901,"date":"2012-04-15T15:48:01","date_gmt":"2012-04-15T13:48:01","guid":{"rendered":"http:\/\/kulturbloggen.com\/?p=52901"},"modified":"2012-04-15T15:48:01","modified_gmt":"2012-04-15T13:48:01","slug":"konsertrecension-den-svenska-bjornstammen-pa-kulturbolaget-malmo","status":"publish","type":"post","link":"https:\/\/kulturbloggen.com\/?p=52901","title":{"rendered":"Konsertrecension: Den svenska bj\u00f6rnstammen p\u00e5 Kulturbolaget Malm\u00f6"},"content":{"rendered":"<p>Artist: Den svenska bj\u00f6rnstammen<br \/>\nPlats: Kulturbolaget i Malm\u00f6<br \/>\nBetyg: 5<\/p>\n<p>Ett hundratal f\u00f6rv\u00e4ntansfulla ungdomar st\u00e5r en aning utmattade efter f\u00f6rakten Panda Da Pandas dansanta upptr\u00e4dande. Att kv\u00e4llens huvudakt, Den svenska b\u00f6rnstammen, drar ut p\u00e5 sin entr\u00e9 g\u00f6r sp\u00e4nningen i lokalen n\u00e4stinill vidr\u00f6rlig. En del b\u00f6rjar bli ot\u00e5liga, knuffas f\u00f6r att komma l\u00e4ngre fram, sjunger desperat ut l\u00e5ttexter av bandet, blir sedan tysta, f\u00e5r slut p\u00e5 samtals\u00e4mnen och st\u00e4mningen blir en aning kv\u00e4vd. Men, s\u00e5 h\u00e4nder n\u00e5got, som en r\u00e4ddning fr\u00e5n himlen uppenbarar sig de unga m\u00e4nnen som de flesta i publikhavet s\u00e5 innerligt tycker om p\u00e5 ett eller annat s\u00e4tt. S\u00e5 fort deras f\u00f6rsta l\u00e5t str\u00f6mmar ut ur h\u00f6gtalarna p\u00e5 KB f\u00f6vandlas hela publiken till ett dansande hav av m\u00e4nniskor som lever f\u00f6r stunden och inte har n\u00e5gon morgondag inskriven i kalendern, \u00e4ven de som innan lite tr\u00f6tt st\u00e5tt och sm\u00e5konverserat om hur varmt det var i lokalen och hur sena bandet var.<\/p>\n<p>Bandmedlemmarna i Den svenska bj\u00f6rnstammen \u00e4r energiska och sprider gl\u00e4dje som de alltid g\u00f6r under sina konserter, ordet problem och dess innerb\u00f6rd existerar helt enkelt inte n\u00e4r Bj\u00f6rnstammen \u00e4r i n\u00e4rheten. Med nya versioner av l\u00e5tar som Dansmusik och Who\u2019s that girl blir det aldrig en f\u00f6rutsagd stund under kv\u00e4llen, och h\u00f6jden av h\u00e4pnad intr\u00e4ffar d\u00e5 en av s\u00e5ngarna, \u00c5ke Olofsson, f\u00f6rst drar fram en elgitarr och sedan en fiol och spelar p\u00e5 dessa som f\u00f6rv\u00e5nansv\u00e4rt nog passar perfekt till den annars enbart elektroniska musiken. Det blir en sk\u00f6n kontrast som bryter av mot det vi annars \u00e4r vana vid under en konsert med Den svenska bj\u00f6rnstammen.<\/p>\n<p>Sedan blir konserten pl\u00f6tsligt helt gjord av elektroniska hj\u00e4lpmedel n\u00e4r kanske v\u00e4rldens b\u00e4sta elektroniska l\u00e5t f\u00f6rs\u00e4tter hela lokalen i trans och tvingar varenda individ att hoppa upp och ner och f\u00f6rhindrar alla negativa tankar att n\u00e5 ut till hj\u00e4rnan. Det \u00e4r en alldeles magisk k\u00e4nsla som alla n\u00e5gon g\u00e5ng borde uppleva. Dansen alla f\u00f6rlorar sig i kombinerat med de ih\u00e4rdligt blixtrande ljusen leder till att man totalt sl\u00e4pper l\u00f6s alla h\u00e4mningar. F\u00e5r en att t\u00e4nka att ingenting annat i livet egentligen spelar n\u00e5gon roll. De spelar b\u00e5de gamla och nya l\u00e5tar, dansar loss p\u00e5 den lilla scenen, str\u00e4cker ut sina h\u00e4nder mot de h\u00e4ngivna fansen l\u00e4ngst fram och fr\u00e5n olika h\u00f6rn av publiken h\u00f6rs flera ordbyten om de unga m\u00e4nnens tilldragande utseenden. <\/p>\n<p>Det \u00e4r n\u00e5got med deras kanske spelade os\u00e4kra charm. Att de inte har uppt\u00e4ckt sj\u00e4lva hur stora de faktiskt \u00e4r. Att de hoppar runt p\u00e5 scenen i strumpor, t-shirt, bl\u00e5 shorts och en med s\u00f6ndriga mjukisbyxor. Det \u00e4r n\u00e5got naivt och pojkaktigt \u00f6ver Den svenska bj\u00f6rnstammen som f\u00e5r alla att bli galna och vilja dansa s\u00e5 mycket att de kommer att lida av outh\u00e4rdlig tr\u00e4ningsverk en vecka fram\u00f6ver.<\/p>\n<p>Jag \u00e4lskar det. Jag \u00e4lskar dem. Jag \u00e4lskade denna konserten och jag \u00e4r s\u00e4ker p\u00e5 att majoriteten av den dansanta pubilken p\u00e5 Kulturbolaget k\u00e4nner precis som jag. Det \u00e4r dumt, f\u00f6r jag vill vara ensam om att \u00e4lska dessa m\u00e4n \u00f6ver hela, eller \u00e5tminst\u00e5ne halva, mitt hj\u00e4rta. Men jag vet att jag \u00e4r v\u00e4ldigt l\u00e5ngt ifr\u00e5n att vara ensam om det. Den svenska bj\u00f6rnstammen \u00e4r helt enkelt ett av Sveriges hetaste band just nu, och det \u00e4r bara att inse det vare sig man vill eller inte.<\/p>\n<p><strong>Text: Izabelle Zeijlon<\/strong><\/p>\n<p>L\u00e4s \u00e4ven andra bloggares \u00e5sikter om <a href=\"http:\/\/bloggar.se\/om\/Kulturbolaget\" rel=\"tag\">Kulturbolaget<\/a>, <a href=\"http:\/\/bloggar.se\/om\/Malm%F6\" rel=\"tag\">Malm\u00f6<\/a>, <a href=\"http:\/\/bloggar.se\/om\/Den+svenska+bj%F6rnstammen\" rel=\"tag\">Den svenska bj\u00f6rnstammen<\/a><\/p>\n","protected":false},"excerpt":{"rendered":"<p>Artist: Den svenska bj\u00f6rnstammen Plats: Kulturbolaget i Malm\u00f6 Betyg: 5 Ett hundratal f\u00f6rv\u00e4ntansfulla ungdomar st\u00e5r en aning utmattade efter f\u00f6rakten Panda Da Pandas dansanta upptr\u00e4dande. Att kv\u00e4llens huvudakt, Den svenska b\u00f6rnstammen, drar ut p\u00e5 sin entr\u00e9 g\u00f6r sp\u00e4nningen i lokalen n\u00e4stinill vidr\u00f6rlig. En del b\u00f6rjar bli ot\u00e5liga, knuffas f\u00f6r att komma l\u00e4ngre fram, sjunger desperat [&hellip;]<\/p>\n","protected":false},"author":13,"featured_media":52902,"comment_status":"open","ping_status":"open","sticky":false,"template":"","format":"standard","meta":{"_genesis_hide_title":false,"_genesis_hide_breadcrumbs":false,"_genesis_hide_singular_image":false,"_genesis_hide_footer_widgets":false,"_genesis_custom_body_class":"","_genesis_custom_post_class":"","_genesis_layout":"","footnotes":""},"categories":[7,16],"tags":[6992,7793,3469],"class_list":{"0":"post-52901","1":"post","2":"type-post","3":"status-publish","4":"format-standard","5":"has-post-thumbnail","7":"category-musik","8":"category-recension","9":"tag-den-svenska-bjornstammen","10":"tag-kulturbolaget","11":"tag-malmo","12":"entry"},"_links":{"self":[{"href":"https:\/\/kulturbloggen.com\/index.php?rest_route=\/wp\/v2\/posts\/52901","targetHints":{"allow":["GET"]}}],"collection":[{"href":"https:\/\/kulturbloggen.com\/index.php?rest_route=\/wp\/v2\/posts"}],"about":[{"href":"https:\/\/kulturbloggen.com\/index.php?rest_route=\/wp\/v2\/types\/post"}],"author":[{"embeddable":true,"href":"https:\/\/kulturbloggen.com\/index.php?rest_route=\/wp\/v2\/users\/13"}],"replies":[{"embeddable":true,"href":"https:\/\/kulturbloggen.com\/index.php?rest_route=%2Fwp%2Fv2%2Fcomments&post=52901"}],"version-history":[{"count":1,"href":"https:\/\/kulturbloggen.com\/index.php?rest_route=\/wp\/v2\/posts\/52901\/revisions"}],"predecessor-version":[{"id":52903,"href":"https:\/\/kulturbloggen.com\/index.php?rest_route=\/wp\/v2\/posts\/52901\/revisions\/52903"}],"wp:featuredmedia":[{"embeddable":true,"href":"https:\/\/kulturbloggen.com\/index.php?rest_route=\/wp\/v2\/media\/52902"}],"wp:attachment":[{"href":"https:\/\/kulturbloggen.com\/index.php?rest_route=%2Fwp%2Fv2%2Fmedia&parent=52901"}],"wp:term":[{"taxonomy":"category","embeddable":true,"href":"https:\/\/kulturbloggen.com\/index.php?rest_route=%2Fwp%2Fv2%2Fcategories&post=52901"},{"taxonomy":"post_tag","embeddable":true,"href":"https:\/\/kulturbloggen.com\/index.php?rest_route=%2Fwp%2Fv2%2Ftags&post=52901"}],"curies":[{"name":"wp","href":"https:\/\/api.w.org\/{rel}","templated":true}]}}