{"id":52614,"date":"2012-04-09T13:24:04","date_gmt":"2012-04-09T11:24:04","guid":{"rendered":"http:\/\/kulturbloggen.com\/?p=52614"},"modified":"2012-04-09T13:24:04","modified_gmt":"2012-04-09T11:24:04","slug":"sa-dodar-vi-en-manniska-en-stark-berattelse-om-hur-livet-sakta-vander","status":"publish","type":"post","link":"https:\/\/kulturbloggen.com\/?p=52614","title":{"rendered":"S\u00e5 d\u00f6dar vi en m\u00e4nniska \u2013 en stark ber\u00e4ttelse om hur livet sakta v\u00e4nder"},"content":{"rendered":"<p><a href=\"http:\/\/www.adlibris.com\/se\/product.aspx?isbn=9146221522\" target=\"_blank\">S\u00e5 d\u00f6dar vi en m\u00e4nniska<\/a><\/p>\n<p>F\u00f6rfattare: Stefan Gurt<br \/>\nF\u00f6rlag: Wahlstr\u00f6m och Widstrand<br \/>\nUtgiven: 201203<br \/>\nISBN: 978-91-46-22152-4<\/p>\n<p>Boken b\u00f6rjar med d\u00f6den. Stefans Gurts pappa Sven avlider p\u00e5 ett \u00e4ldreboende efter att ha varit sjuk en tid. Som en del i bearbetningen av sorgen skriver Stefan Gurt den h\u00e4r boken. Hur livet var innan dess. Hans barndom, f\u00f6rh\u00e5llandet mellan hans f\u00f6r\u00e4ldrar, hans relation med sin kinesiska fru och kontrasten mellan Sverige och Kina g\u00e4llande synen p\u00e5 \u00e4ldre och \u00e4ldreomsorg, relationen med pappan och hans sjukdom. Det \u00e4r en v\u00e4ldigt \u00f6ppen bok. I vissa delar upplever jag att man kommer f\u00f6r n\u00e4ra. Det blir f\u00f6r privat. Jag \u00e4r inte van att l\u00e4sa n\u00e5got skrivit p\u00e5 det h\u00e4r s\u00e4ttet, s\u00e5h\u00e4r k\u00e4nslosamt och \u00f6ppet. Vanligtvis str\u00e4ckerl\u00e4ser jag b\u00f6cker, men nu tar jag pauser f\u00f6r att orka l\u00e4sa vidare, f\u00f6r att sm\u00e4lta de olika delarna av boken.<\/p>\n<p>Vart g\u00e5r den gr\u00e4ns d\u00e5 vi upph\u00f6r att vara m\u00e4nniska?, \u00e4r en av de fr\u00e5gest\u00e4llninar Stefan Gurt har i boken. Det handlar inte bara om hur de \u00e4ldre behandlas inom \u00e4ldrev\u00e5rden h\u00e4r i Sverige, eller vilka nedsk\u00e4rningar man gjort inom v\u00e5rden f\u00f6r att klara budgetkrav eller hur privata v\u00e5rdbolag f\u00f6rs\u00f6ker vinstmaximera. Det handlar om s\u00e5 mycket mer \u00e4n s\u00e5. Hur bem\u00f6ter vi andra m\u00e4nniskor? Vad har vi f\u00f6r syn p\u00e5 \u00e4ldre? Hur kan vi berika andra m\u00e4nniskor med livskvalitet?<\/p>\n<p>Jag j\u00e4mf\u00f6r Stefan Gurt med Marcus Birro. De tillh\u00f6r olika generationer men behandlar \u00e4nd\u00e5 vissa liknande fr\u00e5gor om samh\u00e4llet och m\u00e4nniskosyn p\u00e5 ett v\u00e4ldigt \u00f6ppet s\u00e4tt med egna exempel p\u00e5 hur man blivit bem\u00f6tt. Modigt.<\/p>\n<p>Jag kan uppleva att vissa saker i boken \u00e4r upprepande, en dejavu-k\u00e4nsla. Kanske \u00e4r det ocks\u00e5 menat s\u00e5 av f\u00f6rfattaren. F\u00f6r att f\u00e5 oss att t\u00e4nka vidare. Att v\u00e5ga \u00f6ppna \u00f6gonen f\u00f6r vad som sker runtomkring oss.<\/p>\n<p>Det \u00e4r med en sorg och l\u00e4ttnad jag l\u00e4ser de sista raderna i boken, och det kommer att dr\u00f6ja n\u00e5got till jag b\u00f6rjar l\u00e4sa p\u00e5 min n\u00e4sta. Detta \u00e4r en bok som h\u00e5ller sig fast ett tag. Med all r\u00e4tta.<\/p>\n<p><strong>Text: Jenny Lagebj\u00f6rk<\/strong><\/p>\n<p><a href=\"http:\/\/www.bokus.com\/bok\/9789146221524\/sa-dodar-vi-en-manniska\/\" target=\"_blank\">Bokus<\/a><\/p>\n<p>&nbsp;<\/p>\n","protected":false},"excerpt":{"rendered":"<p>S\u00e5 d\u00f6dar vi en m\u00e4nniska F\u00f6rfattare: Stefan Gurt F\u00f6rlag: Wahlstr\u00f6m och Widstrand Utgiven: 201203 ISBN: 978-91-46-22152-4 Boken b\u00f6rjar med d\u00f6den. Stefans Gurts pappa Sven avlider p\u00e5 ett \u00e4ldreboende efter att ha varit sjuk en tid. Som en del i bearbetningen av sorgen skriver Stefan Gurt den h\u00e4r boken. Hur livet var innan dess. Hans barndom, [&hellip;]<\/p>\n","protected":false},"author":13,"featured_media":52615,"comment_status":"open","ping_status":"open","sticky":false,"template":"","format":"standard","meta":{"_genesis_hide_title":false,"_genesis_hide_breadcrumbs":false,"_genesis_hide_singular_image":false,"_genesis_hide_footer_widgets":false,"_genesis_custom_body_class":"","_genesis_custom_post_class":"","_genesis_layout":"","footnotes":""},"categories":[43,3,16],"tags":[1421],"class_list":{"0":"post-52614","1":"post","2":"type-post","3":"status-publish","4":"format-standard","5":"has-post-thumbnail","7":"category-bokrecension","8":"category-litteratur","9":"category-recension","10":"tag-dod","11":"entry"},"_links":{"self":[{"href":"https:\/\/kulturbloggen.com\/index.php?rest_route=\/wp\/v2\/posts\/52614","targetHints":{"allow":["GET"]}}],"collection":[{"href":"https:\/\/kulturbloggen.com\/index.php?rest_route=\/wp\/v2\/posts"}],"about":[{"href":"https:\/\/kulturbloggen.com\/index.php?rest_route=\/wp\/v2\/types\/post"}],"author":[{"embeddable":true,"href":"https:\/\/kulturbloggen.com\/index.php?rest_route=\/wp\/v2\/users\/13"}],"replies":[{"embeddable":true,"href":"https:\/\/kulturbloggen.com\/index.php?rest_route=%2Fwp%2Fv2%2Fcomments&post=52614"}],"version-history":[{"count":3,"href":"https:\/\/kulturbloggen.com\/index.php?rest_route=\/wp\/v2\/posts\/52614\/revisions"}],"predecessor-version":[{"id":52618,"href":"https:\/\/kulturbloggen.com\/index.php?rest_route=\/wp\/v2\/posts\/52614\/revisions\/52618"}],"wp:featuredmedia":[{"embeddable":true,"href":"https:\/\/kulturbloggen.com\/index.php?rest_route=\/wp\/v2\/media\/52615"}],"wp:attachment":[{"href":"https:\/\/kulturbloggen.com\/index.php?rest_route=%2Fwp%2Fv2%2Fmedia&parent=52614"}],"wp:term":[{"taxonomy":"category","embeddable":true,"href":"https:\/\/kulturbloggen.com\/index.php?rest_route=%2Fwp%2Fv2%2Fcategories&post=52614"},{"taxonomy":"post_tag","embeddable":true,"href":"https:\/\/kulturbloggen.com\/index.php?rest_route=%2Fwp%2Fv2%2Ftags&post=52614"}],"curies":[{"name":"wp","href":"https:\/\/api.w.org\/{rel}","templated":true}]}}