{"id":52450,"date":"2012-04-05T10:53:18","date_gmt":"2012-04-05T08:53:18","guid":{"rendered":"http:\/\/kulturbloggen.com\/?p=52450"},"modified":"2012-04-05T10:53:18","modified_gmt":"2012-04-05T08:53:18","slug":"sju-fragor-till-edward-fran-riddarna","status":"publish","type":"post","link":"https:\/\/kulturbloggen.com\/?p=52450","title":{"rendered":"Sju fr\u00e5gor till Edward fr\u00e5n Riddarna"},"content":{"rendered":"<p>Riddarna \u00e4r aktuella med nytt album. Kulturbloggen st\u00e4llde sju fr\u00e5gor till Edward fr\u00e5n Riddarna h\u00e4r.<\/p>\n<p><strong>Hur startade Riddarna?<\/strong><br \/>\nBandet startade, utan att n\u00e5gon av oss egentligen visste det d\u00e5, p\u00e5 Gotland 2007 n\u00e4r jag gick in i l\u00e5tskrivarv\u00e4ggen, fick panik p\u00e5 det engelska spr\u00e5ket och b\u00f6rjade skriva av mig mina aggressioner som texter p\u00e5 svenska. Patrik (bas) bodde ocks\u00e5 p\u00e5 \u00f6n under den h\u00e4r tiden s\u00e5 vi b\u00f6rjade experimentera med musiken och flyttade s\u00e5 sm\u00e5ningom till G\u00f6teborg d\u00e4r vi hittade en helt fantastisk gitarrist, Mattias Uneback, som var besatt av surfmusik och exotica, och som vi tvingade spela trummor. Han spelade med oss tills tiden inte r\u00e4ckte till f\u00f6r honom l\u00e4ngre och \u00f6det f\u00f6rde mig och Patrik samman med v\u00e5r gamle gotlandsv\u00e4n Erik (trummor). Vi tre har nog alltid varit lite hemligt f\u00f6r\u00e4lskade i varandra och sedan f\u00f6rsta repet tillsammans 2010 i en lag\u00e5rd i V\u00e4skinde p\u00e5 Gotland har vi bara fortsatt repa.<\/p>\n<p><strong>Hur valde ni ert bandnamn? <\/strong><br \/>\nErik var med i ett band som hette The Upallnights och vi brukade skoja om att m\u00e5nga h\u00f6rde fel och sa &#8221;The Apple Knights&#8221; &#8211; \u00c4ppelriddarna. S\u00e5 fruktansv\u00e4rt fel. Det var d\u00e4r namnet &#8221;Riddarna&#8221; b\u00f6rjade existera i bakhuvudet. F\u00f6rst skrattade vi \u00e5t det namnet ocks\u00e5 men efter n\u00e5gra veckor s\u00e5 b\u00f6rjade det k\u00e4nnas storslaget, nytt och p\u00e5 riktigt &#8211; och s\u00e5 k\u00e4nns det fortfarande.<\/p>\n<p><a href=\"http:\/\/kulturbloggen.com\/wp-content\/uploads\/2012\/04\/riddarna7.jpg\"><img loading=\"lazy\" decoding=\"async\" src=\"http:\/\/kulturbloggen.com\/wp-content\/uploads\/2012\/04\/riddarna7-150x150.jpg\" alt=\"\" title=\"riddarna7\" width=\"150\" height=\"150\" class=\"alignright size-thumbnail wp-image-52455\" \/><\/a><strong>Hur vill du sj\u00e4lv beskriva ert nya album?<\/strong><br \/>\nIntensivt och befriande.<\/p>\n<p><strong>Hur jobbar ni n\u00e4r ni skriver l\u00e5tar?<\/strong><br \/>\nVi har en v\u00e4ldigt h\u00f6g arbetsmoral och jobbar h\u00e5rt. Och vi \u00e4r v\u00e4ldigt petiga n\u00e4r det g\u00e4ller vad vi tycker l\u00e5ter bra. Eftersom vi hellre skalar bort \u00e4n l\u00e4gger till \u00e5ker l\u00e5tarna p\u00e5 mycket stryk och de flesta klarar sig inte alls &#8211;  vanligtvis slutar det med att det bara \u00e4r refr\u00e4ngen kvar av en l\u00e5t n\u00e4r vi \u00e4r klara. Som tur \u00e4r finns det ofta en vers fr\u00e5n en annan l\u00e5tslakt som ligger och kr\u00e4lar i n\u00e5got h\u00f6rn och som vi kan anv\u00e4nda till refr\u00e4ngen. Vi pusslar mycket.<\/p>\n<p><strong>Hur k\u00e4nns det inf\u00f6r sommarens spelningar med nytt album i bagaget?<\/strong><br \/>\nDet k\u00e4nns riktigt bra. De nya l\u00e5tarna \u00e4r sjukt roliga att spela live och dessutom har vi m\u00e4rkt att de passar ihop med l\u00e5tarna fr\u00e5n f\u00f6rsta skivan. Vi kan spela riktigt l\u00e5nga set om vi vill nu vilket \u00e4r kul och utmanande. Fast oftast ligger b\u00e5de vi och publik och fl\u00e5sar och slickar s\u00e5ren efter 45 minuter s\u00e5 det spelar kanske ingen roll.<\/p>\n<p><strong>Vad har Riddarna f\u00f6r planer fram\u00f6ver?<\/strong><br \/>\nI v\u00e5r och en bit in p\u00e5 sommaren spelar vi p\u00e5 klubbar i Sverige och sedan f\u00e5r vi se vilka festivaler vi prickar in. Till h\u00f6st kommer vi antagligen \u00e5ka ut p\u00e5 en liten turn\u00e9 och spela in n\u00e5got som ingen f\u00f6rv\u00e4ntar sig.<\/p>\n<p><strong>Ni har f\u00e5tt mycket ber\u00f6m och bra kritik. \u00c4r det n\u00e5got s\u00e4rskilt ber\u00f6m du blivit extra glad \u00f6ver?<\/strong><br \/>\nEn sk\u00f6n sak som jag gillar \u00e4r n\u00e4r folk f\u00f6rst\u00e5r musiken s\u00e5 bra att de beskriver den b\u00e4ttre och finare \u00e4n vi n\u00e5gonsin kunnat g\u00f6ra.<\/p>\n<p>Norra Sk\u00e5ne gav skivan 4\/5 och skrev t.ex. att musiken &#8221;skaver likt en sten i skon. Det \u00e4r musik som \u00e4r skev utan att n\u00e5gonsin halta; som \u00e4r ambiti\u00f6s utan att bli pretanti\u00f6s&#8221;.<br \/>\nDet tyckte jag var fint skrivet.<\/p>\n<p>Den f\u00f6rsta recensionen som damp in gjorde oss ocks\u00e5 glada. Det var Blaskan som gav skivan 5\/5 och skrev att &#8221;Jag \u00e4r stum och lycklig vid fyrtiosex\u00e5rs \u00e5lder med att konstatera att det fortfarande g\u00f6rs alldeles sagolik musik.&#8221;<\/p>\n<p>Generellt kan man s\u00e4ga att recensenterna antigen har \u00e4lskat eller hatat skivan och det \u00e4r vi v\u00e4ldigt n\u00f6jda med. Det \u00e4r alltid tillfredsst\u00e4llande n\u00e4r en skiva ber\u00f6r och inte g\u00e5r folk obem\u00e4rkt f\u00f6rbi. Se h\u00e4r t.ex:<\/p>\n<p>&#8221;det \u00e4r f\u00f6r mycket av allt, f\u00f6r okontrollerade ljud och alldeles f\u00f6r ointressanta l\u00e5tar. Det enda som jag minns efter att ha lyssnat p\u00e5 \u201dBakom molnen\u201d \u00e4r ett ringande avgrundsvr\u00e5l fr\u00e5n s\u00e5ngaren Edward Forslund i mina \u00f6ron.&#8221;<br \/>\nArbetarbladet gav skivan 2\/5<\/p>\n<p>&#8221;Jag gillar mycket att det \u00e4r fullt st\u00e4ll och bra l\u00e5tar. Gillar Edward Forslunds r\u00f6st och hur bandet spelar s\u00e5 bra och tight tillsammans.&#8221;<br \/>\nNorrbottenskuriren gav skivan 4\/5 <\/p>\n<p>&#8221;Just nu g\u00f6r Riddarna den mest vitala rockmusiken p\u00e5 svenska sedan Bob hund var valpar.&#8221;<br \/>\nG\u00f6teborgsposten gav skivan 4\/5<\/p>\n<p><strong>Foto: Calle Andersson<\/strong><\/p>\n<p><a href=\"http:\/\/kulturbloggen.com\/wp-content\/uploads\/2012\/04\/riddarna6.jpg\"><img loading=\"lazy\" decoding=\"async\" src=\"http:\/\/kulturbloggen.com\/wp-content\/uploads\/2012\/04\/riddarna6-300x200.jpg\" alt=\"\" title=\"riddarna6\" width=\"300\" height=\"200\" class=\"aligncenter size-medium wp-image-52456\" srcset=\"https:\/\/kulturbloggen.com\/wp-content\/uploads\/2012\/04\/riddarna6-300x200.jpg 300w, https:\/\/kulturbloggen.com\/wp-content\/uploads\/2012\/04\/riddarna6-200x133.jpg 200w, https:\/\/kulturbloggen.com\/wp-content\/uploads\/2012\/04\/riddarna6-175x116.jpg 175w, https:\/\/kulturbloggen.com\/wp-content\/uploads\/2012\/04\/riddarna6-344x230.jpg 344w, https:\/\/kulturbloggen.com\/wp-content\/uploads\/2012\/04\/riddarna6-97x65.jpg 97w, https:\/\/kulturbloggen.com\/wp-content\/uploads\/2012\/04\/riddarna6-80x53.jpg 80w, https:\/\/kulturbloggen.com\/wp-content\/uploads\/2012\/04\/riddarna6-150x100.jpg 150w, https:\/\/kulturbloggen.com\/wp-content\/uploads\/2012\/04\/riddarna6-590x393.jpg 590w, https:\/\/kulturbloggen.com\/wp-content\/uploads\/2012\/04\/riddarna6-920x613.jpg 920w, https:\/\/kulturbloggen.com\/wp-content\/uploads\/2012\/04\/riddarna6.jpg 1000w\" sizes=\"auto, (max-width: 300px) 100vw, 300px\" \/><\/a><\/p>\n<p><a href=\"http:\/\/kulturbloggen.com\/wp-content\/uploads\/2012\/04\/riddarna5.jpg\"><img loading=\"lazy\" decoding=\"async\" src=\"http:\/\/kulturbloggen.com\/wp-content\/uploads\/2012\/04\/riddarna5-300x200.jpg\" alt=\"\" title=\"riddarna5\" width=\"300\" height=\"200\" class=\"aligncenter size-medium wp-image-52457\" srcset=\"https:\/\/kulturbloggen.com\/wp-content\/uploads\/2012\/04\/riddarna5-300x200.jpg 300w, https:\/\/kulturbloggen.com\/wp-content\/uploads\/2012\/04\/riddarna5-200x133.jpg 200w, https:\/\/kulturbloggen.com\/wp-content\/uploads\/2012\/04\/riddarna5-175x116.jpg 175w, https:\/\/kulturbloggen.com\/wp-content\/uploads\/2012\/04\/riddarna5-344x230.jpg 344w, https:\/\/kulturbloggen.com\/wp-content\/uploads\/2012\/04\/riddarna5-97x65.jpg 97w, https:\/\/kulturbloggen.com\/wp-content\/uploads\/2012\/04\/riddarna5-80x53.jpg 80w, https:\/\/kulturbloggen.com\/wp-content\/uploads\/2012\/04\/riddarna5-150x100.jpg 150w, https:\/\/kulturbloggen.com\/wp-content\/uploads\/2012\/04\/riddarna5-590x393.jpg 590w, https:\/\/kulturbloggen.com\/wp-content\/uploads\/2012\/04\/riddarna5-920x613.jpg 920w, https:\/\/kulturbloggen.com\/wp-content\/uploads\/2012\/04\/riddarna5.jpg 1000w\" sizes=\"auto, (max-width: 300px) 100vw, 300px\" \/><\/a><\/p>\n<p><a href=\"http:\/\/kulturbloggen.com\/wp-content\/uploads\/2012\/04\/riddarna4.jpg\"><img loading=\"lazy\" decoding=\"async\" src=\"http:\/\/kulturbloggen.com\/wp-content\/uploads\/2012\/04\/riddarna4-300x200.jpg\" alt=\"\" title=\"riddarna4\" width=\"300\" height=\"200\" class=\"aligncenter size-medium wp-image-52458\" srcset=\"https:\/\/kulturbloggen.com\/wp-content\/uploads\/2012\/04\/riddarna4-300x200.jpg 300w, https:\/\/kulturbloggen.com\/wp-content\/uploads\/2012\/04\/riddarna4-200x133.jpg 200w, https:\/\/kulturbloggen.com\/wp-content\/uploads\/2012\/04\/riddarna4-175x116.jpg 175w, https:\/\/kulturbloggen.com\/wp-content\/uploads\/2012\/04\/riddarna4-344x230.jpg 344w, https:\/\/kulturbloggen.com\/wp-content\/uploads\/2012\/04\/riddarna4-97x65.jpg 97w, https:\/\/kulturbloggen.com\/wp-content\/uploads\/2012\/04\/riddarna4-80x53.jpg 80w, https:\/\/kulturbloggen.com\/wp-content\/uploads\/2012\/04\/riddarna4-150x100.jpg 150w, https:\/\/kulturbloggen.com\/wp-content\/uploads\/2012\/04\/riddarna4-590x393.jpg 590w, https:\/\/kulturbloggen.com\/wp-content\/uploads\/2012\/04\/riddarna4-920x613.jpg 920w, https:\/\/kulturbloggen.com\/wp-content\/uploads\/2012\/04\/riddarna4.jpg 1000w\" sizes=\"auto, (max-width: 300px) 100vw, 300px\" \/><\/a><\/p>\n<p><a href=\"http:\/\/kulturbloggen.com\/wp-content\/uploads\/2012\/04\/riddarna2.jpg\"><img loading=\"lazy\" decoding=\"async\" src=\"http:\/\/kulturbloggen.com\/wp-content\/uploads\/2012\/04\/riddarna2-300x200.jpg\" alt=\"\" title=\"riddarna2\" width=\"300\" height=\"200\" class=\"aligncenter size-medium wp-image-52459\" srcset=\"https:\/\/kulturbloggen.com\/wp-content\/uploads\/2012\/04\/riddarna2-300x200.jpg 300w, https:\/\/kulturbloggen.com\/wp-content\/uploads\/2012\/04\/riddarna2-200x133.jpg 200w, https:\/\/kulturbloggen.com\/wp-content\/uploads\/2012\/04\/riddarna2-175x116.jpg 175w, https:\/\/kulturbloggen.com\/wp-content\/uploads\/2012\/04\/riddarna2-344x230.jpg 344w, https:\/\/kulturbloggen.com\/wp-content\/uploads\/2012\/04\/riddarna2-97x65.jpg 97w, https:\/\/kulturbloggen.com\/wp-content\/uploads\/2012\/04\/riddarna2-80x53.jpg 80w, https:\/\/kulturbloggen.com\/wp-content\/uploads\/2012\/04\/riddarna2-150x100.jpg 150w, https:\/\/kulturbloggen.com\/wp-content\/uploads\/2012\/04\/riddarna2-590x393.jpg 590w, https:\/\/kulturbloggen.com\/wp-content\/uploads\/2012\/04\/riddarna2-920x613.jpg 920w, https:\/\/kulturbloggen.com\/wp-content\/uploads\/2012\/04\/riddarna2.jpg 1000w\" sizes=\"auto, (max-width: 300px) 100vw, 300px\" \/><\/a><\/p>\n<p><a href=\"http:\/\/kulturbloggen.com\/wp-content\/uploads\/2012\/04\/riddarna1.jpg\"><img loading=\"lazy\" decoding=\"async\" src=\"http:\/\/kulturbloggen.com\/wp-content\/uploads\/2012\/04\/riddarna1-300x200.jpg\" alt=\"\" title=\"riddarna1\" width=\"300\" height=\"200\" class=\"aligncenter size-medium wp-image-52460\" srcset=\"https:\/\/kulturbloggen.com\/wp-content\/uploads\/2012\/04\/riddarna1-300x200.jpg 300w, https:\/\/kulturbloggen.com\/wp-content\/uploads\/2012\/04\/riddarna1-200x133.jpg 200w, https:\/\/kulturbloggen.com\/wp-content\/uploads\/2012\/04\/riddarna1-175x116.jpg 175w, https:\/\/kulturbloggen.com\/wp-content\/uploads\/2012\/04\/riddarna1-344x230.jpg 344w, https:\/\/kulturbloggen.com\/wp-content\/uploads\/2012\/04\/riddarna1-97x65.jpg 97w, https:\/\/kulturbloggen.com\/wp-content\/uploads\/2012\/04\/riddarna1-80x53.jpg 80w, https:\/\/kulturbloggen.com\/wp-content\/uploads\/2012\/04\/riddarna1-150x100.jpg 150w, https:\/\/kulturbloggen.com\/wp-content\/uploads\/2012\/04\/riddarna1-590x393.jpg 590w, https:\/\/kulturbloggen.com\/wp-content\/uploads\/2012\/04\/riddarna1-920x613.jpg 920w, https:\/\/kulturbloggen.com\/wp-content\/uploads\/2012\/04\/riddarna1.jpg 1000w\" sizes=\"auto, (max-width: 300px) 100vw, 300px\" \/><\/a><\/p>\n<p><a href=\"http:\/\/kulturbloggen.com\/wp-content\/uploads\/2012\/04\/riddarna.jpg\"><img loading=\"lazy\" decoding=\"async\" src=\"http:\/\/kulturbloggen.com\/wp-content\/uploads\/2012\/04\/riddarna-200x300.jpg\" alt=\"\" title=\"riddarna\" width=\"200\" height=\"300\" class=\"aligncenter size-medium wp-image-52461\" srcset=\"https:\/\/kulturbloggen.com\/wp-content\/uploads\/2012\/04\/riddarna-200x300.jpg 200w, https:\/\/kulturbloggen.com\/wp-content\/uploads\/2012\/04\/riddarna-682x1024.jpg 682w, https:\/\/kulturbloggen.com\/wp-content\/uploads\/2012\/04\/riddarna-150x225.jpg 150w, https:\/\/kulturbloggen.com\/wp-content\/uploads\/2012\/04\/riddarna-100x150.jpg 100w, https:\/\/kulturbloggen.com\/wp-content\/uploads\/2012\/04\/riddarna-153x230.jpg 153w, https:\/\/kulturbloggen.com\/wp-content\/uploads\/2012\/04\/riddarna-43x65.jpg 43w, https:\/\/kulturbloggen.com\/wp-content\/uploads\/2012\/04\/riddarna-53x80.jpg 53w, https:\/\/kulturbloggen.com\/wp-content\/uploads\/2012\/04\/riddarna-590x885.jpg 590w, https:\/\/kulturbloggen.com\/wp-content\/uploads\/2012\/04\/riddarna-920x1380.jpg 920w, https:\/\/kulturbloggen.com\/wp-content\/uploads\/2012\/04\/riddarna.jpg 1000w\" sizes=\"auto, (max-width: 200px) 100vw, 200px\" \/><\/a><\/p>\n<p>L\u00e4s \u00e4ven andra bloggares \u00e5sikter om <a href=\"http:\/\/bloggar.se\/om\/Riddarna\" rel=\"tag\">Riddarna<\/a>, <a href=\"http:\/\/bloggar.se\/om\/punkmusik\" rel=\"tag\">punkmusik<\/a>, <a href=\"http:\/\/bloggar.se\/om\/Edward\" rel=\"tag\">Edward<\/a>, <a href=\"http:\/\/bloggar.se\/om\/intervju\" rel=\"tag\">intervju<\/a><\/p>\n","protected":false},"excerpt":{"rendered":"<p>Riddarna \u00e4r aktuella med nytt album. Kulturbloggen st\u00e4llde sju fr\u00e5gor till Edward fr\u00e5n Riddarna h\u00e4r. Hur startade Riddarna? Bandet startade, utan att n\u00e5gon av oss egentligen visste det d\u00e5, p\u00e5 Gotland 2007 n\u00e4r jag gick in i l\u00e5tskrivarv\u00e4ggen, fick panik p\u00e5 det engelska spr\u00e5ket och b\u00f6rjade skriva av mig mina aggressioner som texter p\u00e5 svenska. [&hellip;]<\/p>\n","protected":false},"author":2,"featured_media":52455,"comment_status":"open","ping_status":"open","sticky":false,"template":"","format":"standard","meta":{"_genesis_hide_title":false,"_genesis_hide_breadcrumbs":false,"_genesis_hide_singular_image":false,"_genesis_hide_footer_widgets":false,"_genesis_custom_body_class":"","_genesis_custom_post_class":"","_genesis_layout":"","footnotes":""},"categories":[5,7],"tags":[6928,12281,4747],"class_list":{"0":"post-52450","1":"post","2":"type-post","3":"status-publish","4":"format-standard","5":"has-post-thumbnail","7":"category-intervju","8":"category-musik","9":"tag-edward","10":"tag-intervju","11":"tag-riddarna","12":"entry"},"_links":{"self":[{"href":"https:\/\/kulturbloggen.com\/index.php?rest_route=\/wp\/v2\/posts\/52450","targetHints":{"allow":["GET"]}}],"collection":[{"href":"https:\/\/kulturbloggen.com\/index.php?rest_route=\/wp\/v2\/posts"}],"about":[{"href":"https:\/\/kulturbloggen.com\/index.php?rest_route=\/wp\/v2\/types\/post"}],"author":[{"embeddable":true,"href":"https:\/\/kulturbloggen.com\/index.php?rest_route=\/wp\/v2\/users\/2"}],"replies":[{"embeddable":true,"href":"https:\/\/kulturbloggen.com\/index.php?rest_route=%2Fwp%2Fv2%2Fcomments&post=52450"}],"version-history":[{"count":2,"href":"https:\/\/kulturbloggen.com\/index.php?rest_route=\/wp\/v2\/posts\/52450\/revisions"}],"predecessor-version":[{"id":52462,"href":"https:\/\/kulturbloggen.com\/index.php?rest_route=\/wp\/v2\/posts\/52450\/revisions\/52462"}],"wp:featuredmedia":[{"embeddable":true,"href":"https:\/\/kulturbloggen.com\/index.php?rest_route=\/wp\/v2\/media\/52455"}],"wp:attachment":[{"href":"https:\/\/kulturbloggen.com\/index.php?rest_route=%2Fwp%2Fv2%2Fmedia&parent=52450"}],"wp:term":[{"taxonomy":"category","embeddable":true,"href":"https:\/\/kulturbloggen.com\/index.php?rest_route=%2Fwp%2Fv2%2Fcategories&post=52450"},{"taxonomy":"post_tag","embeddable":true,"href":"https:\/\/kulturbloggen.com\/index.php?rest_route=%2Fwp%2Fv2%2Ftags&post=52450"}],"curies":[{"name":"wp","href":"https:\/\/api.w.org\/{rel}","templated":true}]}}