{"id":52288,"date":"2012-04-02T20:48:12","date_gmt":"2012-04-02T18:48:12","guid":{"rendered":"http:\/\/kulturbloggen.com\/?p=52288"},"modified":"2012-04-02T20:48:12","modified_gmt":"2012-04-02T18:48:12","slug":"snon-pa-kilimanjaro-konstnarligt-manskligt-och-viktigt","status":"publish","type":"post","link":"https:\/\/kulturbloggen.com\/?p=52288","title":{"rendered":"Sn\u00f6n p\u00e5 Kilimanjaro &#8211; konstn\u00e4rligt, m\u00e4nskligt och viktigt"},"content":{"rendered":"<p><a href=\"http:\/\/www.imdb.com\/title\/tt1852006\/\">Sn\u00f6n p\u00e5 Kilimanjaro<\/a><br \/>\nBetyg 5<br \/>\nRegi: Robert Gu\u00e9diguian<br \/>\nSverigepremi\u00e4r 30 mars 2012<\/p>\n<p>Hamnarbetarna har samlats p\u00e5 kajen. De ska dra lott om vilka som m\u00e5ste bli avskedade. Tjugo av dem m\u00e5ste g\u00e5, det \u00e4r budet fr\u00e5n arbetsgivarna. Facket har d\u00e5 tillsammans med arbetarna best\u00e4mt att de dra lott. Namn efter namn dras.<br \/>\nInledningsscenen \u00e4r grym och en scen som knappast skulle spelas upp i Sverige &#8211; detta \u00e4r n\u00e4mligen i Frankrike, i Marseille.<br \/>\nDet finns ett sk\u00e4l till att scenen knappt skulle upprepas n\u00e5gonstans: P\u00e5 en av lotterna st\u00e5r Michel, namnet p\u00e5 fackklubbens ordf\u00f6rande.<br \/>\nVilken fackordf\u00f6rande skulle alls l\u00e4gga med sitt namn i lottdragningen?<br \/>\nMichel \u00e4r inte som andra, han \u00e4r en r\u00e4ttskaffens man som inte vill sko sig p\u00e5 andra och inte vill dra f\u00f6rdelar eller f\u00f6rm\u00e5ner av sitt engagemang.<\/p>\n<p><a href=\"http:\/\/kulturbloggen.com\/wp-content\/uploads\/2012\/04\/kilimanjaro9.jpg\"><img loading=\"lazy\" decoding=\"async\" src=\"http:\/\/kulturbloggen.com\/wp-content\/uploads\/2012\/04\/kilimanjaro9-300x200.jpg\" alt=\"\" title=\"kilimanjaro9\" width=\"300\" height=\"200\" class=\"alignright size-medium wp-image-52293\" srcset=\"https:\/\/kulturbloggen.com\/wp-content\/uploads\/2012\/04\/kilimanjaro9-300x200.jpg 300w, https:\/\/kulturbloggen.com\/wp-content\/uploads\/2012\/04\/kilimanjaro9-200x133.jpg 200w, https:\/\/kulturbloggen.com\/wp-content\/uploads\/2012\/04\/kilimanjaro9-175x117.jpg 175w, https:\/\/kulturbloggen.com\/wp-content\/uploads\/2012\/04\/kilimanjaro9-343x230.jpg 343w, https:\/\/kulturbloggen.com\/wp-content\/uploads\/2012\/04\/kilimanjaro9-97x65.jpg 97w, https:\/\/kulturbloggen.com\/wp-content\/uploads\/2012\/04\/kilimanjaro9-80x53.jpg 80w, https:\/\/kulturbloggen.com\/wp-content\/uploads\/2012\/04\/kilimanjaro9-150x100.jpg 150w, https:\/\/kulturbloggen.com\/wp-content\/uploads\/2012\/04\/kilimanjaro9.jpg 514w\" sizes=\"auto, (max-width: 300px) 100vw, 300px\" \/><\/a>Michel \u00e4r medel\u00e5lders s\u00e5 \u00e4ven om han och hans fru f\u00e5r leva lite sn\u00e5lare har han det \u00e4nd\u00e5 r\u00e4tt bra som arbetsl\u00f6s, fast lite rastl\u00f6s k\u00e4nner han sig \u00e4nd\u00e5. Han \u00e4r van att jobba fackligt och fixa f\u00f6r hamnarbetarna, nu blir han barnvakt \u00e5t barnbarnen och f\u00f6rv\u00e4ntas m\u00e5la barnens hus. En annan av de som blir arbetsl\u00f6sa har det betydligt v\u00e4rre: den unge Christophe som ensam tar hand om sina tv\u00e5 yngre br\u00f6der.<\/p>\n<p>Filmen st\u00e4ller viktiga fr\u00e5gor om solidaritet och f\u00f6renklar inte.<br \/>\nBildm\u00e4ssigt \u00e4r det en genomarbetad, snygg film och sk\u00e5despelarna har spelat mot varandra i m\u00e5nga \u00e5r, vilket m\u00e4rks. En blick mellan dem kan s\u00e4ga s\u00e5 mycket.<\/p>\n<p><a href=\"http:\/\/www.svd.se\/kultur\/film\/solidariteten-satts-pa-prov_6962317.svd\">Filmen fick betyg 5 av Svenska Dagbladet som skrev<\/a>:<br \/>\n<em>Skickligheten hos Gu\u00e9diguian visar sig dock snart, n\u00e4r han efter katastrofen vrider om bilden och mycket konkret utifr\u00e5n parets handlingar st\u00e4ller fr\u00e5gor om verklig solidaritet och egoism mot varandra.<\/p>\n<p>Utan att diskutera samtida politik eller skylla p\u00e5 n\u00e5gon visar regiss\u00f6ren att n\u00e5got har g\u00e5tt, eller h\u00e5ller p\u00e5 att g\u00e5, f\u00f6rlorat.<\/p>\n<p>S\u00e4ttet som detta uttrycks p\u00e5 har definitivt b\u00e4ring l\u00e5ngt utanf\u00f6r Marseilles hamnkvarter; det \u00e4r ord som borde ringa i \u00f6ronen p\u00e5 alla dem som har r\u00f6stat fram regeringar som monterar ner det som byggts upp av skattbetalare och s\u00e4ljer ut det f\u00f6r en spottstyver.<\/em><\/p>\n<p>Fler recensioner av filmen: <a href=\"http:\/\/www.gp.se\/kulturnoje\/film\/1.902163-snon-pa-kilimanjaro\">G\u00f6teborgsposten<\/a> och <a href=\"http:\/\/www.dn.se\/kultur-noje\/filmrecensioner\/snon-pa-kilimanjaro1\">Dagens Nyheter<\/a>.<\/p>\n<p><a href=\"http:\/\/kulturbloggen.com\/wp-content\/uploads\/2012\/04\/kilimanjaro7.jpg\"><img loading=\"lazy\" decoding=\"async\" src=\"http:\/\/kulturbloggen.com\/wp-content\/uploads\/2012\/04\/kilimanjaro7-300x199.jpg\" alt=\"\" title=\"kilimanjaro7\" width=\"300\" height=\"199\" class=\"aligncenter size-medium wp-image-52294\" srcset=\"https:\/\/kulturbloggen.com\/wp-content\/uploads\/2012\/04\/kilimanjaro7-300x199.jpg 300w, https:\/\/kulturbloggen.com\/wp-content\/uploads\/2012\/04\/kilimanjaro7-200x133.jpg 200w, https:\/\/kulturbloggen.com\/wp-content\/uploads\/2012\/04\/kilimanjaro7-175x116.jpg 175w, https:\/\/kulturbloggen.com\/wp-content\/uploads\/2012\/04\/kilimanjaro7-345x230.jpg 345w, https:\/\/kulturbloggen.com\/wp-content\/uploads\/2012\/04\/kilimanjaro7-97x65.jpg 97w, https:\/\/kulturbloggen.com\/wp-content\/uploads\/2012\/04\/kilimanjaro7-80x53.jpg 80w, https:\/\/kulturbloggen.com\/wp-content\/uploads\/2012\/04\/kilimanjaro7-150x99.jpg 150w, https:\/\/kulturbloggen.com\/wp-content\/uploads\/2012\/04\/kilimanjaro7-590x393.jpg 590w, https:\/\/kulturbloggen.com\/wp-content\/uploads\/2012\/04\/kilimanjaro7-920x613.jpg 920w, https:\/\/kulturbloggen.com\/wp-content\/uploads\/2012\/04\/kilimanjaro7.jpg 980w\" sizes=\"auto, (max-width: 300px) 100vw, 300px\" \/><\/a><\/p>\n<p>L\u00e4s \u00e4ven andra bloggares \u00e5sikter om <a href=\"http:\/\/bloggar.se\/om\/Robert+Gu%E9diguian\" rel=\"tag\">Robert Gu\u00e9diguian<\/a>, <a href=\"http:\/\/bloggar.se\/om\/film\" rel=\"tag\">film<\/a>, <a href=\"http:\/\/bloggar.se\/om\/facket\" rel=\"tag\">facket<\/a>, <a href=\"http:\/\/bloggar.se\/om\/solidaritet\" rel=\"tag\">solidaritet<\/a>, <a href=\"http:\/\/bloggar.se\/om\/filmrecension\" rel=\"tag\">filmrecension<\/a>, <a href=\"http:\/\/bloggar.se\/om\/Kilimanjaro\" rel=\"tag\">Kilimanjaro<\/a><\/p>\n","protected":false},"excerpt":{"rendered":"<p>Sn\u00f6n p\u00e5 Kilimanjaro Betyg 5 Regi: Robert Gu\u00e9diguian Sverigepremi\u00e4r 30 mars 2012 Hamnarbetarna har samlats p\u00e5 kajen. De ska dra lott om vilka som m\u00e5ste bli avskedade. Tjugo av dem m\u00e5ste g\u00e5, det \u00e4r budet fr\u00e5n arbetsgivarna. Facket har d\u00e5 tillsammans med arbetarna best\u00e4mt att de dra lott. Namn efter namn dras. Inledningsscenen \u00e4r grym [&hellip;]<\/p>\n","protected":false},"author":2,"featured_media":52292,"comment_status":"open","ping_status":"open","sticky":false,"template":"","format":"standard","meta":{"_genesis_hide_title":false,"_genesis_hide_breadcrumbs":false,"_genesis_hide_singular_image":false,"_genesis_hide_footer_widgets":false,"_genesis_custom_body_class":"","_genesis_custom_post_class":"","_genesis_layout":"","footnotes":""},"categories":[50,51,16],"tags":[1633,1738,7722,7721,12286,5247],"class_list":{"0":"post-52288","1":"post","2":"type-post","3":"status-publish","4":"format-standard","5":"has-post-thumbnail","7":"category-filmfilm","8":"category-filmer","9":"category-recension","10":"tag-facket","11":"tag-filmrecension","12":"tag-kilimanjaro","13":"tag-robert-guediguian","14":"tag-film","15":"tag-solidaritet","16":"entry"},"_links":{"self":[{"href":"https:\/\/kulturbloggen.com\/index.php?rest_route=\/wp\/v2\/posts\/52288","targetHints":{"allow":["GET"]}}],"collection":[{"href":"https:\/\/kulturbloggen.com\/index.php?rest_route=\/wp\/v2\/posts"}],"about":[{"href":"https:\/\/kulturbloggen.com\/index.php?rest_route=\/wp\/v2\/types\/post"}],"author":[{"embeddable":true,"href":"https:\/\/kulturbloggen.com\/index.php?rest_route=\/wp\/v2\/users\/2"}],"replies":[{"embeddable":true,"href":"https:\/\/kulturbloggen.com\/index.php?rest_route=%2Fwp%2Fv2%2Fcomments&post=52288"}],"version-history":[{"count":4,"href":"https:\/\/kulturbloggen.com\/index.php?rest_route=\/wp\/v2\/posts\/52288\/revisions"}],"predecessor-version":[{"id":52295,"href":"https:\/\/kulturbloggen.com\/index.php?rest_route=\/wp\/v2\/posts\/52288\/revisions\/52295"}],"wp:featuredmedia":[{"embeddable":true,"href":"https:\/\/kulturbloggen.com\/index.php?rest_route=\/wp\/v2\/media\/52292"}],"wp:attachment":[{"href":"https:\/\/kulturbloggen.com\/index.php?rest_route=%2Fwp%2Fv2%2Fmedia&parent=52288"}],"wp:term":[{"taxonomy":"category","embeddable":true,"href":"https:\/\/kulturbloggen.com\/index.php?rest_route=%2Fwp%2Fv2%2Fcategories&post=52288"},{"taxonomy":"post_tag","embeddable":true,"href":"https:\/\/kulturbloggen.com\/index.php?rest_route=%2Fwp%2Fv2%2Ftags&post=52288"}],"curies":[{"name":"wp","href":"https:\/\/api.w.org\/{rel}","templated":true}]}}