{"id":52162,"date":"2012-03-31T23:35:58","date_gmt":"2012-03-31T21:35:58","guid":{"rendered":"http:\/\/kulturbloggen.com\/?p=52162"},"modified":"2012-03-31T23:50:15","modified_gmt":"2012-03-31T21:50:15","slug":"ett-arabiskt-vemod-en-modig-sjalvbiografisk-roman-om-att-ta-sig-vidare","status":"publish","type":"post","link":"https:\/\/kulturbloggen.com\/?p=52162","title":{"rendered":"Ett arabiskt vemod \u2013 en modig sj\u00e4lvbiografisk roman om att ta sig vidare"},"content":{"rendered":"<p><a href=\"http:\/\/www.adlibris.com\/se\/product.aspx?isbn=9186497154\" target=\"_blank\">Ett arabiskt vemod<\/a><br \/>\nF\u00f6rfattare: Abdellah Ta\u00efa<br \/>\nF\u00f6rlag: Elisabeth Grate Bokf\u00f6rlag<br \/>\nUtgiven: 201202<br \/>\nISBN 978-91-86497-15-6<\/p>\n<p>Abdellah Ta\u00efa \u00e4r Marockos f\u00f6rste \u00f6ppet homosexuella f\u00f6rfattare. <a href=\"http:\/\/www.bokus.com\/bok\/9789186497156\/ett-arabiskt-vemod\/\" target=\"_blank\">Ett arabiskt vemod<\/a> \u00e4r den f\u00f6rsta av hans b\u00f6cker som ges ut p\u00e5 svenska \u2013 vilken premi\u00e4r, att vi f\u00e5tt v\u00e4nta!<\/p>\n<p>Boken \u00e4r en vacker hyllning b\u00e5de till den grymhet och den k\u00e4rlek som kan uppst\u00e5 i livet. Den \u00e4r en sj\u00e4lvbiografisk roman och handlar om hur han sj\u00e4lv som en ung pojke r\u00e5kar ut f\u00f6r en traumatisk h\u00e4ndelse och hur han tar sig vidare i livet. Hur han g\u00f6r f\u00f6r att orka. Hur han k\u00e4mpar med relationer, med n\u00e4rhet till andra.<\/p>\n<p>\u201dJag var i mitt andra liv. Jag hade nyss m\u00f6tt d\u00f6den. Jag hade g\u00e5tt bort. Kommit tillbaka. Jag sprang. Jag sprang. Fort. Fort. Fort. Vart? Varf\u00f6r? Jag vet inte just nu. Jag minns inte allt. Jag minns egentligen ingenting just nu. Men det kommer tillbaka, det vet jag\u201d, \u00e4r inledningen till Abdellah Ta\u00efas bok.<\/p>\n<p>Hans spr\u00e5k \u00e4r enkelt men \u00e4nd\u00e5 v\u00e4ldigt k\u00e4nslosamt. Det \u00e4r som att f\u00e5 se glimtar av n\u00e5gons sj\u00e4l, att f\u00e5 komma under den d\u00e4r ytan vi alla har. Jag f\u00f6rs\u00f6ker dra mig till minnes n\u00e5gon svensk f\u00f6rfattare som skriver lika \u00f6ppet och k\u00e4mslosamt. Lika modigt. Men jag kommer inte p\u00e5 n\u00e5gon. Det st\u00e5r helt enkelt still just nu. Jag \u00e4r s\u00e5 f\u00e5ngad av vad jag nyss har l\u00e4st. Att j\u00e4mf\u00f6ra honom med f\u00f6rfattare som till exempel Marcus Birro eller Jonas Gardell k\u00e4nns helt enkelt inte r\u00e4ttvist, \u00e4ven om det finns vissa likheter i deras s\u00e4tt att skriva.<\/p>\n<p>Abdellah Ta\u00efa \u00e4r f\u00f6dd 1973 i Marocko, men lever numera i Paris. Hans f\u00f6rfattarspr\u00e5k \u00e4r franska. 2009 valdes han ut bland \u00f6ver 400 nominerade f\u00f6rfattare att vara en av de 39 b\u00e4sta arabiska f\u00f6rfattare i ett projekt kallat Beirut 39. Beirut 39 var huvudprojekt d\u00e5 Beirut var Unescos utvalda bokhuvudstad 2009.<\/p>\n<p>Jag hoppas att fler av hans b\u00f6cker blir \u00f6versatta till svenska s\u00e5 att fler kan ta del av hans verk, om inte annat blir det till att snabbt l\u00e4ra sig franska.<\/p>\n<p><strong>Text: Jenny Lagebj\u00f6rk<\/strong><\/p>\n","protected":false},"excerpt":{"rendered":"<p>Ett arabiskt vemod F\u00f6rfattare: Abdellah Ta\u00efa F\u00f6rlag: Elisabeth Grate Bokf\u00f6rlag Utgiven: 201202 ISBN 978-91-86497-15-6 Abdellah Ta\u00efa \u00e4r Marockos f\u00f6rste \u00f6ppet homosexuella f\u00f6rfattare. Ett arabiskt vemod \u00e4r den f\u00f6rsta av hans b\u00f6cker som ges ut p\u00e5 svenska \u2013 vilken premi\u00e4r, att vi f\u00e5tt v\u00e4nta! Boken \u00e4r en vacker hyllning b\u00e5de till den grymhet och den k\u00e4rlek [&hellip;]<\/p>\n","protected":false},"author":13,"featured_media":52163,"comment_status":"open","ping_status":"open","sticky":false,"template":"","format":"standard","meta":{"_genesis_hide_title":false,"_genesis_hide_breadcrumbs":false,"_genesis_hide_singular_image":false,"_genesis_hide_footer_widgets":false,"_genesis_custom_body_class":"","_genesis_custom_post_class":"","_genesis_layout":"","footnotes":""},"categories":[43,3,16],"tags":[3527,5092],"class_list":{"0":"post-52162","1":"post","2":"type-post","3":"status-publish","4":"format-standard","5":"has-post-thumbnail","7":"category-bokrecension","8":"category-litteratur","9":"category-recension","10":"tag-marocko","11":"tag-sjalvbiografi","12":"entry"},"_links":{"self":[{"href":"https:\/\/kulturbloggen.com\/index.php?rest_route=\/wp\/v2\/posts\/52162","targetHints":{"allow":["GET"]}}],"collection":[{"href":"https:\/\/kulturbloggen.com\/index.php?rest_route=\/wp\/v2\/posts"}],"about":[{"href":"https:\/\/kulturbloggen.com\/index.php?rest_route=\/wp\/v2\/types\/post"}],"author":[{"embeddable":true,"href":"https:\/\/kulturbloggen.com\/index.php?rest_route=\/wp\/v2\/users\/13"}],"replies":[{"embeddable":true,"href":"https:\/\/kulturbloggen.com\/index.php?rest_route=%2Fwp%2Fv2%2Fcomments&post=52162"}],"version-history":[{"count":4,"href":"https:\/\/kulturbloggen.com\/index.php?rest_route=\/wp\/v2\/posts\/52162\/revisions"}],"predecessor-version":[{"id":52166,"href":"https:\/\/kulturbloggen.com\/index.php?rest_route=\/wp\/v2\/posts\/52162\/revisions\/52166"}],"wp:featuredmedia":[{"embeddable":true,"href":"https:\/\/kulturbloggen.com\/index.php?rest_route=\/wp\/v2\/media\/52163"}],"wp:attachment":[{"href":"https:\/\/kulturbloggen.com\/index.php?rest_route=%2Fwp%2Fv2%2Fmedia&parent=52162"}],"wp:term":[{"taxonomy":"category","embeddable":true,"href":"https:\/\/kulturbloggen.com\/index.php?rest_route=%2Fwp%2Fv2%2Fcategories&post=52162"},{"taxonomy":"post_tag","embeddable":true,"href":"https:\/\/kulturbloggen.com\/index.php?rest_route=%2Fwp%2Fv2%2Ftags&post=52162"}],"curies":[{"name":"wp","href":"https:\/\/api.w.org\/{rel}","templated":true}]}}