{"id":51930,"date":"2012-03-28T10:11:27","date_gmt":"2012-03-28T09:11:27","guid":{"rendered":"http:\/\/kulturbloggen.com\/?p=51930"},"modified":"2012-03-28T10:16:58","modified_gmt":"2012-03-28T09:16:58","slug":"krunegard-jonathan-johansson-och-albin-gromer-till-peace-love","status":"publish","type":"post","link":"https:\/\/kulturbloggen.com\/?p=51930","title":{"rendered":"Kruneg\u00e5rd, Jonathan Johansson och Albin Gromer till Peace &#038; Love"},"content":{"rendered":"<p>Markus Kruneg\u00e5rd, Jonathan Johansson och Albin Gromer ansluter nu till Peace &#038; Love, ber\u00e4ttar ett pressmeddelande:<\/p>\n<p>Kruneg\u00e5rd sl\u00e4pper idag (28 mars 2012) sitt nya album och g\u00f6r ett k\u00e4rt \u00e5terbes\u00f6k, likas\u00e5 Jonathan Johansson. Dessutom g\u00f6r det senaste stj\u00e4rnskottet p\u00e5 den svenska soulhimlen, Albin Gromer, debut p\u00e5 festivalen.<br \/>\nPeace &#038; Love \u00e4ger rum den 26-30 juni i Borl\u00e4nge. \u00c5rets tema \u00e4r En Ny V\u00e4rld.<\/p>\n<p>\u2013 Ett riktigt fint g\u00e4ng artister ansluter nu. Albin Gromer \u00e4r gl\u00f6dhet just nu och var v\u00e4ldigt ivrig redan f\u00f6rra veckan att ber\u00e4tta att han ska spela p\u00e5 Peace &#038; Love i sommar. Den h\u00e4r veckan bekr\u00e4ftar \u00e4ven vi detta faktum, skrattar presschef Ronny Mattsson.<\/p>\n<p>Prinsen av Peking g\u00f6r \u00e4ntligen ett \u00e5terbes\u00f6k p\u00e5 Peace &#038; Love och Love. Markus Kruneg\u00e5rd \u00e4r tillbaka p\u00e5 allvar med nytt album och popenergi som r\u00e4cker och blir \u00f6ver. I sommar ger han sig ut p\u00e5 v\u00e4garna och ett stopp p\u00e5 v\u00e4gen Borl\u00e4nge. Markus bes\u00f6kte festivalen ifjol n\u00e4r han spelade med Serenades, men nu \u00e4r det i ensamt majest\u00e4t han st\u00e4ller sig p\u00e5 scenen.<\/p>\n<p>Det \u00e4r sv\u00e5rt att ha kunnat undg\u00e5 Jonathan Johansson den senaste vintern. Senaste skivan Klagomuren blev en fantastisk uppf\u00f6ljare till den hyllade debuten En hand i himlen och framg\u00e5ngssagan har bara b\u00f6rjat.<\/p>\n<p>Det var inte m\u00e5nga som hade h\u00f6rt talas om Albin Gromer innan han framf\u00f6rde l\u00e5ten \u201dH\u00e4rinne hos mig\u201d p\u00e5 P3 Guld-galan i januari 2011. Men efter galan viskades det \u00f6verallt om hur hans framtr\u00e4dande var det \u00f6verl\u00e4gset b\u00e4sta. I hemstaden Malm\u00f6 hade snacket l\u00e4nge surrat om den unge souls\u00e5ngarens suggestiva mix av elektronisk r&#8217;n&#8217;b och vemodiga texter p\u00e5 svenska. Och efter P3 Guld h\u00e4ngde snart resten av landet p\u00e5. Idag kan vi bara konstatera att Albin Gromer \u00e4r ett av v\u00e5ra allra starkast lysande stj\u00e4rnskott, en soulrenn\u00e4sans p\u00e5 svenska skulle man ocks\u00e5 kunna kalla det.<\/p>\n<p>Mer info om Peace &#038; Love finns p\u00e5 <a href=\"http:\/\/www.peaceandlove.se\">www.peaceandlove.se<\/a><\/p>\n<p>L\u00e4s \u00e4ven andra bloggares \u00e5sikter om <a href=\"http:\/\/bloggar.se\/om\/musik\" rel=\"tag\">musik<\/a>, <a href=\"http:\/\/bloggar.se\/om\/Peace+%26+love\" rel=\"tag\">Peace &#038; love<\/a>, <a href=\"http:\/\/bloggar.se\/om\/musikfestival\" rel=\"tag\">musikfestival<\/a>, <a href=\"http:\/\/bloggar.se\/om\/Markus+Kruneg%E5rd\" rel=\"tag\">Markus Kruneg\u00e5rd<\/a>, <a href=\"http:\/\/bloggar.se\/om\/Albin+Gromer\" rel=\"tag\">Albin Gromer<\/a><\/p>\n","protected":false},"excerpt":{"rendered":"<p>Markus Kruneg\u00e5rd, Jonathan Johansson och Albin Gromer ansluter nu till Peace &#038; Love, ber\u00e4ttar ett pressmeddelande: Kruneg\u00e5rd sl\u00e4pper idag (28 mars 2012) sitt nya album och g\u00f6r ett k\u00e4rt \u00e5terbes\u00f6k, likas\u00e5 Jonathan Johansson. Dessutom g\u00f6r det senaste stj\u00e4rnskottet p\u00e5 den svenska soulhimlen, Albin Gromer, debut p\u00e5 festivalen. Peace &#038; Love \u00e4ger rum den 26-30 juni [&hellip;]<\/p>\n","protected":false},"author":13,"featured_media":51935,"comment_status":"open","ping_status":"open","sticky":false,"template":"","format":"standard","meta":{"_genesis_hide_title":false,"_genesis_hide_breadcrumbs":false,"_genesis_hide_singular_image":false,"_genesis_hide_footer_widgets":false,"_genesis_custom_body_class":"","_genesis_custom_post_class":"","_genesis_layout":"","footnotes":""},"categories":[7],"tags":[7071,3526,12282,3844,4290],"class_list":{"0":"post-51930","1":"post","2":"type-post","3":"status-publish","4":"format-standard","5":"has-post-thumbnail","7":"category-musik","8":"tag-albin-gromer","9":"tag-markus-krunegard","10":"tag-musik","11":"tag-musikfestival","12":"tag-peace-love","13":"entry"},"_links":{"self":[{"href":"https:\/\/kulturbloggen.com\/index.php?rest_route=\/wp\/v2\/posts\/51930","targetHints":{"allow":["GET"]}}],"collection":[{"href":"https:\/\/kulturbloggen.com\/index.php?rest_route=\/wp\/v2\/posts"}],"about":[{"href":"https:\/\/kulturbloggen.com\/index.php?rest_route=\/wp\/v2\/types\/post"}],"author":[{"embeddable":true,"href":"https:\/\/kulturbloggen.com\/index.php?rest_route=\/wp\/v2\/users\/13"}],"replies":[{"embeddable":true,"href":"https:\/\/kulturbloggen.com\/index.php?rest_route=%2Fwp%2Fv2%2Fcomments&post=51930"}],"version-history":[{"count":4,"href":"https:\/\/kulturbloggen.com\/index.php?rest_route=\/wp\/v2\/posts\/51930\/revisions"}],"predecessor-version":[{"id":51934,"href":"https:\/\/kulturbloggen.com\/index.php?rest_route=\/wp\/v2\/posts\/51930\/revisions\/51934"}],"wp:featuredmedia":[{"embeddable":true,"href":"https:\/\/kulturbloggen.com\/index.php?rest_route=\/wp\/v2\/media\/51935"}],"wp:attachment":[{"href":"https:\/\/kulturbloggen.com\/index.php?rest_route=%2Fwp%2Fv2%2Fmedia&parent=51930"}],"wp:term":[{"taxonomy":"category","embeddable":true,"href":"https:\/\/kulturbloggen.com\/index.php?rest_route=%2Fwp%2Fv2%2Fcategories&post=51930"},{"taxonomy":"post_tag","embeddable":true,"href":"https:\/\/kulturbloggen.com\/index.php?rest_route=%2Fwp%2Fv2%2Ftags&post=51930"}],"curies":[{"name":"wp","href":"https:\/\/api.w.org\/{rel}","templated":true}]}}