{"id":51666,"date":"2012-03-24T09:22:03","date_gmt":"2012-03-24T08:22:03","guid":{"rendered":"http:\/\/kulturbloggen.com\/?p=51666"},"modified":"2012-03-24T10:26:08","modified_gmt":"2012-03-24T09:26:08","slug":"stockholmsfotografier-en-personlig-historia-om-huvudstaden","status":"publish","type":"post","link":"https:\/\/kulturbloggen.com\/?p=51666","title":{"rendered":"Stockholmsfotografier \u2013 en personlig historia om huvudstaden"},"content":{"rendered":"<p>I veckan var det releasefest p\u00e5 Stockholms stadsmuseum f\u00f6r boken Stockholmsfotografier av Ann-Sofi Forsmark. F\u00f6rfattaren \u00e4r konstvetare och avdelningschef p\u00e5 Stockholms stadsarkiv och var mellan 2006 och 2011 chef f\u00f6r Stockholms stadsmuseums fotografisamlingar. Boken \u00e4r en fotografihistoria med \u00f6ver 200 fotografier. Den inneh\u00e5ller s\u00e5v\u00e4l fotografier som skildrar historiska f\u00f6r\u00e4ndringar i staden som portr\u00e4ttfoton och pressbilder. <\/p>\n<p>Ann-Sofi Forsmark ber\u00e4ttar att bakgrunden till Stockholmsfotografier var att hon uppt\u00e4ckte att det inte fanns n\u00e5gon liknande bok. Hon understryker dock att det h\u00e4r \u00e4r hennes fotografihistoria med hennes personliga urval ur Stadsmuseets digra fotosamlingar.<\/p>\n<p>Stockholmia f\u00f6rlag ber\u00e4ttar:<\/p>\n<blockquote><p>Stockholms stadsmuseum har en av landets st\u00f6rre historiska fotografisamlingar. Professionella fotografer, h\u00e4ngivna amat\u00f6rer och inte minst museets egna anst\u00e4llda dokumentationsfotografer har i 160 \u00e5r bidragit till att samlingen idag omfattar mer \u00e4n 3,5 miljoner bilder. Ber\u00f6mda portr\u00e4tt- och pressfotografers verk ligger hylla vid hylla med medborgarnas egna bilder av sin \u00e4lskade stad. H\u00e4r finns allt fr\u00e5n 1840-talets f\u00f6rsta fotografiska stadsvyer till digitalt f\u00e5ngade samtidsbilder och portr\u00e4tt av k\u00e4nda och ok\u00e4nda stockholmare.<\/p>\n<p>Stockholmsfotografer ger en ing\u00e5ng till och perspektiv p\u00e5 hur Stockholms stadsmuseum samlat stadens visuella historia. Vilken roll kan bilden ha f\u00f6r f\u00f6rst\u00e5elsen av stadens omvandling och av de m\u00e4nniskor och verksamheter som funnits, och finns, d\u00e4r? Fotografierna kommer bland annat fr\u00e5n Kasper Salin och Lennart af Petersens stadsdokumentationer, Henry B. Goodwins och Jan De Meyeres portr\u00e4ttatelj\u00e9er samt fr\u00e5n Svenska Dagbladets och Aftonbladets pressbildsamlingar. Boken ger \u00e4ven en inblick i den fototekniska historien.<\/p><\/blockquote>\n<p>Efter en snabb genombl\u00e4ddring kan jag s\u00e4ga att jag tror att det \u00e4r en bok som kommer att tilltala allt fr\u00e5n fotoentusiaster till historiskt intresserade, Stockholmsfantaster och andra. Stockholmsfotografier kan b\u00e5de vara en bl\u00e4dderbok f\u00f6r soffbordet och en bok som man l\u00e4ser fr\u00e5n p\u00e4rm till p\u00e4rm<\/p>\n<p>Stockholmsfotografier<br \/>\nF\u00f6rfattare: Ann-Sofi Forsmark<br \/>\nF\u00f6rlag: Stockholmia f\u00f6rlag<br \/>\nUtgiven 201203<br \/>\nISBN 978-91-7031-239-7<\/p>\n<p>L\u00e4s mer p\u00e5 <a href=\"http:\/\/www.stockholmia.stockholm.se\/press.php?artikel=63\" title=\"http:\/\/\" target=\"_blank\">Stockholmia<\/a> f\u00f6rlags hemsida.<\/p>\n<p>L\u00e4s \u00e4ven andra bloggares \u00e5sikter om <a href=\"http:\/\/bloggar.se\/om\/fotografier\" rel=\"tag\">fotografier<\/a>, <a href=\"http:\/\/bloggar.se\/om\/fotobok\" rel=\"tag\">fotobok<\/a>, <a href=\"http:\/\/bloggar.se\/om\/Stockholm\" rel=\"tag\">Stockholm<\/a>, <a href=\"http:\/\/bloggar.se\/om\/Stockholms+stadsmuseum\" rel=\"tag\">Stockholms stadsmuseum<\/a><\/p>\n","protected":false},"excerpt":{"rendered":"<p>I veckan var det releasefest p\u00e5 Stockholms stadsmuseum f\u00f6r boken Stockholmsfotografier av Ann-Sofi Forsmark. F\u00f6rfattaren \u00e4r konstvetare och avdelningschef p\u00e5 Stockholms stadsarkiv och var mellan 2006 och 2011 chef f\u00f6r Stockholms stadsmuseums fotografisamlingar. Boken \u00e4r en fotografihistoria med \u00f6ver 200 fotografier. Den inneh\u00e5ller s\u00e5v\u00e4l fotografier som skildrar historiska f\u00f6r\u00e4ndringar i staden som portr\u00e4ttfoton och pressbilder. [&hellip;]<\/p>\n","protected":false},"author":13,"featured_media":51668,"comment_status":"open","ping_status":"open","sticky":false,"template":"","format":"standard","meta":{"_genesis_hide_title":false,"_genesis_hide_breadcrumbs":false,"_genesis_hide_singular_image":false,"_genesis_hide_footer_widgets":false,"_genesis_custom_body_class":"","_genesis_custom_post_class":"","_genesis_layout":"","footnotes":""},"categories":[43,3,16],"tags":[7636,7637],"class_list":{"0":"post-51666","1":"post","2":"type-post","3":"status-publish","4":"format-standard","5":"has-post-thumbnail","7":"category-bokrecension","8":"category-litteratur","9":"category-recension","10":"tag-fotografier","11":"tag-stockholms-stadsmuseum","12":"entry"},"_links":{"self":[{"href":"https:\/\/kulturbloggen.com\/index.php?rest_route=\/wp\/v2\/posts\/51666","targetHints":{"allow":["GET"]}}],"collection":[{"href":"https:\/\/kulturbloggen.com\/index.php?rest_route=\/wp\/v2\/posts"}],"about":[{"href":"https:\/\/kulturbloggen.com\/index.php?rest_route=\/wp\/v2\/types\/post"}],"author":[{"embeddable":true,"href":"https:\/\/kulturbloggen.com\/index.php?rest_route=\/wp\/v2\/users\/13"}],"replies":[{"embeddable":true,"href":"https:\/\/kulturbloggen.com\/index.php?rest_route=%2Fwp%2Fv2%2Fcomments&post=51666"}],"version-history":[{"count":4,"href":"https:\/\/kulturbloggen.com\/index.php?rest_route=\/wp\/v2\/posts\/51666\/revisions"}],"predecessor-version":[{"id":51672,"href":"https:\/\/kulturbloggen.com\/index.php?rest_route=\/wp\/v2\/posts\/51666\/revisions\/51672"}],"wp:featuredmedia":[{"embeddable":true,"href":"https:\/\/kulturbloggen.com\/index.php?rest_route=\/wp\/v2\/media\/51668"}],"wp:attachment":[{"href":"https:\/\/kulturbloggen.com\/index.php?rest_route=%2Fwp%2Fv2%2Fmedia&parent=51666"}],"wp:term":[{"taxonomy":"category","embeddable":true,"href":"https:\/\/kulturbloggen.com\/index.php?rest_route=%2Fwp%2Fv2%2Fcategories&post=51666"},{"taxonomy":"post_tag","embeddable":true,"href":"https:\/\/kulturbloggen.com\/index.php?rest_route=%2Fwp%2Fv2%2Ftags&post=51666"}],"curies":[{"name":"wp","href":"https:\/\/api.w.org\/{rel}","templated":true}]}}