{"id":51305,"date":"2012-03-19T16:16:09","date_gmt":"2012-03-19T15:16:09","guid":{"rendered":"http:\/\/kulturbloggen.com\/?p=51305"},"modified":"2012-03-19T16:16:09","modified_gmt":"2012-03-19T15:16:09","slug":"nu-kan-du-lyssna-pa-adrian-lux-och-jocke-berg-men-bara-om-du-gillar-hans-sida-i-facebook","status":"publish","type":"post","link":"https:\/\/kulturbloggen.com\/?p=51305","title":{"rendered":"Nu kan du lyssna p\u00e5 Adrian Lux och Jocke Berg, men bara om du gillar hans sida i Facebook"},"content":{"rendered":"<p><a href=\"http:\/\/www.mynewsdesk.com\/se\/pressroom\/universalmusic\/pressrelease\/view\/exklusiv-foerhandslyssning-paa-all-i-ever-wanted-adrian-lux-samarbete-med-kents-jocke-berg-paa-adrian-lux-facebooksida-743001\">Adrian Lux snart albumaktuell<\/a> &#8211; sl\u00e4pper l\u00e5t med Jocke Berg fr\u00e5n Kent f\u00f6r Facebook-fans<\/p>\n<p>Den 4:e april sl\u00e4pper producenten, DJn och artisten Adrian Lux sitt sj\u00e4lvbetitlade debutalbum p\u00e5 Svenska inspelningar\/Universal, med bland annat tidigare hitsinglar som \u201dTeenage Crime\u201d, \u201dBoy\u201d och \u201dAlive\u201d. Flera andra sp\u00e5r medf\u00f6ljer ocks\u00e5, bland annat med g\u00e4startister som Rebecca &#038; Fiona, Dante och Lune. Men det stannar inte d\u00e4r. Jocke Berg fr\u00e5n rockbandet Kent medverkar n\u00e4mligen ocks\u00e5, p\u00e5 sp\u00e5ret \u201dAll I Ever Wanted\u201d, som sl\u00e4pps om ett par veckor men som som redan nu g\u00e5r att smyglyssna p\u00e5 f\u00f6r Adrian Lux-fans p\u00e5 Facebook.<\/p>\n<p>Tyv\u00e4rr \u00e4r det lite luriga och enda s\u00e4ttet att f\u00e5 lyssna p\u00e5 den \u00e4r att du m\u00e5ste gilla hans sida p\u00e5 Facebook. S\u00e5nt \u00e4r lite l\u00f6jligt.<\/p>\n<p><a href=\"https:\/\/www.facebook.com\/adrian.lux.music?sk=app_178091127385\">F\u00f6r mer information kan ni klicka h\u00e4r.<\/a> <\/p>\n<p>L\u00e4s \u00e4ven andra bloggares \u00e5sikter om <a href=\"http:\/\/bloggar.se\/om\/l%F6jligt\" rel=\"tag\">l\u00f6jligt<\/a>, <a href=\"http:\/\/bloggar.se\/om\/Adrian+Lux\" rel=\"tag\">Adrian Lux<\/a>, <a href=\"http:\/\/bloggar.se\/om\/Jocke+Berg\" rel=\"tag\">Jocke Berg<\/a>, <a href=\"http:\/\/bloggar.se\/om\/Facebook\" rel=\"tag\">Facebook<\/a>, <a href=\"http:\/\/bloggar.se\/om\/gillatv%E5ng\" rel=\"tag\">gillatv\u00e5ng<\/a><\/p>\n","protected":false},"excerpt":{"rendered":"<p>Adrian Lux snart albumaktuell &#8211; sl\u00e4pper l\u00e5t med Jocke Berg fr\u00e5n Kent f\u00f6r Facebook-fans Den 4:e april sl\u00e4pper producenten, DJn och artisten Adrian Lux sitt sj\u00e4lvbetitlade debutalbum p\u00e5 Svenska inspelningar\/Universal, med bland annat tidigare hitsinglar som \u201dTeenage Crime\u201d, \u201dBoy\u201d och \u201dAlive\u201d. Flera andra sp\u00e5r medf\u00f6ljer ocks\u00e5, bland annat med g\u00e4startister som Rebecca &#038; Fiona, Dante [&hellip;]<\/p>\n","protected":false},"author":2,"featured_media":51306,"comment_status":"open","ping_status":"open","sticky":false,"template":"","format":"standard","meta":{"_genesis_hide_title":false,"_genesis_hide_breadcrumbs":false,"_genesis_hide_singular_image":false,"_genesis_hide_footer_widgets":false,"_genesis_custom_body_class":"","_genesis_custom_post_class":"","_genesis_layout":"","footnotes":""},"categories":[7],"tags":[7589,1626,7590,2688,7588],"class_list":{"0":"post-51305","1":"post","2":"type-post","3":"status-publish","4":"format-standard","5":"has-post-thumbnail","7":"category-musik","8":"tag-adrian-lux","9":"tag-facebook","10":"tag-gillatvang","11":"tag-jocke-berg","12":"tag-lojligt","13":"entry"},"_links":{"self":[{"href":"https:\/\/kulturbloggen.com\/index.php?rest_route=\/wp\/v2\/posts\/51305","targetHints":{"allow":["GET"]}}],"collection":[{"href":"https:\/\/kulturbloggen.com\/index.php?rest_route=\/wp\/v2\/posts"}],"about":[{"href":"https:\/\/kulturbloggen.com\/index.php?rest_route=\/wp\/v2\/types\/post"}],"author":[{"embeddable":true,"href":"https:\/\/kulturbloggen.com\/index.php?rest_route=\/wp\/v2\/users\/2"}],"replies":[{"embeddable":true,"href":"https:\/\/kulturbloggen.com\/index.php?rest_route=%2Fwp%2Fv2%2Fcomments&post=51305"}],"version-history":[{"count":1,"href":"https:\/\/kulturbloggen.com\/index.php?rest_route=\/wp\/v2\/posts\/51305\/revisions"}],"predecessor-version":[{"id":51307,"href":"https:\/\/kulturbloggen.com\/index.php?rest_route=\/wp\/v2\/posts\/51305\/revisions\/51307"}],"wp:featuredmedia":[{"embeddable":true,"href":"https:\/\/kulturbloggen.com\/index.php?rest_route=\/wp\/v2\/media\/51306"}],"wp:attachment":[{"href":"https:\/\/kulturbloggen.com\/index.php?rest_route=%2Fwp%2Fv2%2Fmedia&parent=51305"}],"wp:term":[{"taxonomy":"category","embeddable":true,"href":"https:\/\/kulturbloggen.com\/index.php?rest_route=%2Fwp%2Fv2%2Fcategories&post=51305"},{"taxonomy":"post_tag","embeddable":true,"href":"https:\/\/kulturbloggen.com\/index.php?rest_route=%2Fwp%2Fv2%2Ftags&post=51305"}],"curies":[{"name":"wp","href":"https:\/\/api.w.org\/{rel}","templated":true}]}}